{"id":681711,"date":"2026-01-22T15:59:10","date_gmt":"2026-01-22T15:59:10","guid":{"rendered":"https:\/\/www.europesays.com\/fr\/681711\/"},"modified":"2026-01-22T15:59:10","modified_gmt":"2026-01-22T15:59:10","slug":"paris-une-augmentation-de-lisolement-et-des-violences-envers-les-sans-abri","status":"publish","type":"post","link":"https:\/\/www.europesays.com\/fr\/681711\/","title":{"rendered":"Paris : Une augmentation de l\u2019isolement et des violences envers les sans-abri"},"content":{"rendered":"<p class=\"mb-4 text-lg md:leading-8 break-words\"><strong>Nuit de la solidarit\u00e9 &#8211; Pr\u00e8s de 2.000 b\u00e9n\u00e9voles et professionnels vont sillonner les rues de Paris et de la petite couronne pour comptabiliser le nombre de personnes sans-abri pour la 9e \u00e9dition de la Nuit de la solidarit\u00e9, ce jeudi<\/strong><\/p>\n<p class=\"mb-4 text-lg md:leading-8 break-words\"><strong><a href=\"https:\/\/www.20minutes.fr\/tv\/?at_medium=RSS%20feed&amp;at_campaign=ynews&amp;utm_source=yahoo&amp;utm_medium=rss&amp;utm_campaign=news_feed&amp;utm_content=in_article_link\" rel=\"nofollow noopener\" target=\"_blank\" data-ylk=\"slk:20 Minutes TV;elm:context_link;itc:0;sec:content-canvas\" class=\"link \">20 Minutes TV<\/a> propose ce jeudi de 20 heures \u00e0 22 heures une \u00e9mission sp\u00e9ciale Nuit de la Solidarit\u00e9 pr\u00e9par\u00e9e en partenariat avec la Mairie de Paris, la M\u00e9tropole Grand Paris et UNCCAS. Emission que vous pouvez suivre en direct sur 20 Minutes TV et en live sur notre site Internet <a href=\"https:\/\/www.20minutes.fr\/magazine\/handicap-mag\/?at_medium=RSS%20feed&amp;at_campaign=ynews&amp;utm_source=yahoo&amp;utm_medium=rss&amp;utm_campaign=news_feed&amp;utm_content=in_article_link\" rel=\"nofollow noopener\" target=\"_blank\" data-ylk=\"slk:20minutes.fr;elm:context_link;itc:0;sec:content-canvas\" class=\"link \">20minutes.fr<\/a>, sur les comptes <a href=\"https:\/\/www.facebook.com\/20minutes\/?locale=fr_FR&amp;at_medium=RSS%20feed&amp;at_campaign=ynews&amp;utm_source=yahoo&amp;utm_medium=rss&amp;utm_campaign=news_feed&amp;utm_content=in_article_link\" rel=\"nofollow noopener\" target=\"_blank\" data-ylk=\"slk:Facebook;elm:context_link;itc:0;sec:content-canvas\" class=\"link \">Facebook<\/a>, <a href=\"https:\/\/www.youtube.com\/channel\/UCD25QI36ly-8hWm9OPOz7aw?at_medium=RSS%20feed&amp;at_campaign=ynews&amp;utm_source=yahoo&amp;utm_medium=rss&amp;utm_campaign=news_feed&amp;utm_content=in_article_link\" rel=\"nofollow noopener\" target=\"_blank\" data-ylk=\"slk:YouTube;elm:context_link;itc:0;sec:content-canvas\" class=\"link \">YouTube<\/a> et <a href=\"https:\/\/www.tiktok.com\/@20minutesfrance?lang=fr&amp;at_medium=RSS%20feed&amp;at_campaign=ynews&amp;utm_source=yahoo&amp;utm_medium=rss&amp;utm_campaign=news_feed&amp;utm_content=in_article_link\" rel=\"nofollow noopener\" target=\"_blank\" data-ylk=\"slk:TikTok;elm:context_link;itc:0;sec:content-canvas\" class=\"link \">TikTok<\/a> de 20 Minutes.<\/strong><\/p>\n<p class=\"mb-4 text-lg md:leading-8 break-words\">Deux mille personnes de plus dans les rues de <a href=\"https:\/\/www.20minutes.fr\/paris\/?at_medium=RSS%20feed&amp;at_campaign=ynews&amp;utm_source=yahoo&amp;utm_medium=rss&amp;utm_campaign=news_feed&amp;utm_content=in_article_link\" rel=\"nofollow noopener\" target=\"_blank\" data-ylk=\"slk:Paris;elm:context_link;itc:0;sec:content-canvas\" class=\"link \">Paris<\/a> ce jeudi soir. Ces b\u00e9n\u00e9voles, membres d\u2019associations et professionnels, coordonn\u00e9s par l\u2019Union nationale des Centres communaux d\u2019action sociale (<a href=\"https:\/\/www.unccas.org\/?at_medium=RSS%20feed&amp;at_campaign=ynews&amp;utm_source=yahoo&amp;utm_medium=rss&amp;utm_campaign=news_feed&amp;utm_content=in_article_link\" rel=\"nofollow noopener\" target=\"_blank\" data-ylk=\"slk:UNCCAS;elm:context_link;itc:0;sec:content-canvas\" class=\"link \">UNCCAS<\/a>) vont sillonner les rues de la capitale et de la petite couronne \u00e0 l\u2019occasion de la 9e \u00e9dition de la <a href=\"https:\/\/www.paris.fr\/pages\/nuit-de-la-solidarite-2026-33001?at_medium=RSS%20feed&amp;at_campaign=ynews&amp;utm_source=yahoo&amp;utm_medium=rss&amp;utm_campaign=news_feed&amp;utm_content=in_article_link\" rel=\"nofollow noopener\" target=\"_blank\" data-ylk=\"slk:Nuit de la Solidarit\u00e9;elm:context_link;itc:0;sec:content-canvas\" class=\"link \">Nuit de la Solidarit\u00e9<\/a>. Cr\u00e9\u00e9e en\u00a02018, cette op\u00e9ration, organis\u00e9e par la Ville de Paris et la <a href=\"https:\/\/www.20minutes.fr\/dossier\/grand_paris?at_medium=RSS%20feed&amp;at_campaign=ynews&amp;utm_source=yahoo&amp;utm_medium=rss&amp;utm_campaign=news_feed&amp;utm_content=in_article_link\" rel=\"nofollow noopener\" target=\"_blank\" data-ylk=\"slk:m\u00e9tropole du Grand Paris;elm:context_link;itc:0;sec:content-canvas\" class=\"link \">m\u00e9tropole du Grand Paris<\/a>, a pour objectif de compter le nombre de <a href=\"https:\/\/www.20minutes.fr\/dossier\/sdf?at_medium=RSS%20feed&amp;at_campaign=ynews&amp;utm_source=yahoo&amp;utm_medium=rss&amp;utm_campaign=news_feed&amp;utm_content=in_article_link\" rel=\"nofollow noopener\" target=\"_blank\" data-ylk=\"slk:personnes sans-abri;elm:context_link;itc:0;sec:content-canvas\" class=\"link \">personnes sans-abri<\/a> afin de conna\u00eetre leurs profils et leurs besoins dans le but d&rsquo;\u00ab\u00a0adapter les politiques publiques\u00a0\u00bb.<\/p>\n<p class=\"mb-4 text-lg md:leading-8 break-words\">Malgr\u00e9 la \u00ab\u00a0promesse\u00a0\u00bb <a href=\"https:\/\/www.20minutes.fr\/politique\/2436007-20190125-emmanuel-macron-vraiment-promis-plus-sdf-france-fin-2017?at_medium=RSS%20feed&amp;at_campaign=ynews&amp;utm_source=yahoo&amp;utm_medium=rss&amp;utm_campaign=news_feed&amp;utm_content=in_article_link\" rel=\"nofollow noopener\" target=\"_blank\" data-ylk=\"slk:d\u2019Emmanuel Macron en\u00a02017;elm:context_link;itc:0;sec:content-canvas\" class=\"link \">d\u2019Emmanuel Macron en\u00a02017<\/a>, 3.507 personnes sans-abri \u00e0 Paris ont \u00e9t\u00e9 d\u00e9compt\u00e9es lors de la nuit du 23 au 24\u00a0janvier 2025. <a href=\"https:\/\/www.paris.fr\/pages\/nuit-de-la-solidarite-2025-29561?at_medium=RSS%20feed&amp;at_campaign=ynews&amp;utm_source=yahoo&amp;utm_medium=rss&amp;utm_campaign=news_feed&amp;utm_content=in_article_link\" rel=\"nofollow noopener\" target=\"_blank\" data-ylk=\"slk:Un chiffre en augmentation par rapport \u00e0\u00a02018;elm:context_link;itc:0;sec:content-canvas\" class=\"link \">Un chiffre en augmentation par rapport \u00e0\u00a02018<\/a> (3.035). \u00c0 l\u2019exception de la parenth\u00e8se \u00ab\u00a0Covid-19\u00a0\u00bb, durant laquelle de nombreux h\u00f4tels avaient \u00e9t\u00e9 transform\u00e9s en h\u00e9bergements, ce chiffre est en constante augmentation \u00e0 Paris ou dans les trente communes de la proche banlieue participant \u00e0 l\u2019op\u00e9ration en\u00a02025 (768).<\/p>\n<p>Grande vari\u00e9t\u00e9 de profils<\/p>\n<p class=\"mb-4 text-lg md:leading-8 break-words\">Selon Emilie Moreau, urbaniste et directrice des \u00e9tudes pour l\u2019Apur, et Cle(&#8230;)<\/p>\n<p class=\"mb-4 text-lg md:leading-8 break-words\"><a href=\"https:\/\/www.20minutes.fr\/societe\/4197272-20260122-paris-augmentation-isolement-violences-envers-abri?at_medium=RSS%20feed&amp;at_campaign=ynews&amp;utm_source=yahoo&amp;utm_medium=rss&amp;utm_campaign=news_feed&amp;utm_content=read_more_link&quot;\" rel=\"nofollow noopener\" target=\"_blank\" data-ylk=\"slk:Lire la suite sur 20minutes;elm:context_link;itc:0;sec:content-canvas\" class=\"link \">Lire la suite sur 20minutes<\/a><\/p>\n<p>\u00c0 lire aussi :<br \/><a href=\"https:\/\/www.20minutes.fr\/faits_divers\/4193555-20251229-paris-homme-retrouve-mort-probablement-cause-froid?at_medium=RSS%20feed&amp;at_campaign=ynews&amp;utm_source=yahoo&amp;utm_medium=rss&amp;utm_campaign=news_feed&amp;utm_content=related_content_link\" rel=\"nofollow noopener\" target=\"_blank\" data-ylk=\"slk:Paris\u00a0: Un homme retrouv\u00e9 mort, probablement \u00e0 cause du froid;elm:context_link;itc:0;sec:content-canvas\" class=\"link \">Paris\u00a0: Un homme retrouv\u00e9 mort, probablement \u00e0 cause du froid<\/a><br \/><a href=\"https:\/\/www.20minutes.fr\/societe\/4185339-20251113-lyon-cave-parking-quand-rien-peut-accepter-importe-quoi-toit-confie-abla-mal-logement?at_medium=RSS%20feed&amp;at_campaign=ynews&amp;utm_source=yahoo&amp;utm_medium=rss&amp;utm_campaign=news_feed&amp;utm_content=related_content_link\" rel=\"nofollow noopener\" target=\"_blank\" data-ylk=\"slk:Lyon\u00a0: \u00ab\u00a0Cave, parking\u2026 Quand on n\u2019a rien, on peut accepter n\u2019importe quoi pour un toit\u00a0\u00bb, confie Abla, en mal-logement;elm:context_link;itc:0;sec:content-canvas\" class=\"link \">Lyon\u00a0: \u00ab\u00a0Cave, parking\u2026 Quand on n\u2019a rien, on peut accepter n\u2019importe quoi pour un toit\u00a0\u00bb, confie Abla, en mal-logement<\/a><\/p>\n<p><script async src=\"\/\/www.tiktok.com\/embed.js\"><\/script><\/p>\n","protected":false},"excerpt":{"rendered":"Nuit de la solidarit\u00e9 &#8211; Pr\u00e8s de 2.000 b\u00e9n\u00e9voles et professionnels vont sillonner les rues de Paris et&hellip;\n","protected":false},"author":2,"featured_media":681712,"comment_status":"","ping_status":"","sticky":false,"template":"","format":"standard","meta":{"footnotes":""},"categories":[1888],"tags":[1111,1928,11,1927,1777,674,1011,27,2381,12,1926,626,1925,25,3400,77902],"class_list":{"0":"post-681711","1":"post","2":"type-post","3":"status-publish","4":"format-standard","5":"has-post-thumbnail","7":"category-paris","8":"tag-actu","9":"tag-actu-paris","10":"tag-actualites","11":"tag-actualites-paris","12":"tag-eu","13":"tag-europe","14":"tag-fr","15":"tag-france","16":"tag-mairie-de-paris","17":"tag-news","18":"tag-news-paris","19":"tag-paris","20":"tag-paris-news","21":"tag-republique-francaise","22":"tag-solidarite","23":"tag-unccas"},"share_on_mastodon":{"url":"https:\/\/pubeurope.com\/@fr\/115939584531325646","error":""},"_links":{"self":[{"href":"https:\/\/www.europesays.com\/fr\/wp-json\/wp\/v2\/posts\/681711","targetHints":{"allow":["GET"]}}],"collection":[{"href":"https:\/\/www.europesays.com\/fr\/wp-json\/wp\/v2\/posts"}],"about":[{"href":"https:\/\/www.europesays.com\/fr\/wp-json\/wp\/v2\/types\/post"}],"author":[{"embeddable":true,"href":"https:\/\/www.europesays.com\/fr\/wp-json\/wp\/v2\/users\/2"}],"replies":[{"embeddable":true,"href":"https:\/\/www.europesays.com\/fr\/wp-json\/wp\/v2\/comments?post=681711"}],"version-history":[{"count":0,"href":"https:\/\/www.europesays.com\/fr\/wp-json\/wp\/v2\/posts\/681711\/revisions"}],"wp:featuredmedia":[{"embeddable":true,"href":"https:\/\/www.europesays.com\/fr\/wp-json\/wp\/v2\/media\/681712"}],"wp:attachment":[{"href":"https:\/\/www.europesays.com\/fr\/wp-json\/wp\/v2\/media?parent=681711"}],"wp:term":[{"taxonomy":"category","embeddable":true,"href":"https:\/\/www.europesays.com\/fr\/wp-json\/wp\/v2\/categories?post=681711"},{"taxonomy":"post_tag","embeddable":true,"href":"https:\/\/www.europesays.com\/fr\/wp-json\/wp\/v2\/tags?post=681711"}],"curies":[{"name":"wp","href":"https:\/\/api.w.org\/{rel}","templated":true}]}}