{"id":681735,"date":"2026-01-22T16:11:19","date_gmt":"2026-01-22T16:11:19","guid":{"rendered":"https:\/\/www.europesays.com\/fr\/681735\/"},"modified":"2026-01-22T16:11:19","modified_gmt":"2026-01-22T16:11:19","slug":"vers-des-deserts-bancaires-en-france-les-fermetures-dagence-se-multiplient-en-zone-rurale-une-greve-nationale-au-credit-agricole","status":"publish","type":"post","link":"https:\/\/www.europesays.com\/fr\/681735\/","title":{"rendered":"Vers des d\u00e9serts bancaires en France ? Les fermetures d&rsquo;agence se multiplient en zone rurale, une gr\u00e8ve nationale au Cr\u00e9dit Agricole"},"content":{"rendered":"<p class=\"article-p mdl\">La Soci\u00e9t\u00e9 G\u00e9n\u00e9rale va supprimer 1.800 postes d&rsquo;ici \u00e0 2027. Selon la direction, il ne s&rsquo;agit pas de licenciement mais de d\u00e9parts qui ne seront pas remplac\u00e9s. Du c\u00f4t\u00e9 du Cr\u00e9dit Agricole, plusieurs syndicats ont appel\u00e9 les salari\u00e9s \u00e0 cesser le travail pendant au moins deux heures ce jeudi 22 janvier. Ils protestent contre les fermetures d&rsquo;agences qui se multiplient, notamment en zone rurale.\u00a0<\/p>\n<p class=\"article-p mdl\">Illustration \u00e0\u00a0Ecueill\u00e9, dans l&rsquo;Indre, o\u00f9\u00a0<a class=\"link\" href=\"https:\/\/www.rtl.fr\/actu\/international\/je-ne-suis-pas-inquiete-mais-en-alerte-sur-rtl-la-presidente-de-la-bce-christine-lagarde-pointe-le-degre-d-incertitude-cree-par-donald-trump-7900591419\" target=\"_blank\" rel=\"noopener\">l&rsquo;agence bancaire<\/a>\u00a0doit fermer d\u00e9finitivement ce vendredi au grand dam des 1.200 habitants de la commune. \u00ab\u00a0Je suis d\u00e9\u00e7ue. Je venais toutes les semaines s&rsquo;il fallait. Pour les comptes, pour tout\u00a0\u00bb, regrette Th\u00e9r\u00e8se, 84 ans, au micro de RTL.\u00a0<\/p>\n<p class=\"article-p mdl\">\u00ab\u00a0Au niveau national, il y a plusieurs centaines d&rsquo;agences qui ont ferm\u00e9. C&rsquo;est 3% des agences qui ferment tous les ans. C&rsquo;est le cas chez nos confr\u00e8res de\u00a0<a class=\"link\" href=\"https:\/\/www.rtl.fr\/actu\/economie-consommation\/societe-generale-annonce-prevoir-1-800-suppressions-de-postes-en-france-d-ici-2027-sans-plan-de-departs-7900591815\" target=\"_blank\" rel=\"noopener\">la Soci\u00e9t\u00e9 G\u00e9n\u00e9rale<\/a>, du Cr\u00e9dit Mutuel mais c&rsquo;est \u00e9galement le cas au Cr\u00e9dit Agricole\u00a0\u00bb, explique Samuel Mathieu, pr\u00e9sident national du Sneca (Syndicat national de l\u2019entreprise Cr\u00e9dit Agricole), dans RTL Midi.<\/p>\n<p>            \u00ab\u00a0Les banques poussent les clients \u00e0 venir de moins en moins en agence\u00a0\u00bb<\/p>\n<p class=\"article-p mdl\">Selon Samuel Mathieu, ces fermetures s&rsquo;expliquent par le manque de clients physique au sein des agences. \u00ab\u00a0Aujourd&rsquo;hui,\u00a0<a class=\"link\" href=\"https:\/\/www.rtl.fr\/actu\/economie-consommation\/partir-de-dimanche-un-quart-des-francais-seront-a-decouvert-sur-leur-compte-en-banque-7900589329\" target=\"_blank\" rel=\"noopener\">les clients viennent de moins en moins en agence<\/a>\u00a0rencontrer leurs conseillers\u00a0\u00bb.<\/p>\n<p class=\"article-p mdl\">Le pr\u00e9sident national du Sneca met aussi d&rsquo;autres raisons en avant, notamment \u00ab\u00a0l&rsquo;organisation\u00a0\u00bb. \u00ab\u00a0Les coll\u00e8gues ne peuvent quasiment pas faire de t\u00e9l\u00e9travail. Lorsqu&rsquo;ils sont en cong\u00e9, si jamais ils sont 3, il n&rsquo;y en a plus que 2 pour tenir l&rsquo;agence. Il suffit qu&rsquo;il y en ait un qui tombe malade, c&rsquo;est tr\u00e8s tr\u00e8s compliqu\u00e9\u00a0\u00bb.<\/p>\n<p class=\"article-p mdl\">Et d&rsquo;ajouter sur l&rsquo;absence de plus en plus r\u00e9p\u00e9t\u00e9e d&rsquo;agent au sein des banques : \u00ab\u00a0C&rsquo;est vraiment un ph\u00e9nom\u00e8ne qui date d&rsquo;il y a une vingtaine, trentaine d&rsquo;ann\u00e9es. Tout est maintenant digitalis\u00e9 et les banques poussent aujourd&rsquo;hui les clients \u00e0 venir de moins en moins en agence\u00a0\u00bb.<\/p>\n<p>    La r\u00e9daction vous recommande<\/p>\n<p class=\"s-newsletter__title\">\n                L\u2019actualit\u00e9 par la r\u00e9daction de RTL dans votre bo\u00eete mail.\n            <\/p>\n<p class=\"s-newsletter__subtitle\">\n                Gr\u00e2ce \u00e0 votre compte RTL abonnez-vous \u00e0 la newsletter RTL info pour suivre toute l&rsquo;actualit\u00e9 au quotidien\n            <\/p>\n<p>\n                                    Lire la suite\n                                <\/p>\n","protected":false},"excerpt":{"rendered":"La Soci\u00e9t\u00e9 G\u00e9n\u00e9rale va supprimer 1.800 postes d&rsquo;ici \u00e0 2027. Selon la direction, il ne s&rsquo;agit pas de&hellip;\n","protected":false},"author":2,"featured_media":681736,"comment_status":"","ping_status":"","sticky":false,"template":"","format":"standard","meta":{"footnotes":""},"categories":[4],"tags":[11,523,50952,33,107,1011,27,6151,12,25,17254],"class_list":{"0":"post-681735","1":"post","2":"type-post","3":"status-publish","4":"format-standard","5":"has-post-thumbnail","7":"category-france","8":"tag-actualites","9":"tag-banque","10":"tag-credit-agricole","11":"tag-economie","12":"tag-fil-info","13":"tag-fr","14":"tag-france","15":"tag-greve","16":"tag-news","17":"tag-republique-francaise","18":"tag-rural"},"share_on_mastodon":{"url":"https:\/\/pubeurope.com\/@fr\/115939631595886630","error":""},"_links":{"self":[{"href":"https:\/\/www.europesays.com\/fr\/wp-json\/wp\/v2\/posts\/681735","targetHints":{"allow":["GET"]}}],"collection":[{"href":"https:\/\/www.europesays.com\/fr\/wp-json\/wp\/v2\/posts"}],"about":[{"href":"https:\/\/www.europesays.com\/fr\/wp-json\/wp\/v2\/types\/post"}],"author":[{"embeddable":true,"href":"https:\/\/www.europesays.com\/fr\/wp-json\/wp\/v2\/users\/2"}],"replies":[{"embeddable":true,"href":"https:\/\/www.europesays.com\/fr\/wp-json\/wp\/v2\/comments?post=681735"}],"version-history":[{"count":0,"href":"https:\/\/www.europesays.com\/fr\/wp-json\/wp\/v2\/posts\/681735\/revisions"}],"wp:featuredmedia":[{"embeddable":true,"href":"https:\/\/www.europesays.com\/fr\/wp-json\/wp\/v2\/media\/681736"}],"wp:attachment":[{"href":"https:\/\/www.europesays.com\/fr\/wp-json\/wp\/v2\/media?parent=681735"}],"wp:term":[{"taxonomy":"category","embeddable":true,"href":"https:\/\/www.europesays.com\/fr\/wp-json\/wp\/v2\/categories?post=681735"},{"taxonomy":"post_tag","embeddable":true,"href":"https:\/\/www.europesays.com\/fr\/wp-json\/wp\/v2\/tags?post=681735"}],"curies":[{"name":"wp","href":"https:\/\/api.w.org\/{rel}","templated":true}]}}