{"id":681761,"date":"2026-01-22T16:29:10","date_gmt":"2026-01-22T16:29:10","guid":{"rendered":"https:\/\/www.europesays.com\/fr\/681761\/"},"modified":"2026-01-22T16:29:10","modified_gmt":"2026-01-22T16:29:10","slug":"jai-des-poules-de-compet-sa-magnifique-maison-de-campagne-dans-le-perche","status":"publish","type":"post","link":"https:\/\/www.europesays.com\/fr\/681761\/","title":{"rendered":"\u00ab J&rsquo;ai des poules de compet&rsquo; ! \u00bb, sa magnifique maison de campagne dans le Perche"},"content":{"rendered":"<p data-start=\"655\" data-end=\"721\">Figure embl\u00e9matique des plateaux<br \/>\nt\u00e9l\u00e9 des ann\u00e9es 1990 et 2000, notamment sur France 3 aux c\u00f4t\u00e9s de<br \/>\nMarc-Olivier Fogiel dans le talk-show On ne peut pas plaire \u00e0<br \/>\ntout le monde ou encore sur Canal+ dans l\u00a0\u00bb\u00e9mission Le<br \/>\nGrand Journal avec <a href=\"https:\/\/www.lejournaldelamaison.fr\/le-journal-de-la-maison\/reportages-maisons\/michel-denisot-maison-familiale-heugnes-indre-508067.html\" target=\"_blank\" rel=\"noopener\"><br \/>\nMichel Denisot<\/a>, Ariane Massenet a op\u00e9r\u00e9 un virage d\u00e9cisif dans<br \/>\nsa vie personnelle et professionnelle ces derni\u00e8res ann\u00e9es, qui<br \/>\nl&rsquo;ont men\u00e9 loin de Paris, dans le Perche.<\/p>\n<p>Ariane Massenet : apr\u00e8s la<br \/>\nt\u00e9l\u00e9vision, une vie douce et tranquille dans le Perche<\/p>\n<p data-start=\"1017\" data-end=\"1298\">Aujourd&rsquo;hui loin du tumulte<br \/>\nm\u00e9diatique, malgr\u00e9 quelques apparitions au th\u00e9\u00e2tre, mais aussi dans<br \/>\nLes Grosses T\u00eates de Laurent Ruquier sur RTL et dans des<br \/>\n\u00e9missions sp\u00e9ciales \u00e0 la t\u00e9l\u00e9vision, elle savoure une existence<br \/>\nplus sereine au c\u0153ur de la campagne fran\u00e7aise, dans <a href=\"https:\/\/www.lejournaldelamaison.fr\/le-journal-de-la-maison\/reportages-maisons\/maisons-campagne\/serge-lama-sa-maison-de-campagne-intimiste-dans-le-perche-478602.html\" target=\"_blank\" rel=\"noopener\"><br \/>\n<strong>le Perche<\/strong><\/a>, non loin de<br \/>\n<strong>Nogent-le-Rotrou<\/strong>.<\/p>\n<p data-start=\"1300\" data-end=\"1613\">Ariane Massenet l&rsquo;assure au<br \/>\nParisien : \u00ab Au tout d\u00e9but de ma carri\u00e8re,<br \/>\nPhilippe Gildas m&rsquo;a conseill\u00e9 de mettre de l&rsquo;argent de<br \/>\nc\u00f4t\u00e9 car, dans ce m\u00e9tier, les carri\u00e8res peuvent \u00eatre courtes&#8230;<br \/>\nAvec le temps, j&rsquo;ai accumul\u00e9 une petite cagnotte !\u00a0\u00bb.<br \/>\nAvec ces conseils bien en t\u00eate, l&rsquo;animatrice s&rsquo;est install\u00e9e dans<br \/>\nune maison dans le Perche, r\u00e9gion naturelle r\u00e9put\u00e9e pour<br \/>\n<strong>ses paysages verdoyants, ses villages de charme et son art<br \/>\nde vivre champ\u00eatre<\/strong>.<\/p>\n<p>Le poulailler d&rsquo;Ariane<br \/>\nMassenet<\/p>\n<p data-start=\"1300\" data-end=\"1613\">Sur son compte Instagram,<br \/>\nAriane Massenet partage r\u00e9guli\u00e8rement des instants de cette vie<br \/>\nrurale qu&rsquo;elle affectionne tant, avec notamment des images de<br \/>\n<strong>sa maison perch\u00e9e au milieu de la nature<\/strong> et de son<br \/>\npotager. Aubergines, poires, tomates, framboises et \u0153ufs du<br \/>\npoulailler&#8230; R\u00e9pondant \u00e0 certains commentaires louant la taille de<br \/>\nces \u0153ufs, l&rsquo;animatrice l&rsquo;avoue sans d\u00e9tour : \u00ab <strong>J&rsquo;ai des<br \/>\npoules de compet&rsquo; !<\/strong> \u00bb<\/p>\n<p data-start=\"1300\" data-end=\"1613\">En ce qui concerne la maison<br \/>\nelle-m\u00eame, les photos partag\u00e9es par l&rsquo;animatrice montrent un<br \/>\nenvironnement bucolique, avec une atmosph\u00e8re chaleureuse propre aux<br \/>\nmaisons de campagne normandes : <strong>fa\u00e7ades claires, volets en<br \/>\nbois, jardin et potager<\/strong> offrant des r\u00e9coltes<br \/>\nsavoureuses.<\/p>\n<blockquote class=\"instagram-media\" style=\"background: #ffffff;border: 0;margin: 1px;width: 100%;padding: 0;max-width: 500px;\" data-instgrm-permalink=\"https:\/\/www.instagram.com\/p\/CixteTfr2Cl\/?img_index=1\" data-instgrm-version=\"14\"\/>\n<p>Ariane Massenet : sa maison de c\u0153ur au Cap-Ferret<\/p>\n<p data-start=\"1300\" data-end=\"1613\">Quand elle n&rsquo;est pas en train<br \/>\nde s&rsquo;occuper de son potager dans le Perche, l&rsquo;animatrice se<br \/>\nressource tous les \u00e9t\u00e9s <a href=\"https:\/\/www.lejournaldelamaison.fr\/le-journal-de-la-maison\/reportages-maisons\/maisons-reportages-maisons\/cap-ferret-coin-paradis-prise-stars-517898.html\" target=\"_blank\" rel=\"noopener\"><br \/>\nau Cap-Ferret<\/a>. \u00ab Depuis que je suis n\u00e9e, <strong>je viens<br \/>\nchaque ann\u00e9e au mois de juillet au Cap-Ferret<\/strong>. Mon<br \/>\ngrand-p\u00e8re Paquito y avait achet\u00e9 une cabane \u00e0 la fin des ann\u00e9es 50<br \/>\net il ne s\u2019est jamais pass\u00e9 une ann\u00e9e sans que j\u2019y vienne quelques<br \/>\njours. Une partie de mes racines est ici, <strong>beaucoup de mes<br \/>\nsouvenirs d\u2019enfance sont n\u00e9s l\u00e0<\/strong>, et chaque ann\u00e9e je<br \/>\ncontinue de m\u2019en fabriquer de nouveaux\u00a0\u00bb, raconte-t-elle<br \/>\nnotamment dans un post sur son compte Instagram.<\/p>\n<p><script async src=\"\/\/www.instagram.com\/embed.js\"><\/script><\/p>\n","protected":false},"excerpt":{"rendered":"Figure embl\u00e9matique des plateaux t\u00e9l\u00e9 des ann\u00e9es 1990 et 2000, notamment sur France 3 aux c\u00f4t\u00e9s de Marc-Olivier&hellip;\n","protected":false},"author":2,"featured_media":681762,"comment_status":"","ping_status":"","sticky":false,"template":"","format":"standard","meta":{"footnotes":""},"categories":[8],"tags":[930,33008,3396,3226,77909,1446,1805,154,58,59,12219,1011,27,391,3354,18799,2142,8073,19676,11992,77910,24002,10649],"class_list":{"0":"post-681761","1":"post","2":"type-post","3":"status-publish","4":"format-standard","5":"has-post-thumbnail","7":"category-divertissement","8":"tag-le","9":"tag-ariane","10":"tag-avec","11":"tag-campagne","12":"tag-compet","13":"tag-dans","14":"tag-de","15":"tag-des","16":"tag-divertissement","17":"tag-entertainment","18":"tag-et","19":"tag-fr","20":"tag-france","21":"tag-jai","22":"tag-jardin","23":"tag-magnifique","24":"tag-maison","25":"tag-massenet","26":"tag-perche","27":"tag-potager","28":"tag-poulailler","29":"tag-poules","30":"tag-sa"},"share_on_mastodon":{"url":"https:\/\/pubeurope.com\/@fr\/115939702430204109","error":""},"_links":{"self":[{"href":"https:\/\/www.europesays.com\/fr\/wp-json\/wp\/v2\/posts\/681761","targetHints":{"allow":["GET"]}}],"collection":[{"href":"https:\/\/www.europesays.com\/fr\/wp-json\/wp\/v2\/posts"}],"about":[{"href":"https:\/\/www.europesays.com\/fr\/wp-json\/wp\/v2\/types\/post"}],"author":[{"embeddable":true,"href":"https:\/\/www.europesays.com\/fr\/wp-json\/wp\/v2\/users\/2"}],"replies":[{"embeddable":true,"href":"https:\/\/www.europesays.com\/fr\/wp-json\/wp\/v2\/comments?post=681761"}],"version-history":[{"count":0,"href":"https:\/\/www.europesays.com\/fr\/wp-json\/wp\/v2\/posts\/681761\/revisions"}],"wp:featuredmedia":[{"embeddable":true,"href":"https:\/\/www.europesays.com\/fr\/wp-json\/wp\/v2\/media\/681762"}],"wp:attachment":[{"href":"https:\/\/www.europesays.com\/fr\/wp-json\/wp\/v2\/media?parent=681761"}],"wp:term":[{"taxonomy":"category","embeddable":true,"href":"https:\/\/www.europesays.com\/fr\/wp-json\/wp\/v2\/categories?post=681761"},{"taxonomy":"post_tag","embeddable":true,"href":"https:\/\/www.europesays.com\/fr\/wp-json\/wp\/v2\/tags?post=681761"}],"curies":[{"name":"wp","href":"https:\/\/api.w.org\/{rel}","templated":true}]}}