{"id":681822,"date":"2026-01-22T17:03:10","date_gmt":"2026-01-22T17:03:10","guid":{"rendered":"https:\/\/www.europesays.com\/fr\/681822\/"},"modified":"2026-01-22T17:03:10","modified_gmt":"2026-01-22T17:03:10","slug":"iam-reagit-a-lhommage-du-virage-nord-contre-liverpool","status":"publish","type":"post","link":"https:\/\/www.europesays.com\/fr\/681822\/","title":{"rendered":"IAM r\u00e9agit \u00e0 l&rsquo;hommage du virage Nord contre Liverpool"},"content":{"rendered":"<p>Un hommage qui a touch\u00e9 <a href=\"https:\/\/www.laprovence.com\/article\/culture-loisirs\/5541354293695614\/histoire-il-y-a-trente-ans-iam-prenait-son-envol-aux-victoires-de-la-musique\" target=\"_blank\" rel=\"noopener\">le groupe form\u00e9 en\u00a01988<\/a>, qui a r\u00e9agi sur son compte Instagram\u00a0: \u00ab\u00a0Pour des enfants de Marseille comme nous, qui ont grandi sur les gradins de ce stade mythique et <a href=\"https:\/\/www.laprovence.com\/article\/culture-loisirs\/2547733160878515\/iam-leur-a-mis-le-feu-au-velodrome-retour-sur-une-fete-du-hip-hop-historique-avec-de-nombreux-invites\" target=\"_blank\" rel=\"noopener\">qui ont fini par un incroyable concert dans ce lieu m\u00eame<\/a>, recevoir un tel hommage de la part des supporters marseillais est un honneur immense qui nous touche profond\u00e9ment. Recevoir l\u2019amour d\u2019une ville dans ce virage nord o\u00f9 nous allions voir les matchs quand nous \u00e9tions enfants vaut mille r\u00e9compenses officielles qu\u2019on pourrait nous attribuer \u00e0 ce stade. Merci aux Marseillaises et aux Marseillais qui nous ont fait ce magnifique cadeau ce soir. Paix &amp; Amour. IAM.\u00a0\u00bb<\/p>\n","protected":false},"excerpt":{"rendered":"Un hommage qui a touch\u00e9 le groupe form\u00e9 en\u00a01988, qui a r\u00e9agi sur son compte Instagram\u00a0: \u00ab\u00a0Pour des&hellip;\n","protected":false},"author":2,"featured_media":681823,"comment_status":"","ping_status":"","sticky":false,"template":"","format":"standard","meta":{"footnotes":""},"categories":[2814],"tags":[5734,1111,11,1444,1777,674,1011,27,34795,2836,884,12,1308,149,882,7914,25,24424],"class_list":{"0":"post-681822","1":"post","2":"type-post","3":"status-publish","4":"format-standard","5":"has-post-thumbnail","7":"category-marseille","8":"tag-5734","9":"tag-actu","10":"tag-actualites","11":"tag-contre","12":"tag-eu","13":"tag-europe","14":"tag-fr","15":"tag-france","16":"tag-iam","17":"tag-lhommage","18":"tag-marseille","19":"tag-news","20":"tag-nord","21":"tag-om","22":"tag-provence-alpes-cote-dazur","23":"tag-reagit","24":"tag-republique-francaise","25":"tag-virage"},"share_on_mastodon":{"url":"https:\/\/pubeurope.com\/@fr\/115939836132276858","error":""},"_links":{"self":[{"href":"https:\/\/www.europesays.com\/fr\/wp-json\/wp\/v2\/posts\/681822","targetHints":{"allow":["GET"]}}],"collection":[{"href":"https:\/\/www.europesays.com\/fr\/wp-json\/wp\/v2\/posts"}],"about":[{"href":"https:\/\/www.europesays.com\/fr\/wp-json\/wp\/v2\/types\/post"}],"author":[{"embeddable":true,"href":"https:\/\/www.europesays.com\/fr\/wp-json\/wp\/v2\/users\/2"}],"replies":[{"embeddable":true,"href":"https:\/\/www.europesays.com\/fr\/wp-json\/wp\/v2\/comments?post=681822"}],"version-history":[{"count":0,"href":"https:\/\/www.europesays.com\/fr\/wp-json\/wp\/v2\/posts\/681822\/revisions"}],"wp:featuredmedia":[{"embeddable":true,"href":"https:\/\/www.europesays.com\/fr\/wp-json\/wp\/v2\/media\/681823"}],"wp:attachment":[{"href":"https:\/\/www.europesays.com\/fr\/wp-json\/wp\/v2\/media?parent=681822"}],"wp:term":[{"taxonomy":"category","embeddable":true,"href":"https:\/\/www.europesays.com\/fr\/wp-json\/wp\/v2\/categories?post=681822"},{"taxonomy":"post_tag","embeddable":true,"href":"https:\/\/www.europesays.com\/fr\/wp-json\/wp\/v2\/tags?post=681822"}],"curies":[{"name":"wp","href":"https:\/\/api.w.org\/{rel}","templated":true}]}}