{"id":681824,"date":"2026-01-22T17:04:10","date_gmt":"2026-01-22T17:04:10","guid":{"rendered":"https:\/\/www.europesays.com\/fr\/681824\/"},"modified":"2026-01-22T17:04:10","modified_gmt":"2026-01-22T17:04:10","slug":"une-manifestation-pro-kurde-degenere-a-marseille","status":"publish","type":"post","link":"https:\/\/www.europesays.com\/fr\/681824\/","title":{"rendered":"une manifestation pro-kurde d\u00e9g\u00e9n\u00e8re \u00e0 Marseille"},"content":{"rendered":"<p>\n    <strong>EN IMAGES &#8211;<\/strong> Le pr\u00e9fet des Bouches-du-Rh\u00f4ne a d\u00e9plor\u00e9 des violences contre les policiers et des d\u00e9gradations commises \u00e0 Marseille, en marge d\u2019une manifestation en soutien au peuple kurde.<\/p>\n<p class=\"fig-paragraph\">Des feux tricolores d\u00e9truits, des vitres d\u2019arr\u00eat de tramway cass\u00e9es et m\u00eame le commissariat de la police municipale saccag\u00e9. La manifestation pro-<a href=\"http:\/\/www.lefigaro.fr\/international\/syrie-comment-ahmed-al-charaa-a-defait-les-kurdes-grace-au-lachage-americain-20260120\" data-fig-type=\"Article\" data-gtm-custom-categorie=\"navigation\" data-gtm-custom-action=\"crossclick\" data-gtm-custom-label=\"Contextuel\" data-gtm-event=\"customEventSPE\" data-fig-domain=\"LEFIGARO\" target=\"_blank\" rel=\"noopener\">kurde<\/a>\u00a0a connu d\u2019importants d\u00e9bordements sur la Canebi\u00e8re \u00e0 Marseille, avec de multiples d\u00e9gradations du mobilier urbain et des feux de poubelles. \u00abJe viens d\u2019\u00eatre t\u00e9moin de graves violences urbaines commises sur la Canebi\u00e8re par des fous furieux\u00bb, s\u2019\u00e9meut sur X la maire de secteur Sophie Camard, qui pr\u00e9cise avoir \u00abferm\u00e9 la mairie par protection.\u00bb<\/p>\n<p class=\"fig-paragraph\">Pr\u00e8s de 2500 personnes ont manifest\u00e9 d\u2019abord sous les fen\u00eatres de la pr\u00e9fecture, selon les autorit\u00e9s. \u00abAu moment de la dispersion de la manifestation en soutien au peuple kurde, cet apr\u00e8s-midi, dans le centre-ville de Marseille, les forces de l\u2019ordre ont \u00e9t\u00e9 la cible de tirs de mortiers d\u2019artifice et autres projectiles\u00bb, d\u00e9plore le pr\u00e9fet des Bouches-du-Rh\u00f4ne Jacques Witkowksi, qui \u00abcondamne fermement ces violences et les d\u00e9gradations commises\u00bb. \u00abLes forces de s\u00e9curit\u00e9 int\u00e9rieure prot\u00e8gent tous ceux qui souhaitent manifester pacifiquement mais aucune atteinte \u00e0 l\u2019ordre public ne sera tol\u00e9r\u00e9e\u00bb, ajoute-t-il.<\/p>\n<p>                                            <a class=\"fig-a11y-skip\" href=\"#fig-a11y-skip-main-inarticle\" data-module=\"a11y-skip\" data-context=\"was @visible\"><br \/>\n    Passer la publicit\u00e9<br \/>\n<\/a>            <\/p>\n<p>                                            De multiples manifestations ces derniers jours<\/p>\n<p class=\"fig-paragraph\">Sur son compte sur X, la pr\u00e9sidente du d\u00e9partement et de la m\u00e9tropole et candidate aux municipales, Martine Vassal, a relay\u00e9 un message du groupe d\u2019opposition \u00e0 droite Une volont\u00e9 pour Marseille qui condamne ces incidents et d\u00e9plore l\u2019absence de r\u00e9action pour l\u2019heure de Beno\u00eet Payan.<\/p>\n<p class=\"fig-paragraph\">En France, la communaut\u00e9 kurde a multipli\u00e9 les manifestations ces derniers jours, s\u2019estimant trahie par les autorit\u00e9s fran\u00e7aises. Le porte-parole du Quai d\u2019Orsay a r\u00e9fut\u00e9 cela, soulignant que la France \u00e9tait impliqu\u00e9e \u00e0 la fois pour \u00absoutenir cette Syrie avec une pleine inclusivit\u00e9 des diff\u00e9rentes communaut\u00e9s et en \u00e9vitant toute violence\u00bb et pour \u00ab\u00e9viter toute r\u00e9surgence de foyers de Daech\u00bb.<\/p>\n<p class=\"fig-paragraph\">Mardi soir, \u00e0 Paris, onze personnes ont \u00e9t\u00e9 interpell\u00e9es apr\u00e8s des incidents en marge d\u2019un rassemblement non d\u00e9clar\u00e9 de la\u00a0<a href=\"http:\/\/www.lefigaro.fr\/faits-divers\/kurdes-tues-a-paris-colere-et-pleurs-lors-de-l-hommage-de-la-communaute-20230103\" target=\"_blank\" data-fig-type=\"Article\" rel=\"noopener\" data-gtm-custom-categorie=\"navigation\" data-gtm-custom-action=\"crossclick\" data-gtm-custom-label=\"Contextuel\" data-gtm-event=\"customEventSPE\" data-fig-domain=\"LEFIGARO\">communaut\u00e9 kurde<\/a>\u00a0ayant r\u00e9uni 1200 personnes selon les autorit\u00e9s.<\/p>\n","protected":false},"excerpt":{"rendered":"EN IMAGES &#8211; Le pr\u00e9fet des Bouches-du-Rh\u00f4ne a d\u00e9plor\u00e9 des violences contre les policiers et des d\u00e9gradations commises&hellip;\n","protected":false},"author":2,"featured_media":681825,"comment_status":"","ping_status":"","sticky":false,"template":"","format":"standard","meta":{"footnotes":""},"categories":[2814],"tags":[1111,11,10643,1777,674,1011,27,38913,2088,884,12,882,25],"class_list":{"0":"post-681824","1":"post","2":"type-post","3":"status-publish","4":"format-standard","5":"has-post-thumbnail","7":"category-marseille","8":"tag-actu","9":"tag-actualites","10":"tag-emeutes","11":"tag-eu","12":"tag-europe","13":"tag-fr","14":"tag-france","15":"tag-kurdes","16":"tag-manifestation","17":"tag-marseille","18":"tag-news","19":"tag-provence-alpes-cote-dazur","20":"tag-republique-francaise"},"share_on_mastodon":{"url":"https:\/\/pubeurope.com\/@fr\/115939840063527213","error":""},"_links":{"self":[{"href":"https:\/\/www.europesays.com\/fr\/wp-json\/wp\/v2\/posts\/681824","targetHints":{"allow":["GET"]}}],"collection":[{"href":"https:\/\/www.europesays.com\/fr\/wp-json\/wp\/v2\/posts"}],"about":[{"href":"https:\/\/www.europesays.com\/fr\/wp-json\/wp\/v2\/types\/post"}],"author":[{"embeddable":true,"href":"https:\/\/www.europesays.com\/fr\/wp-json\/wp\/v2\/users\/2"}],"replies":[{"embeddable":true,"href":"https:\/\/www.europesays.com\/fr\/wp-json\/wp\/v2\/comments?post=681824"}],"version-history":[{"count":0,"href":"https:\/\/www.europesays.com\/fr\/wp-json\/wp\/v2\/posts\/681824\/revisions"}],"wp:featuredmedia":[{"embeddable":true,"href":"https:\/\/www.europesays.com\/fr\/wp-json\/wp\/v2\/media\/681825"}],"wp:attachment":[{"href":"https:\/\/www.europesays.com\/fr\/wp-json\/wp\/v2\/media?parent=681824"}],"wp:term":[{"taxonomy":"category","embeddable":true,"href":"https:\/\/www.europesays.com\/fr\/wp-json\/wp\/v2\/categories?post=681824"},{"taxonomy":"post_tag","embeddable":true,"href":"https:\/\/www.europesays.com\/fr\/wp-json\/wp\/v2\/tags?post=681824"}],"curies":[{"name":"wp","href":"https:\/\/api.w.org\/{rel}","templated":true}]}}