{"id":681883,"date":"2026-01-22T17:41:11","date_gmt":"2026-01-22T17:41:11","guid":{"rendered":"https:\/\/www.europesays.com\/fr\/681883\/"},"modified":"2026-01-22T17:41:11","modified_gmt":"2026-01-22T17:41:11","slug":"une-potentielle-rivale-vahina","status":"publish","type":"post","link":"https:\/\/www.europesays.com\/fr\/681883\/","title":{"rendered":"\u00ab\u00a0Une potentielle rivale\u00a0\u00bb, Vahina &#8230;"},"content":{"rendered":"<p>EN BREF<\/p>\n<ul class=\"bloc_resume_post_list\">\n<li>Il y a deux ans, Andr\u00e9a Furet \u00e9t\u00e9 approch\u00e9e pour le r\u00f4le<br \/>\nde Lilou dans Demain nous appartient, confi\u00e9 \u00e0 Romane<br \/>\nParc.<\/li>\n<li>Elle a finalement \u00e9t\u00e9 choisie pour interpr\u00e9ter le r\u00f4le de<br \/>\nVahina, qui est introduite dans la s\u00e9rie par une<br \/>\nagression.<\/li>\n<li>Roxane la per\u00e7oit comme une menace tandis que les<br \/>\nmotivations de Vahina envers Sara restent floues.<\/li>\n<\/ul>\n<p><strong>Comment se sont d\u00e9roul\u00e9es les auditions pour le r\u00f4le de<br \/>\nVahina?<\/strong><\/p>\n<p>J\u2019avais d\u00e9j\u00e0 \u00e9t\u00e9 approch\u00e9e par la production il y a deux ans<br \/>\nenviron. J\u2019avais pass\u00e9 les essais pour le r\u00f4le de Lilou (finalement<br \/>\nd\u00e9volu \u00e0 Romane Parc, ndlr) et j\u2019ai \u00e9t\u00e9 rappel\u00e9e tr\u00e8s r\u00e9cemment<br \/>\npour celui de Vahina. Tout s\u2019est ensuite encha\u00een\u00e9 rapidement. En<br \/>\nmoins de deux semaines, je me suis retrouv\u00e9e \u00e0 S\u00e8te.<\/p>\n<p><strong>Connaissiez-vous la s\u00e9rie avant de<br \/>\nl\u2019int\u00e9grer?<\/strong><\/p>\n<p>Pas vraiment. Mais j\u2019ai pas mal d\u2019amis et des membres de ma<br \/>\nfamille qui, depuis le lancement, ne ratent pas un \u00e9pisode de<br \/>\n<a href=\"https:\/\/www.telestar.fr\/serie-tv\/demain-nous-appartient\" target=\"_blank\" rel=\"noopener\">Demain<br \/>\nnous appartient<\/a>. J\u2019ai \u00e9t\u00e9 particuli\u00e8rement bien brief\u00e9e gr\u00e2ce \u00e0<br \/>\neux.<\/p>\n<p><strong>De quels \u00e9l\u00e9ments disposiez-vous pour incarner<br \/>\nVahina?<\/strong><\/p>\n<p>Je suis partie avec peu d\u2019informations. Je savais que ce<br \/>\npersonnage reposait sur le myst\u00e8re, la dissimulation. Rien ne m\u2019a<br \/>\n\u00e9t\u00e9 pr\u00e9cis\u00e9 sur son pass\u00e9. J\u2019y suis all\u00e9e avec spontan\u00e9it\u00e9. Je me<br \/>\nsuis racont\u00e9e qu\u2019elle n\u2019avait pas eu une vie facile mais qu\u2019elle<br \/>\ngardait le sourire parce qu\u2019elle ne voulait pas attirer la piti\u00e9.<br \/>\nPour moi, Vahina est une battante.<\/p>\n<p><strong>Comment d\u00e9marre cette intrigue qui tourne autour de ce<br \/>\npersonnage?<\/strong><\/p>\n<p>Tout commence par une agression dont Vahina est victime. En<br \/>\nvoulant lui porter secours, <a href=\"https:\/\/www.telestar.fr\/serie-tv\/demain-nous-appartient\/exclu.-demain-nous-appartient-pourquoi-camille-genau-sara-a-claque-la-porte-avant-de-finalement-revenir-813512\" target=\"_blank\" rel=\"noopener\"><br \/>\nSara (Camille Genau)<\/a> est assomm\u00e9e. Vahina la conduit \u00e0<br \/>\nl\u2019h\u00f4pital. A partir de l\u00e0, quelque chose se noue entre elles. Mais<br \/>\n<a href=\"https:\/\/www.telestar.fr\/serie-tv\/demain-nous-appartient\/demain-nous-appartient-raphaele-volkoff-roxane-sublime-totalement-denudee-sur-un-cliche-809953\" target=\"_blank\" rel=\"noopener\"><br \/>\nRoxane (Rapha\u00eble Volkoff)<\/a> veille au grain. Elle se m\u00e9fie de<br \/>\nVahina, la confronte \u00e0 ses mensonges et voit surtout, en elle, une<br \/>\npotentielle rivale qui pourrait faire exploser son couple.<\/p>\n<p><strong>Cela va-t-il arriver?<\/strong><\/p>\n<p>Est-ce que Vahina aime Sara comme une amie ou est-ce un peu plus<br \/>\nque cela ? C\u2019est l\u2019une des questions qui sera pos\u00e9e.<\/p>\n<p><strong>Que retenez-vous de cette exp\u00e9rience ?<\/strong><\/p>\n<p>J\u2019ai tout aim\u00e9 ! On dit toujours que le rythme de travail est<br \/>\nintense sur une quotidienne, c\u2019est vrai mais comme toutes les<br \/>\n\u00e9quipes sont investies et super adorables, \u00e7a rend les choses<br \/>\nbeaucoup plus simples. Il y a vraiment un esprit de famille, je ne<br \/>\nle dirais pas si ce n\u2019\u00e9tait pas le cas.<\/p>\n<p><strong>On vous a vu r\u00e9cemment dans Meurtres en P\u00e9 rigord vert<br \/>\n(F3) avec Adrien Rob (Damien). Avez-vous partag\u00e9 des sc\u00e8nes<br \/>\nensemble sur DNA ?<\/strong><\/p>\n<p>Malheureusement non mais on a pris le temps de se voir quand<br \/>\nm\u00eame. Il fait partie des belles rencontres qu\u2019offre ce m\u00e9tier.<\/p>\n<p><strong>Avez-vous des projets en chantier pour ce d\u00e9but<br \/>\nd\u2019ann\u00e9e?<\/strong><\/p>\n<p>Je d\u00e9marre un tournage en avril-mai, je ne n\u00e9glige pas le<br \/>\nmannequinat et il n\u2019est pas impossible que je fasse une incursion<br \/>\ndans la musique aussi.<\/p>\n","protected":false},"excerpt":{"rendered":"EN BREF Il y a deux ans, Andr\u00e9a Furet \u00e9t\u00e9 approch\u00e9e pour le r\u00f4le de Lilou dans Demain&hellip;\n","protected":false},"author":2,"featured_media":681884,"comment_status":"","ping_status":"","sticky":false,"template":"","format":"standard","meta":{"footnotes":""},"categories":[8],"tags":[548,3598,58,59,8644,1011,27],"class_list":{"0":"post-681883","1":"post","2":"type-post","3":"status-publish","4":"format-standard","5":"has-post-thumbnail","7":"category-divertissement","8":"tag-article-simple","9":"tag-demain-nous-appartient","10":"tag-divertissement","11":"tag-entertainment","12":"tag-exclu","13":"tag-fr","14":"tag-france"},"share_on_mastodon":{"url":"https:\/\/pubeurope.com\/@fr\/115939985500168124","error":""},"_links":{"self":[{"href":"https:\/\/www.europesays.com\/fr\/wp-json\/wp\/v2\/posts\/681883","targetHints":{"allow":["GET"]}}],"collection":[{"href":"https:\/\/www.europesays.com\/fr\/wp-json\/wp\/v2\/posts"}],"about":[{"href":"https:\/\/www.europesays.com\/fr\/wp-json\/wp\/v2\/types\/post"}],"author":[{"embeddable":true,"href":"https:\/\/www.europesays.com\/fr\/wp-json\/wp\/v2\/users\/2"}],"replies":[{"embeddable":true,"href":"https:\/\/www.europesays.com\/fr\/wp-json\/wp\/v2\/comments?post=681883"}],"version-history":[{"count":0,"href":"https:\/\/www.europesays.com\/fr\/wp-json\/wp\/v2\/posts\/681883\/revisions"}],"wp:featuredmedia":[{"embeddable":true,"href":"https:\/\/www.europesays.com\/fr\/wp-json\/wp\/v2\/media\/681884"}],"wp:attachment":[{"href":"https:\/\/www.europesays.com\/fr\/wp-json\/wp\/v2\/media?parent=681883"}],"wp:term":[{"taxonomy":"category","embeddable":true,"href":"https:\/\/www.europesays.com\/fr\/wp-json\/wp\/v2\/categories?post=681883"},{"taxonomy":"post_tag","embeddable":true,"href":"https:\/\/www.europesays.com\/fr\/wp-json\/wp\/v2\/tags?post=681883"}],"curies":[{"name":"wp","href":"https:\/\/api.w.org\/{rel}","templated":true}]}}