{"id":68195,"date":"2025-05-02T01:29:10","date_gmt":"2025-05-02T01:29:10","guid":{"rendered":"https:\/\/www.europesays.com\/fr\/68195\/"},"modified":"2025-05-02T01:29:10","modified_gmt":"2025-05-02T01:29:10","slug":"apple-et-son-app-store-accusent-un-lourd-revers-judiciaire-aux-etats-unis-liberation","status":"publish","type":"post","link":"https:\/\/www.europesays.com\/fr\/68195\/","title":{"rendered":"Apple et son App Store accusent un lourd revers judiciaire aux Etats-Unis \u2013 Lib\u00e9ration"},"content":{"rendered":"<p class=\"sc-ksZaOG ehjQrN text-element\">Apple a-t-il pouss\u00e9 le bouchon un peu trop loin ? Dans une d\u00e9cision in\u00e9dite et cinglante, une juge f\u00e9d\u00e9rale d\u2019Oakland (Californie), Yvonne Gonzalez Rogers, accuse mercredi 30 avril la multinationale am\u00e9ricaine de ne pas s\u2019\u00eatre pli\u00e9e \u00e0 son verdict rendu plus de trois ans auparavant. En septembre 2021, la magistrate avait exig\u00e9 que l\u2019entreprise<a href=\"https:\/\/www.liberation.fr\/economie\/economie-numerique\/liberez-fortnite-le-studio-epic-games-remporte-une-grosse-victoire-judiciaire-face-a-google-20231212_QWOYYFESZ5BL7E7NMKDFGOV5FY\/\" target=\"_blank\" rel=\"noreferrer noopener\" title=\"https:\/\/www.liberation.fr\/economie\/economie-numerique\/liberez-fortnite-le-studio-epic-games-remporte-une-grosse-victoire-judiciaire-face-a-google-20231212_QWOYYFESZ5BL7E7NMKDFGOV5FY\/\"> ouvre les iPhones \u00e0 d\u2019autres boutiques d\u2019applications que l\u2019App Store<\/a> (la sienne). Or, d\u2019apr\u00e8s elle, Apple aurait tent\u00e9 de les duper en faisant semblant de se conformer aux r\u00e8gles. Cons\u00e9quence : elle prend une s\u00e9rie de mesures historiques, marquant la fin d\u2019une \u00e9poque de toute-puissance pour la bo\u00eete.<\/p>\n<p class=\"sc-ksZaOG ehjQrN text-element\">Pour rappel, Yvonne Gonzalez Rogers avait en 2021 estim\u00e9 que la firme \u00e0 la pomme ne pouvait plus imposer aux \u00e9diteurs d\u2019applis de passer par l\u2019App Store ainsi que par son syst\u00e8me de paiement. Ce jugement r\u00e9sultait d\u2019<a href=\"https:\/\/www.liberation.fr\/economie\/economie-numerique\/fortnite-contre-apple-debut-dun-proces-epique-20210503_O5EDCL2ZZJGJJNYU3M475FDKPY\/\" target=\"_blank\" rel=\"noreferrer noopener\" title=\"https:\/\/www.liberation.fr\/economie\/economie-numerique\/fortnite-contre-apple-debut-dun-proces-epique-20210503_O5EDCL2ZZJGJJNYU3M475FDKPY\/\">une proc\u00e9dure longue et muscl\u00e9e<\/a> entam\u00e9e <a href=\"https:\/\/www.liberation.fr\/economie\/economie-numerique\/dma-le-conflit-entre-apple-et-epic-premier-test-des-nouvelles-regles-europeennes-sur-les-plateformes-20240307_OKF7Y5TDZZBRZC4PUA5YUU6EDE\/\" target=\"_blank\" rel=\"noreferrer noopener\" title=\"https:\/\/www.liberation.fr\/economie\/economie-numerique\/dma-le-conflit-entre-apple-et-epic-premier-test-des-nouvelles-regles-europeennes-sur-les-plateformes-20240307_OKF7Y5TDZZBRZC4PUA5YUU6EDE\/\">par l\u2019\u00e9diteur de jeux vid\u00e9o Epic Games<\/a>, cr\u00e9ateur notamment du jeu Fortnite, qui accusait le groupe de Cupertino (Californie) d\u2019abus de position dominante. En l\u2019occurrence, la multinationale profitait de sa situation en imposant, selon lui, des frais de commission bien trop \u00e9lev\u00e9s, \u00e0 hauteur de 30 %.<\/p>\n<p class=\"sc-ksZaOG ehjQrN text-element\">Or, plus de trois ans plus tard, le constat est amer : Apple aurait pris les juges am\u00e9ricains pour des truffes. D\u2019apr\u00e8s la juge, l\u2019entreprise \u00aba choisi de ne pas se plier \u00e0 l\u2019injonction de cette cour\u00bb. Comment ? En cr\u00e9ant \u00abde nouvelles barri\u00e8res anticoncurrentielles pour pr\u00e9server une pr\u00e9cieuse source de revenus\u00bb. En l\u2019occurrence, en mettant en place une nouvelle commission pour les transactions r\u00e9alis\u00e9es hors de sa boutique (\u00e0 hauteur de 27 %) qui n\u2019existait pas auparavant. Toujours selon la magistrate, la soci\u00e9t\u00e9 a us\u00e9 de messages et d\u2019outils techniques pour \u00abdissuader les usagers de r\u00e9aliser leurs achats autrement\u00bb que sur l\u2019App Store.<\/p>\n<p class=\"sc-ksZaOG ehjQrN text-element\">Yvonne Gonzalez Rogers affirme que <a href=\"https:\/\/www.liberation.fr\/international\/amerique\/le-pdg-dapple-tim-cook-va-donner-un-million-de-dollars-pour-la-ceremonie-dinvestiture-de-donald-trump-20250105_5TSINKCNIJFN5J3NAHSO2R6VMA\/\" target=\"_blank\" rel=\"noreferrer noopener\" title=\"https:\/\/www.liberation.fr\/international\/amerique\/le-pdg-dapple-tim-cook-va-donner-un-million-de-dollars-pour-la-ceremonie-dinvestiture-de-donald-trump-20250105_5TSINKCNIJFN5J3NAHSO2R6VMA\/\">le patron d\u2019Apple, Tim Cook,<\/a> est pass\u00e9 outre les conseils d\u2019un cadre historique du groupe, Phil Schiller, qui sugg\u00e9rait d\u2019appliquer les termes du jugement. Elle accuse aussi un cadre du service finances d\u2019Apple d\u2019avoir menti au tribunal alors qu\u2019il \u00e9tait auditionn\u00e9 sous serment.<\/p>\n<p class=\"sc-ksZaOG ehjQrN text-element\">Par cons\u00e9quent, dans sa d\u00e9cision, elle tape fort. Ne laissant plus de seconde chance \u00e0 Apple, elle lui ordonne de ne plus pr\u00e9lever aucune commission sur les transactions r\u00e9alis\u00e9es hors de sa boutique d\u2019applications. Une pratique qui constituait jusqu\u2019ici un des piliers de son mod\u00e8le \u00e9conomique. Elle lui intime \u00e9galement de ne plus envoyer de message aux usagers qui souhaitent passer par une boutique ou une application tierce, sauf pour leur indiquer qu\u2019ils ne passent pas par l\u2019App Store.<\/p>\n<p class=\"sc-ksZaOG ehjQrN text-element\">Sur la base de ses constatations, Yvonne Gonzalez Rogers va effectuer un signalement aupr\u00e8s du procureur f\u00e9d\u00e9ral de Californie du Nord, Patrick Robbins, afin qu\u2019il d\u00e9termine si des poursuites p\u00e9nales doivent \u00eatre engag\u00e9es contre Apple. \u00abLe fait qu\u2019Apple ait pens\u00e9 que ce tribunal tol\u00e9rerait une telle insubordination \u00e9tait une grave erreur de calcul\u00bb, d\u00e9clare Yvonne Gonzalez Rogers.<\/p>\n<p class=\"sc-ksZaOG ehjQrN text-element\">\u00abNous sommes en d\u00e9saccord profond avec cette d\u00e9cision\u00bb, a indiqu\u00e9 \u00e0 l\u2019AFP une porte-parole d\u2019Apple. Avant d\u2019indiquer : \u00abNous allons nous conformer aux injonctions de la cour et faire appel.\u00bb Le groupe avait fait appel du jugement initial devant la Cour supr\u00eame, mais la plus haute juridiction am\u00e9ricaine avait refus\u00e9 de se saisir du dossier. \u00abIl n\u2019y aura plus de commissions sur les transactions en ligne\u00bb, a r\u00e9agi le patron d\u2019Epic Games, Tim Sweeney, sur X (ex-Twitter). Autrement dit : \u00abC\u2019est la fin de la taxe Apple\u00bb.<\/p>\n<p class=\"sc-ksZaOG ehjQrN text-element\">En Europe, le R\u00e8glement sur les march\u00e9s num\u00e9riques (\u00abDigital Markets Act\u00bb ou DMA), entr\u00e9 en vigueur l\u2019an dernier, oblige les six plus gros acteurs mondiaux de la tech, dont Apple, \u00e0 ouvrir leurs plateformes \u00e0 la concurrence. Dans les \u00e9changes \u00e9lectroniques post\u00e9rieurs \u00e0 la cl\u00f4ture de Wall Street, le titre Apple abandonnait plus de 1 %.<\/p>\n","protected":false},"excerpt":{"rendered":"Apple a-t-il pouss\u00e9 le bouchon un peu trop loin ? Dans une d\u00e9cision in\u00e9dite et cinglante, une juge&hellip;\n","protected":false},"author":2,"featured_media":68196,"comment_status":"","ping_status":"","sticky":false,"template":"","format":"standard","meta":{"footnotes":""},"categories":[7],"tags":[733,73,1011,27,43,40,41,39,42,44],"class_list":{"0":"post-68195","1":"post","2":"type-post","3":"status-publish","4":"format-standard","5":"has-post-thumbnail","7":"category-sciences-et-technologies","8":"tag-apple","9":"tag-etats-unis","10":"tag-fr","11":"tag-france","12":"tag-science","13":"tag-science-and-technology","14":"tag-sciences","15":"tag-sciences-et-technologies","16":"tag-technologies","17":"tag-technology"},"share_on_mastodon":{"url":"https:\/\/pubeurope.com\/@fr\/114435651324233227","error":""},"_links":{"self":[{"href":"https:\/\/www.europesays.com\/fr\/wp-json\/wp\/v2\/posts\/68195","targetHints":{"allow":["GET"]}}],"collection":[{"href":"https:\/\/www.europesays.com\/fr\/wp-json\/wp\/v2\/posts"}],"about":[{"href":"https:\/\/www.europesays.com\/fr\/wp-json\/wp\/v2\/types\/post"}],"author":[{"embeddable":true,"href":"https:\/\/www.europesays.com\/fr\/wp-json\/wp\/v2\/users\/2"}],"replies":[{"embeddable":true,"href":"https:\/\/www.europesays.com\/fr\/wp-json\/wp\/v2\/comments?post=68195"}],"version-history":[{"count":0,"href":"https:\/\/www.europesays.com\/fr\/wp-json\/wp\/v2\/posts\/68195\/revisions"}],"wp:featuredmedia":[{"embeddable":true,"href":"https:\/\/www.europesays.com\/fr\/wp-json\/wp\/v2\/media\/68196"}],"wp:attachment":[{"href":"https:\/\/www.europesays.com\/fr\/wp-json\/wp\/v2\/media?parent=68195"}],"wp:term":[{"taxonomy":"category","embeddable":true,"href":"https:\/\/www.europesays.com\/fr\/wp-json\/wp\/v2\/categories?post=68195"},{"taxonomy":"post_tag","embeddable":true,"href":"https:\/\/www.europesays.com\/fr\/wp-json\/wp\/v2\/tags?post=68195"}],"curies":[{"name":"wp","href":"https:\/\/api.w.org\/{rel}","templated":true}]}}