{"id":681974,"date":"2026-01-22T18:30:11","date_gmt":"2026-01-22T18:30:11","guid":{"rendered":"https:\/\/www.europesays.com\/fr\/681974\/"},"modified":"2026-01-22T18:30:11","modified_gmt":"2026-01-22T18:30:11","slug":"un-outil-de-prediction-de-lage-dans-chatgpt-sera-deploye-dans-lunion-europeenne-les-prochaines-semaines","status":"publish","type":"post","link":"https:\/\/www.europesays.com\/fr\/681974\/","title":{"rendered":"Un outil de pr\u00e9diction de l&rsquo;\u00e2ge dans ChatGPT sera d\u00e9ploy\u00e9 dans l&rsquo;Union europ\u00e9enne les prochaines semaines"},"content":{"rendered":"<p>\n    L\u2019objectif est d\u2019appliquer des mesures de s\u00e9curit\u00e9 pour les mineurs, pour \u00e9viter certaines cons\u00e9quences n\u00e9fastes sur leur sant\u00e9 mentale.<\/p>\n<p class=\"fig-paragraph\">OpenAI a annonc\u00e9 le d\u00e9ploiement dans les prochaines semaines dans l&rsquo;Union europ\u00e9enne de son outil de pr\u00e9diction de l&rsquo;\u00e2ge, au moment o\u00f9 la question de\u00a0<a href=\"http:\/\/www.lefigaro.fr\/secteur\/high-tech\/derriere-l-interdiction-des-reseaux-sociaux-aux-mineurs-le-casse-tete-technique-et-la-bataille-politique-20251216\" data-fig-type=\"Article\" data-gtm-custom-categorie=\"navigation\" data-gtm-custom-action=\"crossclick\" data-gtm-custom-label=\"Contextuel\" data-gtm-event=\"customEventSPE\" data-fig-domain=\"LEFIGARO\" target=\"_blank\" rel=\"noopener\">la protection des mineurs face aux interfaces d&rsquo;intelligence artificielle et aux r\u00e9seaux sociaux est de plus en plus pr\u00e9gnante<\/a>. \u00abNous d\u00e9ployons la pr\u00e9diction de l&rsquo;\u00e2ge sur ChatGPT pour aider \u00e0 d\u00e9terminer quand un compte appartient probablement \u00e0 une personne de moins de 18 ans, afin de pouvoir mettre en place l&rsquo;exp\u00e9rience et les protections ad\u00e9quates pour les adolescents\u00bb, a annonc\u00e9 l&rsquo;entreprise am\u00e9ricaine sur le r\u00e9seau X. Cet outil est d\u00e9ploy\u00e9 \u00e0 travers le monde.<\/p>\n<p class=\"fig-paragraph\">Dans l&rsquo;Union europ\u00e9enne, la pr\u00e9diction de l&rsquo;\u00e2ge sera disponible dans les prochaines semaines pour tenir compte des exigences r\u00e9gionales, a pr\u00e9cis\u00e9 OpenAI sur son site. Ce nouveau dispositif devra en effet se conformer aux diff\u00e9rentes r\u00e9glementations europ\u00e9ennes sur le num\u00e9rique et la protection des donn\u00e9es.<\/p>\n<p>                                            <a class=\"fig-a11y-skip\" href=\"#fig-a11y-skip-main-inarticle\" data-module=\"a11y-skip\" data-context=\"was @visible\"><br \/>\n    Passer la publicit\u00e9<br \/>\n<\/a>            <\/p>\n<p class=\"fig-paragraph\">Concr\u00e8tement l&rsquo;outil d&rsquo;OpenAI va examiner une combinaison de signaux, notamment la dur\u00e9e d&rsquo;existence du compte, les sujets de conversations, les moments de la journ\u00e9e o\u00f9 l&rsquo;utilisateur se connecte ou encore l&rsquo;\u00e2ge d\u00e9clar\u00e9, a expliqu\u00e9 l&rsquo;entreprise. Si la start-up estime qu&rsquo;un compte appartient \u00e0 un mineur, ChatGPT appliquera automatiquement \u00abdes mesures de protection suppl\u00e9mentaires con\u00e7ues pour r\u00e9duire l&rsquo;exposition \u00e0 des contenus sensibles\u00bb, a-t-elle ajout\u00e9.<\/p>\n<p class=\"fig-paragraph\">Le lancement de ce dispositif survient dans un contexte marqu\u00e9 par une s\u00e9rie de suicides d&rsquo;adolescents ayant nou\u00e9 des relations fictives intimes avec des chatbots d&rsquo;IA aux \u00c9tats-Unis. De nombreux pays europ\u00e9ens comme la France cherchent de leur c\u00f4t\u00e9 \u00e0 renforcer la protection des mineurs en ligne, notamment sur les r\u00e9seaux sociaux, Bruxelles ayant lanc\u00e9 une r\u00e9flexion sur la mise en place d&rsquo;une majorit\u00e9 num\u00e9rique \u00e0 l&rsquo;\u00e9chelle de l&rsquo;UE.<\/p>\n","protected":false},"excerpt":{"rendered":"L\u2019objectif est d\u2019appliquer des mesures de s\u00e9curit\u00e9 pour les mineurs, pour \u00e9viter certaines cons\u00e9quences n\u00e9fastes sur leur sant\u00e9&hellip;\n","protected":false},"author":2,"featured_media":681975,"comment_status":"","ping_status":"","sticky":false,"template":"","format":"standard","meta":{"footnotes":""},"categories":[1586],"tags":[11,141,1777,674,1779,1011,27,12,25,1778,364],"class_list":{"0":"post-681974","1":"post","2":"type-post","3":"status-publish","4":"format-standard","5":"has-post-thumbnail","7":"category-europe","8":"tag-actualites","9":"tag-chatgpt","10":"tag-eu","11":"tag-europe","12":"tag-european-union","13":"tag-fr","14":"tag-france","15":"tag-news","16":"tag-republique-francaise","17":"tag-ue","18":"tag-union-europeenne"},"share_on_mastodon":{"url":"https:\/\/pubeurope.com\/@fr\/115940178467992452","error":""},"_links":{"self":[{"href":"https:\/\/www.europesays.com\/fr\/wp-json\/wp\/v2\/posts\/681974","targetHints":{"allow":["GET"]}}],"collection":[{"href":"https:\/\/www.europesays.com\/fr\/wp-json\/wp\/v2\/posts"}],"about":[{"href":"https:\/\/www.europesays.com\/fr\/wp-json\/wp\/v2\/types\/post"}],"author":[{"embeddable":true,"href":"https:\/\/www.europesays.com\/fr\/wp-json\/wp\/v2\/users\/2"}],"replies":[{"embeddable":true,"href":"https:\/\/www.europesays.com\/fr\/wp-json\/wp\/v2\/comments?post=681974"}],"version-history":[{"count":0,"href":"https:\/\/www.europesays.com\/fr\/wp-json\/wp\/v2\/posts\/681974\/revisions"}],"wp:featuredmedia":[{"embeddable":true,"href":"https:\/\/www.europesays.com\/fr\/wp-json\/wp\/v2\/media\/681975"}],"wp:attachment":[{"href":"https:\/\/www.europesays.com\/fr\/wp-json\/wp\/v2\/media?parent=681974"}],"wp:term":[{"taxonomy":"category","embeddable":true,"href":"https:\/\/www.europesays.com\/fr\/wp-json\/wp\/v2\/categories?post=681974"},{"taxonomy":"post_tag","embeddable":true,"href":"https:\/\/www.europesays.com\/fr\/wp-json\/wp\/v2\/tags?post=681974"}],"curies":[{"name":"wp","href":"https:\/\/api.w.org\/{rel}","templated":true}]}}