{"id":681996,"date":"2026-01-22T18:46:13","date_gmt":"2026-01-22T18:46:13","guid":{"rendered":"https:\/\/www.europesays.com\/fr\/681996\/"},"modified":"2026-01-22T18:46:13","modified_gmt":"2026-01-22T18:46:13","slug":"exclu-delphine-wespiser-rejoint-une-autre-emission-de-cyril-hanouna-et-ce-nest-pas-la-seule","status":"publish","type":"post","link":"https:\/\/www.europesays.com\/fr\/681996\/","title":{"rendered":"Exclu. Delphine Wespiser rejoint une autre \u00e9mission de Cyril Hanouna&#8230; et ce n&rsquo;est pas la seule !"},"content":{"rendered":"<p>Apr\u00e8s avoir fait son grand retour aupr\u00e8s de Cyril Hanouna dans Tout beau tout neuf sur W9, Delphine Wespiser s&rsquo;appr\u00eate \u00e0 ajouter une autre \u00e9mission dans son escarcelle.<\/p>\n<p>Chaque apr\u00e8s-midi de la semaine entre 16h et 18h, <b>c&rsquo;est le rendez-vous que tout fan de Cyril Hanouna ne manquerait pour rien au monde<\/b> : l&rsquo;\u00e9mission Tout beau tout fun. \u00c9mission de divertissement pr\u00e9sent\u00e9e dans un studio situ\u00e9 \u00e0 proximit\u00e9 imm\u00e9diate de celui de Tout beau tout neuf, <a href=\"https:\/\/www.programme-tv.net\/news\/tv\/395300-tout-beau-tout-neuf-gilles-verdez-absent-durant-plusieurs-jours-dans-l-emission-cyril-hanouna-donne-la-date-de-son-retour\/\" data-api-deeplink=\"teleloisirs:\/\/news\/395300\" target=\"_blank\" rel=\"noopener\">le talk de W9<\/a>, elle r\u00e9unit toute une bande autour du c\u00e9l\u00e8bre animateur avec des personnalit\u00e9s qui le suivent depuis de nombreuses ann\u00e9es comme <a href=\"https:\/\/www.programme-tv.net\/biographie\/9864-benaim-valerie\/\" data-link-people=\"94df6d69-972b-4696-b537-3e0e6060c661\" target=\"_blank\" rel=\"noopener\">Val\u00e9rie Bena\u00efm<\/a>, <a href=\"https:\/\/www.programme-tv.net\/news\/people\/390585-on-a-eu-tres-peur-geraldine-maillet-chute-sur-le-plateau-de-tout-beau-tout-fun-et-fait-une-belle-frayeur-a-cyril-hanouna\/\" data-api-deeplink=\"teleloisirs:\/\/news\/390585\" target=\"_blank\" rel=\"noopener\">G\u00e9raldine Maillet<\/a>, <a href=\"https:\/\/www.programme-tv.net\/biographie\/353826-aabou-raymond\/\" data-link-people=\"381d09a0-8e53-4bfa-a321-64592296fc0b\" target=\"_blank\" rel=\"noopener\">Raymond Aabou<\/a>, <a href=\"https:\/\/www.programme-tv.net\/biographie\/179572-verdez-gilles\/\" data-link-people=\"ebe64c94-3790-4a64-a7a4-a4fd083b9cf4\" target=\"_blank\" rel=\"noopener\">Gilles Verdez<\/a> ou encore <a href=\"https:\/\/www.programme-tv.net\/biographie\/43061-lecoeuvre-fabien\/\" data-link-people=\"0aeba644-946c-49e4-9bce-63b3cf8a2e14\" target=\"_blank\" rel=\"noopener\">Fabien Lecoeuvre<\/a>. Tout beau tout fun a \u00e9galement <a href=\"https:\/\/www.programme-tv.net\/news\/people\/389411-il-ne-pouvait-pas-dire-grand-chose-capucine-anav-loin-de-son-mari-elle-raconte-sa-folle-soiree-dans-tout-beau-tout-fun\/\" data-api-deeplink=\"teleloisirs:\/\/news\/389411\" target=\"_blank\" rel=\"noopener\">remis dans la lumi\u00e8re Capucine Anav<\/a> qui l&rsquo;avait c\u00f4toy\u00e9 dans Touche pas \u00e0 mon poste sur feu C8.<\/p>\n<p>Pendant deux heures, les auditeurs peuvent suivre des d\u00e9bats enflamm\u00e9s sur les sujets du moment, des jeux, de l&rsquo;actu people et des canulars. Une des rubriques phares est d&rsquo;ailleurs La petite annonce, s\u00e9quence au cours de laquelle Cyril Hanouna prend la voix d&rsquo;un certain Warren Boutboul pour contacter en direct des vendeurs ayant mis leurs biens en vente sur Le bon coin. Cela donne souvent des moments lunaires.<\/p>\n<p>                        Tout beau tout fun sur Fun Radio : deux nouvelles chroniqueuses rejoignent Cyril Hanouna<\/p>\n<p>Et d\u00e8s ce lundi 26 janvier 2026, <b>selon les informations de <\/b><b>T\u00e9l\u00e9-Loisirs<\/b><b>, <\/b><b>Tout beau tout fun<\/b><b> s&rsquo;appr\u00eate \u00e0 \u00e9largir son cercle de chroniqueurs en accueillant deux nouvelles recrues <\/b>autour de sa table. Il s&rsquo;agit tout d&rsquo;abord de Delphine Wespiser. L&rsquo;animatrice de <a href=\"https:\/\/www.programme-tv.net\/news\/tele-realite\/396142-l-ile-de-la-tentation-2026-qui-sont-les-candidats-de-cette-nouvelle-saison-photos\/\" data-api-deeplink=\"teleloisirs:\/\/news\/396142\" target=\"_blank\" rel=\"noopener\">L&rsquo;\u00eele de la tentation<\/a>, dont le lancement de la nouvelle saison a cartonn\u00e9, <a href=\"https:\/\/www.programme-tv.net\/news\/tv\/395873-delphine-wespiser-reintegre-la-bande-de-cyril-hanouna-apres-trois-ans-d-absence-son-compagnon-roger-a-joue-un-role-dans-son-retour\/\" data-api-deeplink=\"teleloisirs:\/\/news\/395873\" target=\"_blank\" rel=\"noopener\">avait d\u00e9j\u00e0 fait son retour officiel dans la bande du trublion sur W9<\/a> et sera donc d\u00e9sormais pr\u00e9sente sur les deux antennes du groupe M6.<\/p>\n<p>Deuxi\u00e8me et dernier nom : celui de Polska, influenceuse \u00e2g\u00e9e de 26 ans, qui fait partie des piliers de Tout beau tout neuf sur W9. La jeune femme \u00e9tait d\u00e9j\u00e0 intervenue sur l&rsquo;antenne de Fun Radio pour des remplacements ponctuels. <a href=\"https:\/\/www.programme-tv.net\/news\/tv\/396167-j-ai-un-gros-trou-dedans-polska-se-confie-sans-filtre-sur-sa-chirurgie-ratee-du-nez-dans-tout-beau-tout-neuf\/\" data-api-deeplink=\"teleloisirs:\/\/news\/396167\" target=\"_blank\" rel=\"noopener\">Son naturel et son franc parler<\/a> ayant \u00e9t\u00e9 appr\u00e9ci\u00e9s, elle a ainsi confirm\u00e9 l&rsquo;essai. Malgr\u00e9 ces deux nouvelles recrues, l&rsquo;\u00e9mission de Cyril Hanouna continuera \u00e0 accueillir six chroniqueurs en alternance chaque jour.<\/p>\n","protected":false},"excerpt":{"rendered":"Apr\u00e8s avoir fait son grand retour aupr\u00e8s de Cyril Hanouna dans Tout beau tout neuf sur W9, Delphine&hellip;\n","protected":false},"author":2,"featured_media":681997,"comment_status":"","ping_status":"","sticky":false,"template":"","format":"standard","meta":{"footnotes":""},"categories":[1356],"tags":[244,1083,73715,33841,58,59,10063,1011,27,6034,2173,252,12663,12661,1364],"class_list":{"0":"post-681996","1":"post","2":"type-post","3":"status-publish","4":"format-standard","5":"has-post-thumbnail","7":"category-television","8":"tag-commentaire","9":"tag-cyril-hanouna","10":"tag-delphine-wespirer","11":"tag-delphine-wespiser","12":"tag-divertissement","13":"tag-entertainment","14":"tag-fact-checking","15":"tag-fr","16":"tag-france","17":"tag-fun-radio","18":"tag-interview","19":"tag-television","20":"tag-tl","21":"tag-tm","22":"tag-tv"},"share_on_mastodon":{"url":"https:\/\/pubeurope.com\/@fr\/115940241252951711","error":""},"_links":{"self":[{"href":"https:\/\/www.europesays.com\/fr\/wp-json\/wp\/v2\/posts\/681996","targetHints":{"allow":["GET"]}}],"collection":[{"href":"https:\/\/www.europesays.com\/fr\/wp-json\/wp\/v2\/posts"}],"about":[{"href":"https:\/\/www.europesays.com\/fr\/wp-json\/wp\/v2\/types\/post"}],"author":[{"embeddable":true,"href":"https:\/\/www.europesays.com\/fr\/wp-json\/wp\/v2\/users\/2"}],"replies":[{"embeddable":true,"href":"https:\/\/www.europesays.com\/fr\/wp-json\/wp\/v2\/comments?post=681996"}],"version-history":[{"count":0,"href":"https:\/\/www.europesays.com\/fr\/wp-json\/wp\/v2\/posts\/681996\/revisions"}],"wp:featuredmedia":[{"embeddable":true,"href":"https:\/\/www.europesays.com\/fr\/wp-json\/wp\/v2\/media\/681997"}],"wp:attachment":[{"href":"https:\/\/www.europesays.com\/fr\/wp-json\/wp\/v2\/media?parent=681996"}],"wp:term":[{"taxonomy":"category","embeddable":true,"href":"https:\/\/www.europesays.com\/fr\/wp-json\/wp\/v2\/categories?post=681996"},{"taxonomy":"post_tag","embeddable":true,"href":"https:\/\/www.europesays.com\/fr\/wp-json\/wp\/v2\/tags?post=681996"}],"curies":[{"name":"wp","href":"https:\/\/api.w.org\/{rel}","templated":true}]}}