{"id":68225,"date":"2025-05-02T01:50:11","date_gmt":"2025-05-02T01:50:11","guid":{"rendered":"https:\/\/www.europesays.com\/fr\/68225\/"},"modified":"2025-05-02T01:50:11","modified_gmt":"2025-05-02T01:50:11","slug":"le-centre-des-congres-du-port-de-nice-qui-recevra-le-sommet-des-nations-unies-sur-locean-en-juin-vient-detre-livre-a-letat","status":"publish","type":"post","link":"https:\/\/www.europesays.com\/fr\/68225\/","title":{"rendered":"Le centre des congr\u00e8s du port de Nice, qui recevra le sommet des Nations Unies sur l\u2019Oc\u00e9an en juin, vient d\u2019\u00eatre livr\u00e9 \u00e0 l\u2019\u00c9tat"},"content":{"rendered":"<p>J &#8211; 40 jours avant le sommet des Nations Unies sur l\u2019Oc\u00e9an, qui se tiendra \u00e0 Nice du 9 au 13 juin prochains. La Ville a symboliquement remis, ce mercredi 30 avril, les cl\u00e9s des infrastructures qui accueilleront les d\u00e9l\u00e9gations officielles \u00e0 l\u2019\u00c9tat. Trois b\u00e2timents \u00e9rig\u00e9s en un temps record sur le quai Infernet.<\/p>\n<p>Des infrastructures semi-provisoires dont le permis a \u00e9t\u00e9 accord\u00e9 pour 3 ans mais dont la dur\u00e9e de vie devrait \u00eatre prolong\u00e9e au moins jusqu\u2019en 2030 \u00ab\u00a0gr\u00e2ce \u00e0 la loi sur les jeux olympiques qui doit \u00eatre vot\u00e9e en juin\u00a0\u00bb, a insist\u00e9 Christian Estrosi, le maire de Nice.<\/p>\n<p>\u00ab\u00a0Un honneur qui vous appartient\u00a0\u00bb<\/p>\n<p>              <img ci-src=\"https:\/\/www.nicematin.com\/environnement\/protec\/DATA_ART_15433717-xcfjHXL9.jpg?vh=a16240&amp;ci_seal=8df06893a6\" alt=\"\"\/><br \/>\n        Livraison des futurs b\u00e2timents du palais des Congr\u00e8s sur le quai Infernet \u00e0 Nice le 30 avril. Presence du maire de Nice Christian Estrosi et d&rsquo;Olivier Poivre d&rsquo;Arvor, envoye special du President de la R\u00e9publique pour la Conference des Nations Unies sur l&rsquo;Ocean. <strong>Justine Meddah \/ Nice Matin.<\/strong> <\/p>\n<p>Cette c\u00e9r\u00e9monie \u00e9tait aussi l\u2019occasion de faire d\u00e9couvrir en avant-premi\u00e8re ces nouveaux \u00e9quipements aux Ni\u00e7ois, avant qu\u2019ils ne deviennent territoire onusien.<\/p>\n<p>Notamment le centre des congr\u00e8s au sein duquel, sur une surface \u00ab\u00a0\u00e9quivalente \u00e0 deux terrains de foot\u00a0\u00bb, va \u00eatre am\u00e9nag\u00e9e une r\u00e9plique \u00ab\u00a0\u00e0 l\u2019identique\u00a0\u00bb de la salle pl\u00e9ni\u00e8re de l\u2019assembl\u00e9e g\u00e9n\u00e9rale des Nations Unies \u00e0 New York. Afin d\u2019y accueillir \u00ab\u00a0la plan\u00e8te enti\u00e8re\u00a0\u00bb. Une \u00ab\u00a0fiert\u00e9\u00a0\u00bb, pour le maire de Nice. \u00ab\u00a0Un honneur qui vous appartient\u00a0\u00bb, a-t-il lanc\u00e9 \u00e0 la foule des curieux qui se pressaient, ce mercredi matin, sur le port.<\/p>\n<p>Car \u00ab\u00a0ces \u00e9quipements sont M\u00e9tropolitains\u00a0\u00bb, a encore insist\u00e9 l\u2019\u00e9dile qui a pr\u00e9sent\u00e9 ces \u00ab\u00a0trois salles\u00a0\u00bb comme \u00ab\u00a0l\u2019h\u00e9ritage\u00a0\u00bb des Ni\u00e7oises et des Ni\u00e7ois. L\u2019\u00c9tat et l\u2019ONU en restitueront les cl\u00e9s \u00e0 la collectivit\u00e9 locale au lendemain de la conf\u00e9rence.<\/p>\n<p>\u00ab\u00a070 \u00e9v\u00e9nements programm\u00e9s\u00a0\u00bb<\/p>\n<p>La Ville a d\u2019ores et d\u00e9j\u00e0 pr\u00e9vu d\u2019y organiser durant l\u2019\u00e9t\u00e9 une exposition interactive. Avant de r\u00e9am\u00e9nager enti\u00e8rement les lieux. Le centre des congr\u00e8s deviendra alors \u00ab\u00a0une salle modulable capable d\u2019accueillir aussi bien des spectacles, des concerts que des congr\u00e8s\u00a0\u00bb. Sa commercialisation a d\u2019ailleurs d\u2019ores et d\u00e9j\u00e0 \u00e9t\u00e9 lanc\u00e9e. Le maire annonce \u00ab\u00a070 \u00e9v\u00e9nements programm\u00e9s\u00a0\u00bb. Ce sera l\u2019une des sources de financement de ces nouvelles infrastructures qui, promet-il, ne p\u00e8seront pas sur \u00ab\u00a0l\u2019imp\u00f4t des Ni\u00e7ois\u00a0\u00bb.<\/p>\n<p>M\u00eame si \u00ab\u00a0les r\u00e8gles du jeu\u00a0\u00bb ont quelque peu \u00e9volu\u00e9 en cours de route, reconna\u00eet Christian Estrosi. \u00ab\u00a0L\u2019\u00c9tat avait d\u00e9cid\u00e9 d\u2019am\u00e9nager cette structure et de nous la laisser en h\u00e9ritage\u00a0\u00bb, rappelle le maire de Nice. Au final c\u2019est pourtant bien la collectivit\u00e9 locale qui r\u00e9glera la facture de 23 millions d\u2019euros, conc\u00e8de-t-il: \u00ab\u00a0Quand j\u2019ai vu que le minist\u00e8re des Affaires \u00e9trang\u00e8res prenait un peu de retard, j\u2019ai dit bon&#8230; On va prendre la d\u00e9cision, d\u00e8s lors que nous trouvons les bons \u00e9quilibres financiers, de r\u00e9aliser nous-m\u00eames cet \u00e9quipement.\u00a0\u00bb<\/p>\n<p>23 millions amortissables \u00ab\u00a0en 2 ans et demi\u00a0\u00bb<\/p>\n<p>              <img ci-src=\"https:\/\/www.nicematin.com\/environnement\/protec\/DATA_ART_15433714-IUzRlY7f.jpg?vh=d198ae&amp;ci_seal=0c0bcbea10\" alt=\"\"\/><br \/>\n        Livraison des futurs b\u00e2timents du palais des Congres sur le quai Infernet \u00e0 Nice le 30 avril. Presence du maire de Nice Christian Estrosi et d&rsquo;Olivier Poivre d&rsquo;Arvor, envoye special du President de la R\u00e9publique pour la Conference des Nations Unies sur l&rsquo;Ocean. <strong>Justine Meddah \/ Nice Matin.<\/strong> <\/p>\n<p>Pour autant, le maire de Nice promet que cet investissement ne p\u00e8sera pas sur les finances de la ville ou de la M\u00e9tropole. \u00ab\u00a0Il sera financ\u00e9 par les usagers du port et par les locations\u00a0\u00bb, assure Christian Estrosi qui table sur une p\u00e9riode d\u2019amortissement tr\u00e8s courte: \u00ab\u00a0Deux ans ou deux ans et demi contre trente ans pour le tramway\u00a0\u00bb.<\/p>\n<p>Le premier des \u00ab\u00a0locataires\u00a0\u00bb du lieu sera donc l\u2019\u00c9tat fran\u00e7ais. Au total, son occupation et les am\u00e9nagements annexes \u2013 comme la v\u00e9g\u00e9talisation du site, qu\u2019il s\u2019est engag\u00e9 \u00e0 prendre \u00e0 sa charge \u2013, devraient ramener \u00ab\u00a0environ 5 millions d\u2019euros dans les caisses de la M\u00e9tropole\u00a0\u00bb. \u00ab\u00a0Dont pr\u00e8s de 2 millions pour l\u2019\u00e9dification d\u2019un mur v\u00e9g\u00e9tal tout le long du quai qui lui aussi restera en h\u00e9ritage\u00a0\u00bb, annonce encore Christian Estrosi.<\/p>\n<p>4 fois plus cher que Lisbonne mais 4 fois moins que la COP21<\/p>\n<p>\u00c0 en croire le maire, l\u2019op\u00e9ration ne serait pas si mauvaise pour Nice m\u00eame si le budget initial allou\u00e9 \u00e0 l\u2019op\u00e9ration n\u2019\u00e9tait que de 20 millions d\u2019euros. En est-il de m\u00eame pour l\u2019\u00c9tat? Il y a quelques jours, le journal Mediapart rapportait les inqui\u00e9tudes, jusqu\u2019au sein du gouvernement, que suscitait le \u00ab\u00a0d\u00e9rapage\u00a0\u00bb du budget de cette conf\u00e9rence sur l\u2019Oc\u00e9an dont l\u2019enveloppe de 47,5 millions d\u2019euros est d\u00e9j\u00e0 pass\u00e9e \u00e0 52 millions. Un budget quatre fois plus \u00e9lev\u00e9 que celui consacr\u00e9 par Lisbonne \u00e0 la pr\u00e9c\u00e9dente \u00e9dition de ce rendez-vous onusien<\/p>\n<p>Mais \u00ab\u00a0quatre fois moins \u00e9lev\u00e9 que le co\u00fbt de la Cop 21\u00a0\u00bb qui s\u2019\u00e9tait tenue en 2015 et \u00e0 laquelle Paris avait consacr\u00e9 pr\u00e8s de 221 millions d\u2019euros. \u00ab\u00a0Pour un \u00e9v\u00e9nement international d\u2019envergure \u00e0 peu pr\u00e8s similaire\u00a0\u00bb, a tenu \u00e0 relativiser Olivier Poivre d\u2019Arvor, l\u2019envoy\u00e9 sp\u00e9cial du pr\u00e9sident Macron pour cette conf\u00e9rence sur l\u2019Oc\u00e9an dont il rappelle l\u2019enjeu: \u00ab\u00a0Un trait\u00e9 historique sur la haute mer qui couvre 60% de la surface maritime et 50% de la plan\u00e8te\u00a0\u00bb. Un accord international aux enjeux cruciaux et qui, s\u2019il est adopt\u00e9, \u00ab\u00a0restera comme le trait\u00e9 de Nice\u00a0\u00bb.<\/p>\n","protected":false},"excerpt":{"rendered":"J &#8211; 40 jours avant le sommet des Nations Unies sur l\u2019Oc\u00e9an, qui se tiendra \u00e0 Nice du&hellip;\n","protected":false},"author":2,"featured_media":68226,"comment_status":"","ping_status":"","sticky":false,"template":"","format":"standard","meta":{"footnotes":""},"categories":[2819],"tags":[1111,11,436,1777,674,1011,27,12,2401,882,25],"class_list":{"0":"post-68225","1":"post","2":"type-post","3":"status-publish","4":"format-standard","5":"has-post-thumbnail","7":"category-nice","8":"tag-actu","9":"tag-actualites","10":"tag-environnement","11":"tag-eu","12":"tag-europe","13":"tag-fr","14":"tag-france","15":"tag-news","16":"tag-nice","17":"tag-provence-alpes-cote-dazur","18":"tag-republique-francaise"},"share_on_mastodon":{"url":"https:\/\/pubeurope.com\/@fr\/114435733894071222","error":""},"_links":{"self":[{"href":"https:\/\/www.europesays.com\/fr\/wp-json\/wp\/v2\/posts\/68225","targetHints":{"allow":["GET"]}}],"collection":[{"href":"https:\/\/www.europesays.com\/fr\/wp-json\/wp\/v2\/posts"}],"about":[{"href":"https:\/\/www.europesays.com\/fr\/wp-json\/wp\/v2\/types\/post"}],"author":[{"embeddable":true,"href":"https:\/\/www.europesays.com\/fr\/wp-json\/wp\/v2\/users\/2"}],"replies":[{"embeddable":true,"href":"https:\/\/www.europesays.com\/fr\/wp-json\/wp\/v2\/comments?post=68225"}],"version-history":[{"count":0,"href":"https:\/\/www.europesays.com\/fr\/wp-json\/wp\/v2\/posts\/68225\/revisions"}],"wp:featuredmedia":[{"embeddable":true,"href":"https:\/\/www.europesays.com\/fr\/wp-json\/wp\/v2\/media\/68226"}],"wp:attachment":[{"href":"https:\/\/www.europesays.com\/fr\/wp-json\/wp\/v2\/media?parent=68225"}],"wp:term":[{"taxonomy":"category","embeddable":true,"href":"https:\/\/www.europesays.com\/fr\/wp-json\/wp\/v2\/categories?post=68225"},{"taxonomy":"post_tag","embeddable":true,"href":"https:\/\/www.europesays.com\/fr\/wp-json\/wp\/v2\/tags?post=68225"}],"curies":[{"name":"wp","href":"https:\/\/api.w.org\/{rel}","templated":true}]}}