{"id":682280,"date":"2026-01-22T21:35:22","date_gmt":"2026-01-22T21:35:22","guid":{"rendered":"https:\/\/www.europesays.com\/fr\/682280\/"},"modified":"2026-01-22T21:35:22","modified_gmt":"2026-01-22T21:35:22","slug":"qui-se-cache-derriere-luminiscence-ce-spectacle-grandiose-bientot-installe-dans-ce-lieu-mythique-de-rennes","status":"publish","type":"post","link":"https:\/\/www.europesays.com\/fr\/682280\/","title":{"rendered":"Qui se cache derri\u00e8re Luminiscence, ce spectacle grandiose bient\u00f4t install\u00e9 dans ce lieu mythique de Rennes\u00a0?"},"content":{"rendered":"<p>                    Par<br \/>\n        <strong><br \/>\n            <a href=\"https:\/\/actu.fr\/auteur\/brian-legoff\" title=\"Consulter tous les articles de Brian Le Goff\" target=\"_blank\" rel=\"noopener\">Brian Le Goff<\/a><br \/>\n                    <\/strong><\/p>\n<p>        Publi\u00e9 le<\/p>\n<p>            22 janv. 2026 \u00e0 18h41        <\/p>\n<p>Luminiscence a d\u00e9j\u00e0 conquis un <strong>million de spectateurs<\/strong> \u00e0 travers une <strong>dizaine de villes en Europe, en Am\u00e9rique du Nord et du Sud<\/strong> depuis fin 2023. Son concept\u2009? Offrir une <strong>exp\u00e9rience immersive avec un ch\u0153ur musical en live<\/strong> au sein de monuments patrimoniaux remarquables, en particulier les cath\u00e9drales et basiliques. Apr\u00e8s Bordeaux, Paris, Manchester, S\u00e3o Paulo, Minneapolis entre autres, l\u2019entreprise fran\u00e7aise, fond\u00e9e il y a pr\u00e8s de trois ans, d\u00e9barque \u00e0 Rennes. Pour <a href=\"https:\/\/actu.fr\/rennes\/\" target=\"_blank\" rel=\"noopener\">actu Rennes<\/a>, <strong>Romain Safarti, l\u2019un des cofondateurs,<\/strong> revient sur la gen\u00e8se de ce projet et nous d\u00e9crit le spectacle que vont d\u00e9couvrir des milliers de Rennais, et m\u00eame Bretons, dans les prochaines semaines.<\/p>\n<p>\u00ab\u2009Des mappings pour l\u2019int\u00e9rieur des cath\u00e9drales et basiliques les plus belles\u2009\u00bb<\/p>\n<p class=\" wall-content\">Dans les faits, derri\u00e8re Luminiscence, il s\u2019agit de la <strong>soci\u00e9t\u00e9 Lotchi*<\/strong>, cofond\u00e9e par Romain Safarti, et <strong>\u00ab\u2009deux directeurs techniques\u2009\u00bb. <\/strong>\u00ab\u2009Apr\u00e8s douze ans en Asie, je suis rentr\u00e9 en France il y a pr\u00e8s de trois ans et c\u2019est la<strong> rencontre avec Olivier et Thomas dans un pr\u00e9c\u00e9dent projet audiovisuel<\/strong> qui a abouti \u00e0 lancer Luminiscence\u2009\u00bb, raconte le cofondateur.<\/p>\n<p class=\" wall-content\">En quelques mois, les trois hommes vont imaginer un <strong>premier spectacle de projections \u00e0 l\u2019int\u00e9rieur de la <a href=\"https:\/\/actu.fr\/nouvelle-aquitaine\/bordeaux_33063\/vu-son-succes-fou-le-spectacle-luminescence-joue-les-prolongations-a-la-cathedrale-de-bordeaux_60420223.html\" target=\"_blank\" rel=\"noopener\">cath\u00e9drale de Bordeaux<\/a><\/strong>. S\u2019en suivra d\u2019autres \u00e0 Paris, Lille, Rouen, Nice\u2009: \u00ab\u2009C\u2019est une aventure exceptionnelle qui n\u2019a commenc\u00e9 qu\u2019en une simple \u00e9tincelle d\u2019id\u00e9e.\u2009\u00bb<\/p>\n<blockquote class=\"ac-article-quote wall-content\">\n<p>On voit souvent des mappings sur les fa\u00e7ades de monuments historiques. Nous, on a fait un choix un peu diff\u00e9rent en coneevant des mappings pour l&rsquo;int\u00e9rieur des cath\u00e9drales et basiliques les plus belles de France et du monde avec de la musique, de l&rsquo;histoire et de l&rsquo;art visuel.<\/p>\n<p>    <strong>Romain Safarti<\/strong>\n            <\/p><\/blockquote>\n<p class=\" wall-content\">Dans ces shows grandioses, Luminiscence <strong>\u00ab\u2009retrace l\u2019histoire du lieu religieux\u2009\u00bb<\/strong> et <strong>s\u2019ouvre aussi \u00e0 celle du territoire<\/strong>\u00a0autour du b\u00e2timent mis en lumi\u00e8re. \u00ab\u2009L\u00e0, par exemple, on parle aussi de la r\u00e9gion <a href=\"https:\/\/actu.fr\/bretagne\/\" target=\"_blank\" rel=\"noopener\">Bretagne<\/a>, de la ville de Rennes et on parcourt les si\u00e8cles travers\u00e9s par la basilique. Gr\u00e2ce aux projections, on lui redonne vie et <strong>met aussi en lumi\u00e8re tous ses d\u00e9tails architecturaux\u2009\u00bb<\/strong>, d\u00e9veloppe Romain Safarti.<\/p>\n<p>    <img   decoding=\"async\" loading=\"lazy\" src=\"https:\/\/www.europesays.com\/fr\/wp-content\/uploads\/2026\/01\/montage-actu-rennes-960x640.png\" alt=\"Romain Safarti, un des confondatuers de Luminiscence.\" width=\"960\" height=\"640\"\/><br \/>\n    Romain Safarti, un des cofondateurs de Luminiscence. (\u00a9Photo Linkedin)\u00ab\u2009Rennes \u00e9tait une ville qui nous int\u00e9ressait depuis un moment\u2009\u00bb<\/p>\n<p class=\" wall-content\">Pour arriver \u00e0 ce r\u00e9sultat, le cofondateur de Lotchi explique qu\u2019il faut <strong>six mois de pr\u00e9paration<\/strong> pour chaque spectacle\u2009: \u00ab\u2009On est <strong>venu scanner le b\u00e2timent en 3D<\/strong> pour ensuite <strong>redessiner, animer et coloriser\u00a0en studio<\/strong><strong>\u00a0<\/strong>chaque partie de la basilique.\u2009\u00bb<\/p>\n<p>Votre r\u00e9gion, votre actu !<\/p>\n<p>Recevez chaque jour les infos qui comptent pour vous.<\/p>\n<p>\t<a href=\"https:\/\/actu.fr\/newsletter\" class=\"ac-btn ac-btn--corner ac-btn--medium ac-btn--blue800\" target=\"_blank\" rel=\"noopener\">S&rsquo;incrire<\/a><\/p>\n<p class=\" wall-content\">Mais pourquoi la capitale bretonne a-t-elle attir\u00e9 Luminiscence\u2009? \u00ab\u2009Rennes \u00e9tait une ville qui nous int\u00e9ressait depuis un moment. C\u2019est une <strong>m\u00e9tropole, jeune, culturelle, dynamique, <\/strong>avec un public curieux, profond\u00e9ment attach\u00e9 \u00e0 son patrimoine. En fait, on a commenc\u00e9 par les plus grandes villes et Rennes arrivait enfin en haut de notre liste.\u2009\u00bb<\/p>\n<p class=\" wall-content\">Les concepteurs de Luminiscence ont \u00e9chang\u00e9 avec la mairie, le dioc\u00e8se et tous les acteurs engag\u00e9s dans ce lieu.<\/p>\n<blockquote class=\"ac-article-quote wall-content\">\n<p>\u00c7a a \u00e9t\u00e9 assez \u00e9vident car la mairie souhaite redonner vie \u00e0 la basilique et le dioc\u00e8se est content d&rsquo;accueillir un large public. On a aussi pu d\u00e9montrer que notre projet avait d\u00e9j\u00e0 eu un succ\u00e8s large ailleurs.<\/p>\n<p>    <strong>Romain Safarti<\/strong>\n            <\/p><\/blockquote>\n<p class=\" wall-content\">Ce ne sont pas moins de <strong>2\u2009000\u00a0m\u00e8tres carr\u00e9s<\/strong> de surface sous la nef de 60\u00a0m\u00e8tres de long et 20\u00a0m\u00e8tres de large de la basilique qui vont \u00eatre illumin\u00e9s gr\u00e2ce \u00e0 une vingtaine de vid\u00e9oprojecteurs\u2009: \u00ab\u2009Ce sont des proportions assez incroyables qui donnent toute sa force \u00e0 notre spectacle que les spectateurs d\u00e9couvriront assis.\u2009\u00bb<\/p>\n<p><a class=\"jo-module-caroussel__img-container\" href=\"https:\/\/static.actu.fr\/uploads\/2026\/01\/luminiscence-rennes-1.jpg\" title=\"Agrandir la photo Un aper\u00e7u d\u2019un pr\u00e9c\u00e9dent \u00e9v\u00e9nement Luminiscence. (\u00a9 Luminiscence)\" data-idx=\"1\" target=\"_blank\" rel=\"noopener\"><br \/>\n    <img decoding=\"async\" class=\"jo-module-caroussel__img\" loading=\"lazy\" src=\"https:\/\/www.europesays.com\/fr\/wp-content\/uploads\/2026\/01\/luminiscence-rennes-1-640x427.jpg\" alt=\"Un aper\u00e7u d\u2019un pr\u00e9c\u00e9dent \u00e9v\u00e9nement Luminiscence. (\u00a9 Luminiscence)\" width=\"640\" height=\"427\"\/><\/a><a class=\"jo-module-caroussel__img-container\" href=\"https:\/\/static.actu.fr\/uploads\/2026\/01\/basilique-saint-aubin-place-sainte-anne-rennes.jpeg\" title=\"Agrandir la photo La basilique Saint-Aubin en Notre-Dame de Bonne Nouvelle, place Sainte-Anne, dans le centre historique de Rennes, va accueillir Luminiscence. (\u00a9 Brian Le Goff \/ actu Rennes)\" data-idx=\"2\" target=\"_blank\" rel=\"noopener\"><br \/>\n    <img decoding=\"async\" class=\"jo-module-caroussel__img\" loading=\"lazy\" src=\"https:\/\/www.europesays.com\/fr\/wp-content\/uploads\/2026\/01\/basilique-saint-aubin-place-sainte-anne-rennes-640x427.jpeg\" alt=\"La basilique Saint-Aubin en Notre-Dame de Bonne Nouvelle, place Sainte-Anne, dans le centre historique de Rennes, va accueillir Luminiscence. (\u00a9 Brian Le Goff \/ actu Rennes)\" width=\"640\" height=\"427\"\/><\/a>Premi\u00e8re ouverture au public le 11\u00a0f\u00e9vrier<\/p>\n<p class=\" wall-content\">D\u00e9but f\u00e9vrier, les \u00e9quipes vont venir installer tout le mat\u00e9riel de projection. Le <strong>premier rendez-vous ouvert au public<\/strong> est en effet pr\u00e9vu le <strong>mercredi 11\u00a0f\u00e9vrier<\/strong> prochain.<\/p>\n<p class=\" wall-content\">Les projections auront lieu <strong>deux fois chaque soir, du mercredi au samedi<\/strong>. Il y aura <strong>deux formats<\/strong> diff\u00e9rents\u2009: \u00ab\u2009Les vendredis et samedis, un<strong> ch\u0153ur en live viendra enrichir la bande enregistr\u00e9e<\/strong> de notre orchestre. Les mercredis et jeudis, le prix sera donc plus accessible sans ce bonus.\u2009\u00bb<\/p>\n<p>Pourquoi Luminiscence ne s&rsquo;est pas install\u00e9e dans la cath\u00e9drale de Rennes ?<\/p>\n<p>Tout simplement \u00e0 cause des nombreux ornements dor\u00e9s qui habillent l&rsquo;\u00e9difice religieux magistral, explique Romain Safarti, aupr\u00e8s d&rsquo;actu Rennes.<\/p>\n<p class=\" wall-content\">Luminiscence doit rester pr\u00e9sent au sein de la basilique Saint-Aubin<strong> \u00ab\u2009jusqu\u2019\u00e0 fin avril\u00a02026, si le succ\u00e8s est au rendez-vous\u2009\u00bb<\/strong>. Une centaine de repr\u00e9sentations sont ainsi pr\u00e9vues. \u00ab\u2009Au total, ce sont une\u00a0<strong>cinquantaine de personnes qui auront \u00e9t\u00e9 mobilis\u00e9es<\/strong>\u00a0sur cet \u00e9v\u00e9nement entre les artistes num\u00e9riques, la vingtaine de techniciens et tous ceux charg\u00e9s de la promotion, etc.\u2009\u00bb<\/p>\n<p class=\" wall-content\"><a href=\"https:\/\/luminiscence.com\/rennes\/?utm_source=google&amp;utm_medium=sc_brand&amp;utm_campaign=527560_rns&amp;utm_content=792875871559&amp;utm_term=luminiscence%20rennes_e&amp;gad_source=1&amp;gad_campaignid=23463340244&amp;gbraid=0AAAAADGO9U9UrFffza7JC4uDF_cV7ebFu&amp;gclid=CjwKCAiAj8LLBhAkEiwAJjbY720SDgLBepaYTKNLzZgPFN3WziHBlbXLEtoVuyOn1EaSfZLVw6QuFBoCR5YQAvD_BwE\" target=\"_blank\" rel=\"noopener\">Acc\u00e8s \u00e0 la billetterie (comptez\u00a0<\/a><\/p>\n<p>(*) Lotchi a \u00e9t\u00e9 acquise il y a pr\u00e8s d\u2019un an par le g\u00e9ant audiovisuel Banijay\u2009: ce groupe est, lui, d\u00e9tenu par le milliardaire St\u00e9phane Courbit, Vivendi (appartenant \u00e0 hauteur de pr\u00e8s de 30\u2009% au groupe Bollor\u00e9) et De Agostini Group.<\/p>\n<p class=\" wall-content\">Personnalisez votre actualit\u00e9 en ajoutant vos villes et m\u00e9dias en favori avec <a href=\"https:\/\/moncompte.actu.fr\" title=\"D\u00e9couvez Mon Actu\" rel=\"nofollow noopener\" data-trk=\"{&quot;cta&quot;:{&quot;action&quot;:&quot;https:\\\/\\\/moncompte.actu.fr&quot;,&quot;category&quot;:&quot;mon compte&quot;,&quot;from&quot;:&quot;article footer&quot;,&quot;name&quot;:&quot;Mon actu&quot;,&quot;type&quot;:&quot;cta&quot;}}\" target=\"_blank\">Mon Actu<\/a>.<\/p>\n","protected":false},"excerpt":{"rendered":"Par Brian Le Goff Publi\u00e9 le 22 janv. 2026 \u00e0 18h41 Luminiscence a d\u00e9j\u00e0 conquis un million de&hellip;\n","protected":false},"author":2,"featured_media":682281,"comment_status":"","ping_status":"","sticky":false,"template":"","format":"standard","meta":{"footnotes":""},"categories":[2821],"tags":[1111,11,829,1777,674,1011,27,1652,12,584,25,853],"class_list":{"0":"post-682280","1":"post","2":"type-post","3":"status-publish","4":"format-standard","5":"has-post-thumbnail","7":"category-rennes","8":"tag-actu","9":"tag-actualites","10":"tag-bretagne","11":"tag-eu","12":"tag-europe","13":"tag-fr","14":"tag-france","15":"tag-loisirs-culture","16":"tag-news","17":"tag-rennes","18":"tag-republique-francaise","19":"tag-spectacles"},"share_on_mastodon":{"url":"https:\/\/pubeurope.com\/@fr\/115940905808450070","error":""},"_links":{"self":[{"href":"https:\/\/www.europesays.com\/fr\/wp-json\/wp\/v2\/posts\/682280","targetHints":{"allow":["GET"]}}],"collection":[{"href":"https:\/\/www.europesays.com\/fr\/wp-json\/wp\/v2\/posts"}],"about":[{"href":"https:\/\/www.europesays.com\/fr\/wp-json\/wp\/v2\/types\/post"}],"author":[{"embeddable":true,"href":"https:\/\/www.europesays.com\/fr\/wp-json\/wp\/v2\/users\/2"}],"replies":[{"embeddable":true,"href":"https:\/\/www.europesays.com\/fr\/wp-json\/wp\/v2\/comments?post=682280"}],"version-history":[{"count":0,"href":"https:\/\/www.europesays.com\/fr\/wp-json\/wp\/v2\/posts\/682280\/revisions"}],"wp:featuredmedia":[{"embeddable":true,"href":"https:\/\/www.europesays.com\/fr\/wp-json\/wp\/v2\/media\/682281"}],"wp:attachment":[{"href":"https:\/\/www.europesays.com\/fr\/wp-json\/wp\/v2\/media?parent=682280"}],"wp:term":[{"taxonomy":"category","embeddable":true,"href":"https:\/\/www.europesays.com\/fr\/wp-json\/wp\/v2\/categories?post=682280"},{"taxonomy":"post_tag","embeddable":true,"href":"https:\/\/www.europesays.com\/fr\/wp-json\/wp\/v2\/tags?post=682280"}],"curies":[{"name":"wp","href":"https:\/\/api.w.org\/{rel}","templated":true}]}}