{"id":682305,"date":"2026-01-22T21:50:10","date_gmt":"2026-01-22T21:50:10","guid":{"rendered":"https:\/\/www.europesays.com\/fr\/682305\/"},"modified":"2026-01-22T21:50:10","modified_gmt":"2026-01-22T21:50:10","slug":"cinq-personnes-blessees-dans-un-accident-sur-la51-entre-marseille-et-aix","status":"publish","type":"post","link":"https:\/\/www.europesays.com\/fr\/682305\/","title":{"rendered":"Cinq personnes bless\u00e9es dans un accident sur l&rsquo;A51 entre Marseille et Aix"},"content":{"rendered":"<p>Dans le secteur de Bouc-Bel-Air, sur l\u2019autoroute A51 un accident a eu lieu en d\u00e9but de soir\u00e9e de ce jeudi. Et ce en direction d\u2019Aix-en-Provence. Selon la Direction interd\u00e9partementale des routes de M\u00e9diterran\u00e9e (Dirmed), trois v\u00e9hicules ont \u00e9t\u00e9 impliqu\u00e9s. La voie de droite et la bande d\u2019arr\u00eat d\u2019urgence ont \u00e9t\u00e9 neutralis\u00e9es au trafic de tous les v\u00e9hicules.<\/p>\n<p>En cons\u00e9quence\u00a0: pas moins de trois kilom\u00e8tres de bouchon se sont form\u00e9s pendant pr\u00e8s d\u2019une heure. Les pompiers des Bouches-du-Rh\u00f4ne \u00e9taient sur place.<\/p>\n<p>Pas moins de 14 secouristes et cinq v\u00e9hicules d\u2019intervention. Cinq personnes ont \u00e9t\u00e9 l\u00e9g\u00e8rement bless\u00e9es dans les chocs au cours duquel un v\u00e9hicule s\u2019est retrouv\u00e9 \u00e0 contresens apr\u00e8s avoir \u00e9t\u00e9 percut\u00e9.<\/p>\n<p>En outre, la D8n, voie secondaire, a \u00e9t\u00e9 satur\u00e9e dans la zone des Chabauds. Cons\u00e9quence sans doute du nombre important de v\u00e9hicules qui quittent l\u2019autoroute pour prendre cette D\u00e9partementale.<\/p>\n","protected":false},"excerpt":{"rendered":"Dans le secteur de Bouc-Bel-Air, sur l\u2019autoroute A51 un accident a eu lieu en d\u00e9but de soir\u00e9e de&hellip;\n","protected":false},"author":2,"featured_media":428558,"comment_status":"","ping_status":"","sticky":false,"template":"","format":"standard","meta":{"footnotes":""},"categories":[2814],"tags":[5734,119,1111,11,11017,3216,1446,1777,674,1011,27,4068,884,12,3744,882,16,25,3356],"class_list":{"0":"post-682305","1":"post","2":"type-post","3":"status-publish","4":"format-standard","5":"has-post-thumbnail","7":"category-marseille","8":"tag-5734","9":"tag-accident","10":"tag-actu","11":"tag-actualites","12":"tag-blessees","13":"tag-cinq","14":"tag-dans","15":"tag-eu","16":"tag-europe","17":"tag-fr","18":"tag-france","19":"tag-la51","20":"tag-marseille","21":"tag-news","22":"tag-personnes","23":"tag-provence-alpes-cote-dazur","24":"tag-region","25":"tag-republique-francaise","26":"tag-sur"},"share_on_mastodon":{"url":"https:\/\/pubeurope.com\/@fr\/115940964999856249","error":""},"_links":{"self":[{"href":"https:\/\/www.europesays.com\/fr\/wp-json\/wp\/v2\/posts\/682305","targetHints":{"allow":["GET"]}}],"collection":[{"href":"https:\/\/www.europesays.com\/fr\/wp-json\/wp\/v2\/posts"}],"about":[{"href":"https:\/\/www.europesays.com\/fr\/wp-json\/wp\/v2\/types\/post"}],"author":[{"embeddable":true,"href":"https:\/\/www.europesays.com\/fr\/wp-json\/wp\/v2\/users\/2"}],"replies":[{"embeddable":true,"href":"https:\/\/www.europesays.com\/fr\/wp-json\/wp\/v2\/comments?post=682305"}],"version-history":[{"count":0,"href":"https:\/\/www.europesays.com\/fr\/wp-json\/wp\/v2\/posts\/682305\/revisions"}],"wp:featuredmedia":[{"embeddable":true,"href":"https:\/\/www.europesays.com\/fr\/wp-json\/wp\/v2\/media\/428558"}],"wp:attachment":[{"href":"https:\/\/www.europesays.com\/fr\/wp-json\/wp\/v2\/media?parent=682305"}],"wp:term":[{"taxonomy":"category","embeddable":true,"href":"https:\/\/www.europesays.com\/fr\/wp-json\/wp\/v2\/categories?post=682305"},{"taxonomy":"post_tag","embeddable":true,"href":"https:\/\/www.europesays.com\/fr\/wp-json\/wp\/v2\/tags?post=682305"}],"curies":[{"name":"wp","href":"https:\/\/api.w.org\/{rel}","templated":true}]}}