{"id":682306,"date":"2026-01-22T21:51:24","date_gmt":"2026-01-22T21:51:24","guid":{"rendered":"https:\/\/www.europesays.com\/fr\/682306\/"},"modified":"2026-01-22T21:51:24","modified_gmt":"2026-01-22T21:51:24","slug":"la-sncf-lance-une-nouvelle-ligne-ouigo-strasbourg-marseille","status":"publish","type":"post","link":"https:\/\/www.europesays.com\/fr\/682306\/","title":{"rendered":"la SNCF lance une nouvelle ligne Ouigo Strasbourg-Marseille !"},"content":{"rendered":"<p>    <img loading=\"lazy\" width=\"1800\" height=\"900\" src=\"https:\/\/www.europesays.com\/fr\/wp-content\/uploads\/2025\/11\/jeanne-callthepolice.jpg\" class=\"attachment-full size-full\" alt=\"\" id=\"imageLove\" decoding=\"async\"  \/><\/p>\n<p id=\"breadcrumbs\"><a href=\"https:\/\/pokaa.fr\/\" target=\"_blank\" rel=\"noopener\">Accueil<\/a> \/ <a href=\"https:\/\/pokaa.fr\/categories\/actu\/\" target=\"_blank\" rel=\"noopener\">Info locale<\/a> \/ Direction le soleil : la SNCF lance une nouvelle ligne Ouigo Strasbourg-Marseille !<\/p>\n<p>                    Info locale<\/p>\n<p><b>Le groupe SNCF Voyageurs a annonc\u00e9 la cr\u00e9ation d\u2019une nouvelle ligne Ouigo, qui reliera d\u00e8s le mois de d\u00e9cembre 2026 Strasbourg \u00e0 Marseille. Un nouvel aller-retour quotidien entre Paris et Strasbourg sera \u00e9galement ajout\u00e9 \u00e0 l\u2019offre low-cost de la SNCF.<\/b><\/p>\n<p>Ce mardi 20 janvier, le groupe SNCF Voyageurs a annonc\u00e9 <a href=\"https:\/\/www.sncf-voyageurs.com\/fr\/presse\/ouigo-poursuit-son-developpement-grande-vitesse-et-longue-distance-partout-en-france\" target=\"_blank\" rel=\"noopener\">dans un communiqu\u00e9 de presse<\/a><strong> le d\u00e9veloppement de son offre low-cost Ouigo avec le Grand Est<\/strong>.<\/p>\n<p>En effet, d\u00e8s d\u00e9cembre 2026,<strong> la cit\u00e9 phoc\u00e9enne tendra ses bras aux utilisateurs\/rices de Ouigo<\/strong> pour un aller-retour quotidien. Le trajet, <strong>d\u2019environ 6h<\/strong>, desservira les gares de Colmar, Mulhouse, Belfort-Montb\u00e9liard TGV, Besan\u00e7on Franche-Comt\u00e9 TGV, Dijon Ville,<strong> Lyon Part-Dieu, Avignon TGV et Aix-en-Provence TGV.<\/strong><\/p>\n<p>    <img width=\"800\" height=\"494\" src=\"https:\/\/www.europesays.com\/fr\/wp-content\/uploads\/2026\/01\/sncf-ouigo-tgv-dasye-761-marseille-paris-800x494.jpg\" class=\"attachment-image-size-L size-image-size-L\" alt=\"ouigo\" decoding=\"async\" loading=\"lazy\"  \/>         \u00a9 Kabelleger &#8211; David Gubler \/ Photo d&rsquo;illustration <\/p>\n<p>\u00ab C\u2019est pas la capitale, c\u2019est Marseille b\u00e9b\u00e9 \u00bb<\/p>\n<p>Dans le m\u00eame temps, la SNCF a \u00e9galement annonc\u00e9 <strong>le renforcement de son offre low-cost entre Paris et Strasbourg<\/strong>. En plus des deux allers-retours disponibles chaque jour, <strong>un troisi\u00e8me trajet Ouigo sera propos\u00e9 aux usagers\/\u00e8res<\/strong> d\u00e8s d\u00e9cembre prochain.<\/p>\n<p>                <a href=\"https:\/\/pokaa.fr\/2025\/02\/16\/voyage-en-train-depuis-strasbourg-4-jours-sous-le-soleil-de-marseille-entre-foot-et-mer\/\" target=\"_blank\" rel=\"noopener\"><br \/>\n                    <img width=\"450\" height=\"270\" src=\"https:\/\/www.europesays.com\/fr\/wp-content\/uploads\/2026\/01\/img-5994-grande-450x270.jpeg\" class=\"attachment-card-horizontal--same-subject size-card-horizontal--same-subject wp-post-image\" alt=\"\" decoding=\"async\" loading=\"lazy\"\/>                <\/a><\/p>\n<p>                <img width=\"375\" height=\"500\" src=\"https:\/\/www.europesays.com\/fr\/wp-content\/uploads\/2026\/01\/img-8547-375x500.jpg\" class=\"attachment-gallery size-gallery\" alt=\"mer marseille\" data-full-url=\"https:\/\/pokaa.fr\/wp-content\/uploads\/2025\/02\/14\/img-8547.jpg\" decoding=\"async\" loading=\"lazy\"  \/>            <\/p>\n<p>                <img width=\"375\" height=\"500\" src=\"https:\/\/www.europesays.com\/fr\/wp-content\/uploads\/2026\/01\/img-8288-375x500.jpg\" class=\"attachment-gallery size-gallery\" alt=\"mer marseille\" data-full-url=\"https:\/\/pokaa.fr\/wp-content\/uploads\/2025\/02\/14\/img-8288.jpg\" decoding=\"async\" loading=\"lazy\"  \/>            <\/p>\n<p>                <img width=\"375\" height=\"500\" src=\"https:\/\/www.europesays.com\/fr\/wp-content\/uploads\/2026\/01\/img-7988-375x500.jpg\" class=\"attachment-gallery size-gallery\" alt=\"panier quartier marseille\" data-full-url=\"https:\/\/pokaa.fr\/wp-content\/uploads\/2025\/02\/14\/img-7988.jpg\" decoding=\"async\" loading=\"lazy\"  \/>            <\/p>\n<p>                <img width=\"375\" height=\"500\" src=\"https:\/\/www.europesays.com\/fr\/wp-content\/uploads\/2026\/01\/img-8427-375x500.jpg\" class=\"attachment-gallery size-gallery\" alt=\"panier quartier marseille\" data-full-url=\"https:\/\/pokaa.fr\/wp-content\/uploads\/2025\/02\/14\/img-8427.jpg\" decoding=\"async\" loading=\"lazy\"  \/>            <\/p>\n<p>                <img width=\"375\" height=\"500\" src=\"https:\/\/www.europesays.com\/fr\/wp-content\/uploads\/2026\/01\/img-5986-grande-1-375x500.jpeg\" class=\"attachment-gallery size-gallery\" alt=\"vieux port marseille\" data-full-url=\"https:\/\/pokaa.fr\/wp-content\/uploads\/2025\/02\/14\/img-5986-grande-1.jpeg\" decoding=\"async\" loading=\"lazy\"  \/>            <\/p>\n<p>                <img width=\"667\" height=\"500\" src=\"https:\/\/www.europesays.com\/fr\/wp-content\/uploads\/2026\/01\/img-6126-grande-667x500.jpeg\" class=\"attachment-gallery size-gallery\" alt=\"marseille vue\" data-full-url=\"https:\/\/pokaa.fr\/wp-content\/uploads\/2025\/02\/14\/img-6126-grande.jpeg\" decoding=\"async\" loading=\"lazy\"  \/>            <\/p>\n<p>                    1. \u00e0 4. \u00a9 Coraline Lafon \/ Pokaa ; 5. et 6. \u00a9 Nicolas Kaspar \/ Pokaa<\/p>\n<p>Le trajet reliant Strasbourg \u00e0 la capitale s\u2019arr\u00eatait d\u00e9j\u00e0 en gare de Metz, mais il desservira aussi <strong>les gares de Nancy et Champagne-Ardenne TGV.<\/strong><\/p>\n<p>D\u2019ici 2030, l\u2019offre Ouigo pr\u00e9voit <strong>une croissance de 30% de ses rames<\/strong> et entend par la m\u00eame occasion repr\u00e9senter <strong>\u00ab <\/strong><strong><strong>30<\/strong>%\u00a0du\u00a0march\u00e9\u00a0des voyages grande vitesse en France \u00bb.<\/strong><\/p>\n","protected":false},"excerpt":{"rendered":"Accueil \/ Info locale \/ Direction le soleil : la SNCF lance une nouvelle ligne Ouigo Strasbourg-Marseille !&hellip;\n","protected":false},"author":2,"featured_media":682307,"comment_status":"","ping_status":"","sticky":false,"template":"","format":"standard","meta":{"footnotes":""},"categories":[2814],"tags":[1111,11,1777,674,1011,27,7533,884,12,626,882,25,2215,640,58524,2214,926],"class_list":{"0":"post-682306","1":"post","2":"type-post","3":"status-publish","4":"format-standard","5":"has-post-thumbnail","7":"category-marseille","8":"tag-actu","9":"tag-actualites","10":"tag-eu","11":"tag-europe","12":"tag-fr","13":"tag-france","14":"tag-gare","15":"tag-marseille","16":"tag-news","17":"tag-paris","18":"tag-provence-alpes-cote-dazur","19":"tag-republique-francaise","20":"tag-sncf","21":"tag-strasbourg","22":"tag-strasbourg-actualite","23":"tag-tgv","24":"tag-train"},"share_on_mastodon":{"url":"https:\/\/pubeurope.com\/@fr\/115940968953647314","error":""},"_links":{"self":[{"href":"https:\/\/www.europesays.com\/fr\/wp-json\/wp\/v2\/posts\/682306","targetHints":{"allow":["GET"]}}],"collection":[{"href":"https:\/\/www.europesays.com\/fr\/wp-json\/wp\/v2\/posts"}],"about":[{"href":"https:\/\/www.europesays.com\/fr\/wp-json\/wp\/v2\/types\/post"}],"author":[{"embeddable":true,"href":"https:\/\/www.europesays.com\/fr\/wp-json\/wp\/v2\/users\/2"}],"replies":[{"embeddable":true,"href":"https:\/\/www.europesays.com\/fr\/wp-json\/wp\/v2\/comments?post=682306"}],"version-history":[{"count":0,"href":"https:\/\/www.europesays.com\/fr\/wp-json\/wp\/v2\/posts\/682306\/revisions"}],"wp:featuredmedia":[{"embeddable":true,"href":"https:\/\/www.europesays.com\/fr\/wp-json\/wp\/v2\/media\/682307"}],"wp:attachment":[{"href":"https:\/\/www.europesays.com\/fr\/wp-json\/wp\/v2\/media?parent=682306"}],"wp:term":[{"taxonomy":"category","embeddable":true,"href":"https:\/\/www.europesays.com\/fr\/wp-json\/wp\/v2\/categories?post=682306"},{"taxonomy":"post_tag","embeddable":true,"href":"https:\/\/www.europesays.com\/fr\/wp-json\/wp\/v2\/tags?post=682306"}],"curies":[{"name":"wp","href":"https:\/\/api.w.org\/{rel}","templated":true}]}}