{"id":682319,"date":"2026-01-22T21:59:15","date_gmt":"2026-01-22T21:59:15","guid":{"rendered":"https:\/\/www.europesays.com\/fr\/682319\/"},"modified":"2026-01-22T21:59:15","modified_gmt":"2026-01-22T21:59:15","slug":"mode-masculine-a-paris-issey-miyake-se-joue-des-formes-dries-van-noten-devient-adulte-actualites","status":"publish","type":"post","link":"https:\/\/www.europesays.com\/fr\/682319\/","title":{"rendered":"Mode masculine: \u00e0 Paris, Issey Miyake se joue des formes, Dries Van Noten devient adulte : Actualit\u00e9s"},"content":{"rendered":"<p class=\"lead \">La maison japonaise Issey Miyake a pr\u00e9sent\u00e9 jeudi \u00e0 Paris, au troisi\u00e8me jour de la semaine de la mode masculine, la nouvelle collection toute en fluidit\u00e9 et haute en couleurs de son label IM Men.<\/p>\n<p class=\"lead \">D\u00e9voil\u00e9 au coeur du Coll\u00e8ge des Bernardins, ce nouveau vestiaire hivernal de la griffe baptis\u00e9 \u00ab\u00a0formless form\u00a0\u00bb, soit \u00ab\u00a0forme informe\u00a0\u00bb en fran\u00e7ais, porte bien son nom.<\/p>\n<p class=\"lead \">Les manteaux sont longs et amples, tout comme les pantalons portefeuille et les sarouels qui dansent au rythme des pas des mannequins et sur lesquels se superposent de grandes tuniques.<\/p>\n<p class=\"lead \">Certains pantalons et doudounes semblent taill\u00e9s dans des couettes.<\/p>\n<p class=\"lead \">La cravate se porte d\u00e9mesur\u00e9ment longue ou bien relev\u00e9e sur l&rsquo;\u00e9paule, tandis que les \u00e9charpes se multiplient pour faire des ponchos.<\/p>\n<p class=\"lead \">Aux premi\u00e8res silhouettes v\u00eatues de noir, blanc, beige ou encore marron succ\u00e8dent des tenues hautes en couleurs. Le rose vif s&rsquo;associe au orange ou au violet, le bleu au jaune, le tout reli\u00e9 par un d\u00e9grad\u00e9 de vert.<\/p>\n<p class=\"lead \">L&rsquo;ensemble s&rsquo;accompagne de bottines tr\u00e8s souples ou de tennis, de bonnets de docker et de chapeaux cloches munis d&rsquo;\u00e9charpes int\u00e9gr\u00e9es.<\/p>\n<p class=\"lead \">&#8211; \u00ab\u00a0Passage \u00e0 l&rsquo;\u00e2ge adulte\u00a0\u00bb &#8211;<\/p>\n<p class=\"lead \">Les couleurs \u00e9taient \u00e9galement pr\u00e9sentes chez Dries Van Noten, dans une palette plus profonde et surtout \u00e0 travers une profusion d&rsquo;imprim\u00e9s, v\u00e9ritable signature de la maison belge.<\/p>\n<p class=\"lead \">\u00ab\u00a0Dans cette deuxi\u00e8me collection homme, je voulais explorer l&rsquo;id\u00e9e du passage \u00e0 l&rsquo;\u00e2ge adulte\u00a0\u00bb, explique le cr\u00e9ateur Julian Klausner.<\/p>\n<p class=\"lead \">Devenus grands, les enfants emportent ainsi avec eux les \u00ab\u00a0fleurs de la m\u00e8re\u00a0\u00bb, qui s&rsquo;invitent sur les manteaux, les doublures de vestes en vinyle noir plus ou moins longues ou encore sur des kilts, ou \u00ab\u00a0le manteau du p\u00e8re\u00a0\u00bb, un trench souple orange vif ou une grande parka verte. <\/p>\n<p class=\"lead \">Les pantalons se d\u00e9clinent en carreaux, en flanelle de tartan ou m\u00eame en laine unie. La maille est par ailleurs omnipr\u00e9sente, que ce soit \u00e0 travers des manteaux longs, des pulls \u00e0 col montant ou sans manche fa\u00e7on \u00e9tudiant d&rsquo;Oxford. <\/p>\n<p class=\"lead \">Les capes sont de sortie, dont l&rsquo;une grise et incrust\u00e9e de petit bijoux.<\/p>\n<p class=\"lead \">Le tout accompagn\u00e9 de bonnets p\u00e9ruviens, de lunettes aviateur et de chaussures de boxe montantes. <\/p>\n<p class=\"lead \">Autre ambiance chez l&rsquo;Am\u00e9ricain Rick Owens. Fid\u00e8le \u00e0 son style underground, le ma\u00eetre du gothique a pr\u00e9sent\u00e9 au Palais de Tokyo une collection intitul\u00e9e \u00ab\u00a0Tower\u00a0\u00bb aux silhouettes fluides, avec des manteaux en cuir \u00e0 grands cols, des shorts effiloch\u00e9s, des bottes g\u00e9antes dot\u00e9es de poches lat\u00e9rales et des masques en macram\u00e9 dont les fils tombaient jusqu&rsquo;aux genoux. <\/p>\n<p class=\"lead \">Le vestiaire, dans une palette sombre, comme d&rsquo;habitude chez le cr\u00e9ateur, comprenait \u00e9galement des pi\u00e8ces en kevlar, une fibre cinq fois plus r\u00e9sistante que l&rsquo;acier, avec laquelle sont g\u00e9n\u00e9ralement fabriqu\u00e9s les gilets pare-balles.<\/p>\n<p class=\"small font-weight-bold text-gray3 \"> publi\u00e9 le 22 janvier \u00e0 21h50, AFP<\/p>\n<p>                             Partager<\/p>\n","protected":false},"excerpt":{"rendered":"La maison japonaise Issey Miyake a pr\u00e9sent\u00e9 jeudi \u00e0 Paris, au troisi\u00e8me jour de la semaine de la&hellip;\n","protected":false},"author":2,"featured_media":682320,"comment_status":"","ping_status":"","sticky":false,"template":"","format":"standard","meta":{"footnotes":""},"categories":[1888],"tags":[11,2105,1777,674,1011,27,2425,985,12,626,25],"class_list":{"0":"post-682319","1":"post","2":"type-post","3":"status-publish","4":"format-standard","5":"has-post-thumbnail","7":"category-paris","8":"tag-actualites","9":"tag-distribution","10":"tag-eu","11":"tag-europe","12":"tag-fr","13":"tag-france","14":"tag-luxe","15":"tag-mode","16":"tag-news","17":"tag-paris","18":"tag-republique-francaise"},"share_on_mastodon":{"url":"https:\/\/pubeurope.com\/@fr\/115941000054915441","error":""},"_links":{"self":[{"href":"https:\/\/www.europesays.com\/fr\/wp-json\/wp\/v2\/posts\/682319","targetHints":{"allow":["GET"]}}],"collection":[{"href":"https:\/\/www.europesays.com\/fr\/wp-json\/wp\/v2\/posts"}],"about":[{"href":"https:\/\/www.europesays.com\/fr\/wp-json\/wp\/v2\/types\/post"}],"author":[{"embeddable":true,"href":"https:\/\/www.europesays.com\/fr\/wp-json\/wp\/v2\/users\/2"}],"replies":[{"embeddable":true,"href":"https:\/\/www.europesays.com\/fr\/wp-json\/wp\/v2\/comments?post=682319"}],"version-history":[{"count":0,"href":"https:\/\/www.europesays.com\/fr\/wp-json\/wp\/v2\/posts\/682319\/revisions"}],"wp:featuredmedia":[{"embeddable":true,"href":"https:\/\/www.europesays.com\/fr\/wp-json\/wp\/v2\/media\/682320"}],"wp:attachment":[{"href":"https:\/\/www.europesays.com\/fr\/wp-json\/wp\/v2\/media?parent=682319"}],"wp:term":[{"taxonomy":"category","embeddable":true,"href":"https:\/\/www.europesays.com\/fr\/wp-json\/wp\/v2\/categories?post=682319"},{"taxonomy":"post_tag","embeddable":true,"href":"https:\/\/www.europesays.com\/fr\/wp-json\/wp\/v2\/tags?post=682319"}],"curies":[{"name":"wp","href":"https:\/\/api.w.org\/{rel}","templated":true}]}}