{"id":682340,"date":"2026-01-22T22:11:09","date_gmt":"2026-01-22T22:11:09","guid":{"rendered":"https:\/\/www.europesays.com\/fr\/682340\/"},"modified":"2026-01-22T22:11:09","modified_gmt":"2026-01-22T22:11:09","slug":"le-tours-vb-sans-solutions-seche-a-ljubljana","status":"publish","type":"post","link":"https:\/\/www.europesays.com\/fr\/682340\/","title":{"rendered":"le Tours VB, sans solutions, s\u00e9ch\u00e9 \u00e0 Ljubljana"},"content":{"rendered":"<p>De notre envoy\u00e9 sp\u00e9cial \u00e0 Ljubljana<\/p>\n<p><strong>ACH Ljubljana\u00a0&#8211; Tours VB\u00a0: 3-0<\/strong><\/p>\n<p>Pas en mesure de prendre le moindre point face \u00e0 Ziraat Ankara (3-1) et Trentino (3-1), le TVB esp\u00e9rait bien d\u00e9crocher sa premi\u00e8re victoire de la saison en Ligue des champions, ce jeudi 22\u00a0janvier 2026, sur le terrain de l\u2019ACH Ljubljana.<\/p>\n<p>Les Tourangeaux savaient ce match crucial dans leur qu\u00eate de prolonger leur aventure europ\u00e9enne au-del\u00e0 de la phase de poules, face, sur le papier, \u00e0 l\u2019\u00e9quipe la plus abordable de leurs adversaires.<\/p>\n<p>Mais ce duel \u00e9tait tout aussi important pour les Slov\u00e8nes\u2026 et les hommes d\u2019Igor Juricic s\u2019en sont aper\u00e7us bien malgr\u00e9 eux, s\u2019inclinant en trois sets secs au terme d\u2019un match o\u00f9 ils auront eu bien du mal \u00e0 trouver les bonnes solutions (26-24, 25-19, 25-22).<\/p>\n<p>Stern en grande forme, Urnaut \u00e0 l\u2019exp\u00e9rience<\/p>\n<p>Face \u00e0 un Stern des grands soirs et un Urnaut tout en malice, les Tourangeaux auront largement but\u00e9 sur la solide d\u00e9fense de l\u2019ACH. Si le premier set a malgr\u00e9 tout offert un gros combat, remport\u00e9 sur le fil par les locaux (26-24), le TVB a franchement pli\u00e9 dans le deuxi\u00e8me acte, au cours duquel les Slov\u00e8nes n\u2019ont jamais vraiment trembl\u00e9.<\/p>\n<p>Encore men\u00e9s dans le troisi\u00e8me, Coric et ses partenaires ont un temps cru inverser la tendance, avant que Ljubljana ne fasse la diff\u00e9rence dans le money-time pour plier l\u2019affaire. Voil\u00e0 qui complique s\u00e9rieusement les choses pour le TVB sur la sc\u00e8ne europ\u00e9enne.<\/p>\n<p><strong>Les sets\u00a0:<\/strong> 26-24, 25-19, 25-22.<\/p>\n<p>\u00a0<\/p>\n<p class=\"alireaussi\"><b>&gt;\u00a0Rejoignez la communaut\u00e9 NR\u00a0&#8211; Les sports en Touraine sur Facebook.<\/b><\/p>\n","protected":false},"excerpt":{"rendered":"De notre envoy\u00e9 sp\u00e9cial \u00e0 Ljubljana ACH Ljubljana\u00a0&#8211; Tours VB\u00a0: 3-0 Pas en mesure de prendre le moindre&hellip;\n","protected":false},"author":2,"featured_media":682341,"comment_status":"","ping_status":"","sticky":false,"template":"","format":"standard","meta":{"footnotes":""},"categories":[1417],"tags":[1392,39145,1011,27,1387,60,1390,1471,2767,1470,1469],"class_list":{"0":"post-682340","1":"post","2":"type-post","3":"status-publish","4":"format-standard","5":"has-post-thumbnail","7":"category-volley","8":"tag-a-la-une-local","9":"tag-coupe-deurope-volley","10":"tag-fr","11":"tag-france","12":"tag-indre-et-loire","13":"tag-sports","14":"tag-tours","15":"tag-tours-volley-ball","16":"tag-tvb-37","17":"tag-volley","18":"tag-volleyball"},"share_on_mastodon":{"url":"https:\/\/pubeurope.com\/@fr\/115941047266304558","error":""},"_links":{"self":[{"href":"https:\/\/www.europesays.com\/fr\/wp-json\/wp\/v2\/posts\/682340","targetHints":{"allow":["GET"]}}],"collection":[{"href":"https:\/\/www.europesays.com\/fr\/wp-json\/wp\/v2\/posts"}],"about":[{"href":"https:\/\/www.europesays.com\/fr\/wp-json\/wp\/v2\/types\/post"}],"author":[{"embeddable":true,"href":"https:\/\/www.europesays.com\/fr\/wp-json\/wp\/v2\/users\/2"}],"replies":[{"embeddable":true,"href":"https:\/\/www.europesays.com\/fr\/wp-json\/wp\/v2\/comments?post=682340"}],"version-history":[{"count":0,"href":"https:\/\/www.europesays.com\/fr\/wp-json\/wp\/v2\/posts\/682340\/revisions"}],"wp:featuredmedia":[{"embeddable":true,"href":"https:\/\/www.europesays.com\/fr\/wp-json\/wp\/v2\/media\/682341"}],"wp:attachment":[{"href":"https:\/\/www.europesays.com\/fr\/wp-json\/wp\/v2\/media?parent=682340"}],"wp:term":[{"taxonomy":"category","embeddable":true,"href":"https:\/\/www.europesays.com\/fr\/wp-json\/wp\/v2\/categories?post=682340"},{"taxonomy":"post_tag","embeddable":true,"href":"https:\/\/www.europesays.com\/fr\/wp-json\/wp\/v2\/tags?post=682340"}],"curies":[{"name":"wp","href":"https:\/\/api.w.org\/{rel}","templated":true}]}}