{"id":682388,"date":"2026-01-22T22:43:50","date_gmt":"2026-01-22T22:43:50","guid":{"rendered":"https:\/\/www.europesays.com\/fr\/682388\/"},"modified":"2026-01-22T22:43:50","modified_gmt":"2026-01-22T22:43:50","slug":"une-nuit-presque-ordinaire-pour-les-policiers-en-seine-maritime","status":"publish","type":"post","link":"https:\/\/www.europesays.com\/fr\/682388\/","title":{"rendered":"une nuit presque ordinaire pour les policiers en Seine-Maritime"},"content":{"rendered":"<p>\t\t\t\t\t Un peu plus tard, au Havre, les policiers ont contr\u00f4l\u00e9 un homme de 34 ans, domicili\u00e9 \u00e0 <strong>Terres-de-Caux<\/strong>, surpris en train de manipuler du cannabis. Lors de la <strong>palpation de s\u00e9curit\u00e9<\/strong>, les policiers ont d\u00e9couvert dans ses poches un<strong> couteau pliant, arme prohib\u00e9e<\/strong> puisque class\u00e9e en cat\u00e9gorie D . <br \/>  Le trentenaire a par ailleurs \u00e9t\u00e9 contr\u00f4l\u00e9 avec un <strong>taux d&rsquo;alcool\u00e9mie de 0,71 mg par litre d&rsquo;air expir\u00e9<\/strong>. Il a \u00e9t\u00e9 plac\u00e9 en garde \u00e0 vue.\u00a0 <\/p>\n<p>Enfin, vers 5h05, un Havrais de 44 ans a \u00e9t\u00e9 interpell\u00e9 pour<strong> conduite sous l&#8217;emprise de stup\u00e9fiants aggrav\u00e9e par l\u2019alcool<\/strong>. Le d\u00e9pistage a r\u00e9v\u00e9l\u00e9 0,46 mg\/l par litre d&rsquo;air expir\u00e9, seuil d\u00e9lictuel. Le contrevenant a \u00e9t\u00e9 plac\u00e9 en garde \u00e0 vue.\n\t\t\t\t <\/p>\n","protected":false},"excerpt":{"rendered":"Un peu plus tard, au Havre, les policiers ont contr\u00f4l\u00e9 un homme de 34 ans, domicili\u00e9 \u00e0 Terres-de-Caux,&hellip;\n","protected":false},"author":2,"featured_media":682389,"comment_status":"","ping_status":"","sticky":false,"template":"","format":"standard","meta":{"footnotes":""},"categories":[9587],"tags":[1111,11,5702,10787,1067,1777,674,118,1011,27,5162,12,5161,1072,25,9590,5163,1098],"class_list":{"0":"post-682388","1":"post","2":"type-post","3":"status-publish","4":"format-standard","5":"has-post-thumbnail","7":"category-rouen","8":"tag-actu","9":"tag-actualites","10":"tag-alcool","11":"tag-controles","12":"tag-enquete","13":"tag-eu","14":"tag-europe","15":"tag-faits-divers","16":"tag-fr","17":"tag-france","18":"tag-le-havre","19":"tag-news","20":"tag-normandie","21":"tag-police","22":"tag-republique-francaise","23":"tag-rouen","24":"tag-seine-maritime","25":"tag-stupefiants"},"share_on_mastodon":{"url":"https:\/\/pubeurope.com\/@fr\/115941176950013018","error":""},"_links":{"self":[{"href":"https:\/\/www.europesays.com\/fr\/wp-json\/wp\/v2\/posts\/682388","targetHints":{"allow":["GET"]}}],"collection":[{"href":"https:\/\/www.europesays.com\/fr\/wp-json\/wp\/v2\/posts"}],"about":[{"href":"https:\/\/www.europesays.com\/fr\/wp-json\/wp\/v2\/types\/post"}],"author":[{"embeddable":true,"href":"https:\/\/www.europesays.com\/fr\/wp-json\/wp\/v2\/users\/2"}],"replies":[{"embeddable":true,"href":"https:\/\/www.europesays.com\/fr\/wp-json\/wp\/v2\/comments?post=682388"}],"version-history":[{"count":0,"href":"https:\/\/www.europesays.com\/fr\/wp-json\/wp\/v2\/posts\/682388\/revisions"}],"wp:featuredmedia":[{"embeddable":true,"href":"https:\/\/www.europesays.com\/fr\/wp-json\/wp\/v2\/media\/682389"}],"wp:attachment":[{"href":"https:\/\/www.europesays.com\/fr\/wp-json\/wp\/v2\/media?parent=682388"}],"wp:term":[{"taxonomy":"category","embeddable":true,"href":"https:\/\/www.europesays.com\/fr\/wp-json\/wp\/v2\/categories?post=682388"},{"taxonomy":"post_tag","embeddable":true,"href":"https:\/\/www.europesays.com\/fr\/wp-json\/wp\/v2\/tags?post=682388"}],"curies":[{"name":"wp","href":"https:\/\/api.w.org\/{rel}","templated":true}]}}