{"id":682418,"date":"2026-01-22T23:04:10","date_gmt":"2026-01-22T23:04:10","guid":{"rendered":"https:\/\/www.europesays.com\/fr\/682418\/"},"modified":"2026-01-22T23:04:10","modified_gmt":"2026-01-22T23:04:10","slug":"sollicite-par-martine-vassal-lionel-royer-perreaut-nira-pas-a-sa-rescousse","status":"publish","type":"post","link":"https:\/\/www.europesays.com\/fr\/682418\/","title":{"rendered":"sollicit\u00e9 par Martine Vassal, Lionel Royer-Perreaut n&rsquo;ira pas \u00e0 sa rescousse"},"content":{"rendered":"<p class=\"rev-margin-0 rev-text-xs-normal\">Portrait de Lionel Royer-Perreaut Ancien d\u00e9put\u00e9 fran\u00e7ais \u00e0 la Mairie Maison Blanche &#8211; Lionel Royer-Perreaut &#8211; 300925DRI02<\/p>\n<p class=\"rev-margin-0 rev-text-xs-bold\">LP &#8211; David Rossi &#8211; david ROSSI<\/p>\n<p>\u00ab\u00a0Ils avaient peut-\u00eatre une explication de texte \u00e0 avoir ou c\u2019\u00e9tait juste pour le plaisir de se revoir pour discuter. M\u00eame si cette derni\u00e8re hypoth\u00e8se est la moins probable\u2026\u00a0\u00bb, \u00e9lude-t-on dans l\u2019entourage de Martine Vassal. Selon nos informations, <a href=\"https:\/\/www.laprovence.com\/article\/politique\/62295343728657\/martine-vassal-creditee-de-20-aux-municipales-laure-agnes-caradec-lr-tacle-les-incoherences-dun-sondage\" target=\"_blank\" rel=\"noopener\">\u00e0 l\u2019issue des derniers sondages particuli\u00e8rement d\u00e9favorables<\/a> pour la candidate de la liste d\u2019union de la droite et du centre qui la placent en troisi\u00e8me position derri\u00e8re le maire sortant Beno\u00eet Payan (DVG) et Franck Allisio (RN), l\u2019entourage de Martine Vassal a repris langue cette semaine avec Lionel Royer-Perreaut.<\/p>\n<p>L\u2019ancien maire de secteur des 9e et 10e arrondissements et ex-d\u00e9put\u00e9 (Ren.), cheville ouvri\u00e8re de la droite marseillaise pendant plus de vingt ans, avait annonc\u00e9 dans La Provence en octobre dernier <a href=\"https:\/\/www.laprovence.com\/article\/politique\/7294640597635914\/exclusif-municipales-2026-a-marseille-lionel-royer-perreaut-quitte-la-vie-publique-et-ne-soutiendra-pas-martine-vassal\" target=\"_blank\" rel=\"noopener\">quitter d\u00e9finitivement la vie politique<\/a>. Et surtout, qu\u2019il ne soutiendrait pas Martine Vassal dans la campagne \u00e0 venir, fustigeant des prises de position qui\u00a0\u00ab\u00a0manquent clairement de corticalit\u00e9\u00a0\u00bb et un d\u00e9saccord proche \u00ab\u00a0de 80% sur les enjeux programmatiques\u00a0\u00bb. Cela avait eu le m\u00e9rite d\u2019\u00eatre assez clair pour signer un divorce d\u00e9finitif entre les deux figures politiques parmi les plus influentes de la droite.<\/p>\n<p>Il a donc fallu que la candidate se sente suffisamment en danger, au lendemain de la publication du <a href=\"https:\/\/www.laprovence.com\/article\/elections\/20480246892414\/municipales-2026-a-marseille-payan-et-allisio-au-coude-a-coude-vassal-et-delogu-a-distance-selon-un-recent-sondage\" target=\"_blank\" rel=\"noopener\">sondage OpinionWay pour Le Cercle des \u00e9lus locaux<\/a>, pour lui proposer une rencontre. Il faut dire qu\u2019une troisi\u00e8me place au soir du premier tour, notamment dans les 9e et 10e, hypoth\u00e9querait ses chances de demander \u00e0 la gauche de se retirer au nom du front r\u00e9publicain pour faire barrage \u00e0 une victoire du Rassemblement national. \u00ab\u00a0Je confirme avoir \u00e9t\u00e9 approch\u00e9 en d\u00e9but de semaine par Martine Vassal et nous avons \u00e9chang\u00e9, r\u00e9pond Lionel Royer-Perreaut \u00e0 La Provence. Apr\u00e8s 48\u00a0heures de r\u00e9flexion, je lui ai fait savoir que je ne donnais pas suite \u00e0 cet \u00e9change avant m\u00eame d\u2019avoir \u00e9voqu\u00e9 les conditions d\u2019un \u00e9ventuel retour.\u00a0\u00bb Toujours selon nos informations, Martine Vassal aurait \u00e9t\u00e9 pr\u00eate \u00e0 lui confier la t\u00eate de liste de secteur &#8211; fl\u00e9ch\u00e9e pour le moment \u00e0 la patronne des LR, Laure-Agn\u00e8s Caradec &#8211; et pourquoi pas une bonne place sur la liste centrale.<\/p>\n<p>Le plan communication n\u2019aurait pas \u00e9t\u00e9 complexe \u00e0 \u00e9laborer\u00a0: un retour pour sauver les valeurs r\u00e9publicaines et contre l\u2019extr\u00eame droite. Sa pr\u00e9sence \u00e0 la soir\u00e9e de pr\u00e9sentation du comit\u00e9 de soutien ce jeudi 22\u00a0janvier aurait eu l\u2019effet d\u2019un \u00ab\u00a0joli coup\u00a0\u00bb. Il n\u2019est pas faux de dire qu\u2019apr\u00e8s tant d\u2019ann\u00e9es d\u2019investissement, Lionel Royer-Perreaut souffre de voir son secteur basculer au Rassemblement national &#8211; et La Provence a crois\u00e9, au <a href=\"https:\/\/www.laprovence.com\/article\/politique\/94434309143426\/1-200-personnes-presentes-au-parc-chanot-marine-le-pen-fait-le-plein-de-decus-de-la-droite\" target=\"_blank\" rel=\"noopener\">meeting de Marine Le Pen<\/a>, nombre de ses supporters qui sont pass\u00e9s, apr\u00e8s son retrait de la vie publique, chez Franck Allisio. Il n\u2019a certainement pas boud\u00e9 son plaisir qu\u2019on vienne l\u2019appeler \u00e0 la rescousse. Mais, c\u2019est encore non, il n\u2019ira pas sauver le soldat Vassal.<\/p>\n<p><img alt=\"\" loading=\"lazy\" width=\"18\" height=\"18\" decoding=\"async\" data-nimg=\"1\" class=\"mx-[8px]\" style=\"color:transparent\" src=\"https:\/\/www.laprovence.com\/_next\/static\/media\/comment.a97bda1a.svg\"\/>D\u00e9marrez la conversation<\/p>\n<p class=\"text-[1.8rem] mt-[32px]\">Votre opinion compte pour nous. Rejoignez la communaut\u00e9 laprovence.com en r\u00e9agissant sur l&rsquo;article Municipales 2026 \u00e0 Marseille : sollicit\u00e9 par Martine Vassal, Lionel Royer-Perreaut n&rsquo;ira pas \u00e0 sa rescousse.<\/p>\n","protected":false},"excerpt":{"rendered":"Portrait de Lionel Royer-Perreaut Ancien d\u00e9put\u00e9 fran\u00e7ais \u00e0 la Mairie Maison Blanche &#8211; Lionel Royer-Perreaut &#8211; 300925DRI02 LP&hellip;\n","protected":false},"author":2,"featured_media":682419,"comment_status":"","ping_status":"","sticky":false,"template":"","format":"standard","meta":{"footnotes":""},"categories":[2814],"tags":[5734,1111,11,1777,674,1011,27,884,10203,3554,12,5912,316,882,25,37430,14243],"class_list":{"0":"post-682418","1":"post","2":"type-post","3":"status-publish","4":"format-standard","5":"has-post-thumbnail","7":"category-marseille","8":"tag-5734","9":"tag-actu","10":"tag-actualites","11":"tag-eu","12":"tag-europe","13":"tag-fr","14":"tag-france","15":"tag-marseille","16":"tag-martine","17":"tag-municipales","18":"tag-news","19":"tag-par","20":"tag-politique","21":"tag-provence-alpes-cote-dazur","22":"tag-republique-francaise","23":"tag-sollicite","24":"tag-vassal"},"share_on_mastodon":{"url":"https:\/\/pubeurope.com\/@fr\/115941255720302005","error":""},"_links":{"self":[{"href":"https:\/\/www.europesays.com\/fr\/wp-json\/wp\/v2\/posts\/682418","targetHints":{"allow":["GET"]}}],"collection":[{"href":"https:\/\/www.europesays.com\/fr\/wp-json\/wp\/v2\/posts"}],"about":[{"href":"https:\/\/www.europesays.com\/fr\/wp-json\/wp\/v2\/types\/post"}],"author":[{"embeddable":true,"href":"https:\/\/www.europesays.com\/fr\/wp-json\/wp\/v2\/users\/2"}],"replies":[{"embeddable":true,"href":"https:\/\/www.europesays.com\/fr\/wp-json\/wp\/v2\/comments?post=682418"}],"version-history":[{"count":0,"href":"https:\/\/www.europesays.com\/fr\/wp-json\/wp\/v2\/posts\/682418\/revisions"}],"wp:featuredmedia":[{"embeddable":true,"href":"https:\/\/www.europesays.com\/fr\/wp-json\/wp\/v2\/media\/682419"}],"wp:attachment":[{"href":"https:\/\/www.europesays.com\/fr\/wp-json\/wp\/v2\/media?parent=682418"}],"wp:term":[{"taxonomy":"category","embeddable":true,"href":"https:\/\/www.europesays.com\/fr\/wp-json\/wp\/v2\/categories?post=682418"},{"taxonomy":"post_tag","embeddable":true,"href":"https:\/\/www.europesays.com\/fr\/wp-json\/wp\/v2\/tags?post=682418"}],"curies":[{"name":"wp","href":"https:\/\/api.w.org\/{rel}","templated":true}]}}