{"id":682447,"date":"2026-01-22T23:21:10","date_gmt":"2026-01-22T23:21:10","guid":{"rendered":"https:\/\/www.europesays.com\/fr\/682447\/"},"modified":"2026-01-22T23:21:10","modified_gmt":"2026-01-22T23:21:10","slug":"lea-revient-au-chateau-en-larmes-et-catastrophee","status":"publish","type":"post","link":"https:\/\/www.europesays.com\/fr\/682447\/","title":{"rendered":"L\u00e9a revient au ch\u00e2teau en larmes et catastroph\u00e9e, &#8230;"},"content":{"rendered":"<p>EN BREF<\/p>\n<ul class=\"bloc_resume_post_list\">\n<li>L\u00e9a a retrouv\u00e9 sa famille en Suisse en amont de la<br \/>\ndemi-finales de la Star Academy ce mercredi 21 janvier.<\/li>\n<li>La jeune femme de 22 ans n\u00a0\u00bba pu retenir ses larmes au<br \/>\nmoment de revoir ses proches, mais aussi de retour au<br \/>\nch\u00e2teau.<\/li>\n<li>L\u00e9a est revenue sur les probl\u00e8mes de sant\u00e9 auquel son<br \/>\np\u00e8re fait face.<\/li>\n<\/ul>\n<p>Coup dur pour L\u00e9a. La jeune femme accuse le coup de de retour au<br \/>\nch\u00e2teau de Dammarie-les-Lys. <a href=\"https:\/\/www.telestar.fr\/tele_realite\/star-academy-intrusion-dans-le-chateau-reunion-de-crise-une-ex-candidate-revient-et-renverse-laventure-1751632\" target=\"_blank\" rel=\"noopener\"><br \/>\nLa candidate de la saison 13 de la Star Academy<\/a> a<br \/>\nd\u00e9voil\u00e9 faire face \u00e0 des probl\u00e8mes familiaux aux cam\u00e9ras de TF1. La<br \/>\nraison ? Son papa, qui suit son aventure depuis sa Suisse natale,<br \/>\nn&rsquo;est pas en bonne sant\u00e9.<\/p>\n<p>Et c&rsquo;est en larmes que L\u00e9a a fait la r\u00e9v\u00e9lation dans la<br \/>\nquotidienne de la Star Academy du mercredi 21 janvier.<br \/>\nPour rappel, la jeune femme \u00e9tait rentr\u00e9e \u00e0 Bienne, en Suisse afin<br \/>\nde retrouver ses proches. Une parenth\u00e8se dans l&rsquo;aventure en amont<br \/>\nde la demi-finale, au cours de laquelle TF1 l&rsquo;avait suivie. Des<br \/>\nretrouvailles avec les siens baign\u00e9es de larmes. A sa sortie du<br \/>\nv\u00e9hicule de la production, L\u00e9a avait saut\u00e9 dans les bras de sa m\u00e8re<br \/>\nen s&rsquo;effondrant en larmes, puis de son p\u00e8re, ses fr\u00e8res et soeurs<br \/>\net son petit-ami, puis de ses amies. \u00ab\u00a0Mettez moi sur un prime,<br \/>\n\u00e7a va, <strong>mais ramenez-moi chez moi et \u00e7a ne va plus<br \/>\n!<\/strong>\u00ab\u00a0, s&rsquo;\u00e9tait-elle exclam\u00e9e.<\/p>\n<p>L\u00e9a en route pour les demi-finales face \u00e0 Sarah<\/p>\n<p>La joie pour L\u00e9a d&rsquo;\u00eatre aupr\u00e8s des siens. Mais de retour \u00e0<br \/>\nDammarie-les-Lys, la jeune femme de 22 ans accuse le coup.<br \/>\n<strong>Elle se confie aux cam\u00e9ras.<\/strong> \u00ab\u00a0Je suis tr\u00e8s<br \/>\n\u00e9mue, autant de monde r\u00e9uni pour moi, juste moi, c\u2019est fou,<br \/>\na-t-elle d\u00e9clar\u00e9. Je ne pouvais pas r\u00eaver mieux. Je suis pr\u00eate<br \/>\net voil\u00e0, mon urgence, elle est l\u00e0. <strong>Mon papa, qui n\u2019est pas<br \/>\nau meilleur de sa forme,<\/strong> est l\u00e0 derri\u00e8re moi et me<br \/>\nsoutient malgr\u00e9 sa fatigue, tout comme le reste de ma famille.<br \/>\nFranchement, l\u00e0, c\u2019est tout droit et c\u2019est pour eux.\u00a0\u00bb<\/p>\n<p>De la force, il lui en faudra pour faire face \u00e0 Sarah, qu&rsquo;elle<br \/>\naffrontera en demi-finale samedi 24 janvier. Puis ce sera au tour<br \/>\nd&rsquo;Ambre et Victor de se faire face le 31 janvier. Et surprise : ils<br \/>\nauront le droit de partager un duo avec un \u00e9l\u00e8ve \u00e9limin\u00e9 de<br \/>\nl&rsquo;aventure ! La question pos\u00e9e par la production pour <a href=\"https:\/\/www.telestar.fr\/tele_realite\/star-academy-2025-qui-sont-les-dix-sept-eleves-de-la-saison-1742154\" target=\"_blank\" rel=\"noopener\"><br \/>\nle coup d&rsquo;envoi de cette saison 13 en octobre dernier<\/a> se pose<br \/>\nplus que jamais : \u00ab\u00a0Qui succ\u00e9dera \u00e0 Marine, grande gagnante de<br \/>\nla saison 2024 avec son album d\u00e9j\u00e0 disque d&rsquo;or, et remportera un<br \/>\ncontrat d&rsquo;enregistrement exclusif avec Sony Music Entertainment<br \/>\nFrance, la production d&rsquo;un premier album, ainsi que 100.000 euros<br \/>\n?\u00a0\u00bb<\/p>\n<p>Entre stress et excitation pour la<br \/>\ndemi-finale<\/p>\n<p><a href=\"https:\/\/www.telestar.fr\/tele_realite\/star_academy\/exclu-star-academy-stressee-lunaire-ambre-sarah-victor-et-lea-a-coeur-ouvert-avant-la-demi-finale-1751472\" target=\"_blank\" rel=\"noopener\"><br \/>\nDans quel \u00e9tat d&rsquo;esprit sont les deux semi-finalistes ?<\/a> Dans<br \/>\nune interview \u00e0 T\u00e9l\u00e9 Star, Sarah confiait ainsi \u00eatre<br \/>\n<strong>\u00ab\u00a0excit\u00e9e, vraiment excit\u00e9e \u00e0 bloc. Je suis trop<br \/>\ncontente de toutes les chansons que j\u2019ai avec L\u00e9a. Et puis de<br \/>\npartager une demi-finale avec L\u00e9a,<br \/>\nc\u2019est\u00a0<\/strong>compl\u00e8tement lunaire.\u00a0\u00bb\u00a0<\/p>\n<p>L\u00e9a, quant \u00e0 elle, assume ce m\u00e9lange d\u2019adr\u00e9naline et de<br \/>\npression. \u2018\u00a0\u00bb\u00c0 l\u2019approche de cette<br \/>\ndemi-finale,\u00a0<strong>stress\u00e9e et excit\u00e9e.<\/strong> J\u2019ai trop<br \/>\ntrop h\u00e2te, mais c\u2019est vrai qu\u2019on a le stress, mais c\u2019est un bon<br \/>\nstress\u00a0\u00bb, explique-t-elle.<\/p>\n","protected":false},"excerpt":{"rendered":"EN BREF L\u00e9a a retrouv\u00e9 sa famille en Suisse en amont de la demi-finales de la Star Academy&hellip;\n","protected":false},"author":2,"featured_media":669337,"comment_status":"","ping_status":"","sticky":false,"template":"","format":"standard","meta":{"footnotes":""},"categories":[2],"tags":[11,548,1011,27,12,25,5095],"class_list":{"0":"post-682447","1":"post","2":"type-post","3":"status-publish","4":"format-standard","5":"has-post-thumbnail","7":"category-actualites","8":"tag-actualites","9":"tag-article-simple","10":"tag-fr","11":"tag-france","12":"tag-news","13":"tag-republique-francaise","14":"tag-star-academy"},"share_on_mastodon":{"url":"https:\/\/pubeurope.com\/@fr\/115941322500832070","error":""},"_links":{"self":[{"href":"https:\/\/www.europesays.com\/fr\/wp-json\/wp\/v2\/posts\/682447","targetHints":{"allow":["GET"]}}],"collection":[{"href":"https:\/\/www.europesays.com\/fr\/wp-json\/wp\/v2\/posts"}],"about":[{"href":"https:\/\/www.europesays.com\/fr\/wp-json\/wp\/v2\/types\/post"}],"author":[{"embeddable":true,"href":"https:\/\/www.europesays.com\/fr\/wp-json\/wp\/v2\/users\/2"}],"replies":[{"embeddable":true,"href":"https:\/\/www.europesays.com\/fr\/wp-json\/wp\/v2\/comments?post=682447"}],"version-history":[{"count":0,"href":"https:\/\/www.europesays.com\/fr\/wp-json\/wp\/v2\/posts\/682447\/revisions"}],"wp:featuredmedia":[{"embeddable":true,"href":"https:\/\/www.europesays.com\/fr\/wp-json\/wp\/v2\/media\/669337"}],"wp:attachment":[{"href":"https:\/\/www.europesays.com\/fr\/wp-json\/wp\/v2\/media?parent=682447"}],"wp:term":[{"taxonomy":"category","embeddable":true,"href":"https:\/\/www.europesays.com\/fr\/wp-json\/wp\/v2\/categories?post=682447"},{"taxonomy":"post_tag","embeddable":true,"href":"https:\/\/www.europesays.com\/fr\/wp-json\/wp\/v2\/tags?post=682447"}],"curies":[{"name":"wp","href":"https:\/\/api.w.org\/{rel}","templated":true}]}}