{"id":682468,"date":"2026-01-22T23:37:13","date_gmt":"2026-01-22T23:37:13","guid":{"rendered":"https:\/\/www.europesays.com\/fr\/682468\/"},"modified":"2026-01-22T23:37:13","modified_gmt":"2026-01-22T23:37:13","slug":"elle-est-morte-il-y-a-quelques-jours-mika-annonce-une-mauvaise-nouvelle","status":"publish","type":"post","link":"https:\/\/www.europesays.com\/fr\/682468\/","title":{"rendered":"\u00ab\u00a0Elle est morte il y a quelques jours&#8230;\u00a0\u00bb : Mika annonce une mauvaise nouvelle"},"content":{"rendered":"<p>Ce jeudi 22 janvier 2026, dans C \u00e0 Vous sur France 5, Anne-\u00c9lisabeth Lemoine a re\u00e7u Mika pour la promotion de son tout nouvel album baptis\u00e9 Hyperlove. Pendant leur \u00e9change, le chanteur de 42 ans a annonc\u00e9 une mauvaise nouvelle. <\/p>\n<p>Mika ne manque pas de projets. Alors qu&rsquo;il sera le Pr\u00e9sident d&rsquo;honneur de la 41\u00e8me c\u00e9r\u00e9monie des Victoires de la musique le 13 f\u00e9vrier prochain, <a href=\"https:\/\/www.programme-tv.net\/news\/tv\/393572-j-ai-fait-faillite-mika-surprend-yann-barthes-dans-quotidien-en-revelant-avoir-ete-endette-a-la-suite-d-un-concert-au-parc-des-princes\/\" data-api-deeplink=\"teleloisirs:\/\/news\/393572\" target=\"_blank\" rel=\"noopener\">le chanteur<\/a> d\u00e9voile son 14\u00e8me album baptis\u00e9 Hyperlove et qui sort ce vendredi 23 janvier 2026. Il s&rsquo;agit-l\u00e0 de son premier album en anglais depuis sept ans. Pour en parler, il a \u00e9t\u00e9 invit\u00e9 sur le plateau de C \u00e0 Vous sur France 5. Il a tout d&rsquo;abord pr\u00e9cis\u00e9 que ce projet a n\u00e9cessit\u00e9 \u00ab\u00a0deux ans et demi de travail\u00a0\u00bb. Et d&rsquo;ajouter : \u00ab\u00a0Quand j&rsquo;ai commenc\u00e9 l&rsquo;album, j&rsquo;avais 40 ans (&#8230;) Je me suis dit : &lsquo;Comment va mon \u00e2me ? Est-ce qu&rsquo;elle vit encore ?&rsquo; (&#8230;) Quand on a dix ans, \u00e7a se voit physiquement : l&rsquo;esprit contr\u00f4le le corps. Petit \u00e0 petit, le temps, la gravit\u00e9 de la vie et aussi la contamination du monde autour de nous, la comparaison, la tristesse de temps en temps&#8230; On peut perdre acc\u00e8s \u00e0 l&rsquo;\u00e2me, on oublie qui on est\u00a0\u00bb.<\/p>\n<p>Dans la suite de l&rsquo;entretien, <a href=\"https:\/\/www.programme-tv.net\/biographie\/40799-lemoine-anne-elisabeth\/\" data-link-people=\"c4d3afa1-63f5-4b73-bd3a-75c74edbba6d\" target=\"_blank\" rel=\"noopener\">Anne-\u00c9lisabeth Lemoine<\/a> a parl\u00e9 de son chien, un golden retriever, \u00ab\u00a0qui vous accompagne depuis 16 ans\u00a0\u00bb, a-t-elle dit. \u00ab\u00a0Qui m&rsquo;accompagnait depuis 16 ans, elle est morte il y a quelques jours\u00a0\u00bb, a-t-il annonc\u00e9. Dans son album, il lui a d\u00e9di\u00e9 le titre suivant : Immortal love. L&rsquo;animatrice a voulu savoir pourquoi il a voulu aborder \u00ab\u00a0le sujet de l&rsquo;amour\u00a0\u00bb pour son animal de compagnie. \u00ab\u00a0Il n&rsquo;y avait aucun objectif, c&rsquo;\u00e9tait pas une grande id\u00e9e, c&rsquo;\u00e9tait compl\u00e8tement par hasard. J&rsquo;\u00e9tais en train d&rsquo;\u00e9crire cet album. Vers la fin, j&rsquo;avais une belle m\u00e9lodie, je ne savais pas quoi faire avec (&#8230;) Tout d&rsquo;un coup, elle rentre, elle me regarde et je me dis : &lsquo;Mais je suis b\u00eate, c&rsquo;est tellement \u00e9vident'\u00a0\u00bb, s&rsquo;est-il souvenu.<\/p>\n<p>\u00ab\u00a0Il n&rsquo;y avait pas la m\u00eame charge \u00e9lectrique\u00a0\u00bb : Mika se livre sur les derniers instants d&rsquo;un \u00eatre qui a partag\u00e9 sa vie pendant 16 ans<\/p>\n<p>Mika a poursuivi : \u00ab\u00a0Quand elle est partie la semaine derni\u00e8re, on savait que c&rsquo;\u00e9tait le moment, parce que derri\u00e8re les yeux, il n&rsquo;y avait pas la m\u00eame charge \u00e9lectrique\u00a0\u00bb. Et de conclure : \u00ab\u00a0Ce qui est hallucinant, je fais quelques interviews depuis qu&rsquo;elle est d\u00e9c\u00e9d\u00e9e (&#8230;) le nombre de gens qui veulent parler des chiens et qui ensuite qui parlent de leur chien&#8230; On n&rsquo;en parle jamais, on a l&rsquo;impression qu&rsquo;on a honte de parler de nos chiens, m\u00eame si on aime souvent nos chiens plus que les personnes\u00a0\u00bb.<\/p>\n","protected":false},"excerpt":{"rendered":"Ce jeudi 22 janvier 2026, dans C \u00e0 Vous sur France 5, Anne-\u00c9lisabeth Lemoine a re\u00e7u Mika pour&hellip;\n","protected":false},"author":2,"featured_media":682469,"comment_status":"","ping_status":"","sticky":false,"template":"","format":"standard","meta":{"footnotes":""},"categories":[1355],"tags":[4470,244,58,59,1011,27,4467,45959,1361,873,1630],"class_list":{"0":"post-682468","1":"post","2":"type-post","3":"status-publish","4":"format-standard","5":"has-post-thumbnail","7":"category-musique","8":"tag-c-u00e0-vous","9":"tag-commentaire","10":"tag-divertissement","11":"tag-entertainment","12":"tag-fr","13":"tag-france","14":"tag-france-5","15":"tag-mika","16":"tag-music","17":"tag-musique","18":"tag-zapping"},"share_on_mastodon":{"url":"https:\/\/pubeurope.com\/@fr\/115941385451713296","error":""},"_links":{"self":[{"href":"https:\/\/www.europesays.com\/fr\/wp-json\/wp\/v2\/posts\/682468","targetHints":{"allow":["GET"]}}],"collection":[{"href":"https:\/\/www.europesays.com\/fr\/wp-json\/wp\/v2\/posts"}],"about":[{"href":"https:\/\/www.europesays.com\/fr\/wp-json\/wp\/v2\/types\/post"}],"author":[{"embeddable":true,"href":"https:\/\/www.europesays.com\/fr\/wp-json\/wp\/v2\/users\/2"}],"replies":[{"embeddable":true,"href":"https:\/\/www.europesays.com\/fr\/wp-json\/wp\/v2\/comments?post=682468"}],"version-history":[{"count":0,"href":"https:\/\/www.europesays.com\/fr\/wp-json\/wp\/v2\/posts\/682468\/revisions"}],"wp:featuredmedia":[{"embeddable":true,"href":"https:\/\/www.europesays.com\/fr\/wp-json\/wp\/v2\/media\/682469"}],"wp:attachment":[{"href":"https:\/\/www.europesays.com\/fr\/wp-json\/wp\/v2\/media?parent=682468"}],"wp:term":[{"taxonomy":"category","embeddable":true,"href":"https:\/\/www.europesays.com\/fr\/wp-json\/wp\/v2\/categories?post=682468"},{"taxonomy":"post_tag","embeddable":true,"href":"https:\/\/www.europesays.com\/fr\/wp-json\/wp\/v2\/tags?post=682468"}],"curies":[{"name":"wp","href":"https:\/\/api.w.org\/{rel}","templated":true}]}}