{"id":682474,"date":"2026-01-22T23:40:11","date_gmt":"2026-01-22T23:40:11","guid":{"rendered":"https:\/\/www.europesays.com\/fr\/682474\/"},"modified":"2026-01-22T23:40:11","modified_gmt":"2026-01-22T23:40:11","slug":"desillusion-pour-les-bleus-battus-par-le-danemark-pour-leurs-debuts-dans-le-tour-principal","status":"publish","type":"post","link":"https:\/\/www.europesays.com\/fr\/682474\/","title":{"rendered":"d\u00e9sillusion pour les Bleus, battus par le Danemark pour leurs d\u00e9buts dans le tour principal"},"content":{"rendered":"<p>\n    Apr\u00e8s avoir termin\u00e9 le tour pr\u00e9liminaire invaincus, les handballeurs tricolores se sont inclin\u00e9s ce jeudi face aux Danois (29-32).<\/p>\n<p class=\"fig-paragraph\">Apr\u00e8s avoir termin\u00e9\u00a0<a href=\"http:\/\/www.lefigaro.fr\/sports\/handball\/euro-de-handball-les-bleus-poursuivent-leur-festival-offensif-20260120\" data-fig-type=\"NewsFlash\" data-gtm-custom-categorie=\"navigation\" data-gtm-custom-action=\"crossclick\" data-gtm-custom-label=\"Contextuel\" data-gtm-event=\"customEventSPE\" data-fig-domain=\"LEFIGARO\" target=\"_blank\" rel=\"noopener\">le tour pr\u00e9liminaire invaincue<\/a>,\u00a0<a href=\"http:\/\/www.lefigaro.fr\/sports\/handball\/euro-de-handball-gidsel-dujshebaev-wolff-du-tres-lourd-sur-la-route-des-bleus-20260122\" data-fig-type=\"NewsFlash\" data-gtm-custom-categorie=\"navigation\" data-gtm-custom-action=\"crossclick\" data-gtm-custom-label=\"Contextuel\" data-gtm-event=\"customEventSPE\" data-fig-domain=\"LEFIGARO\" target=\"_blank\" rel=\"noopener\">l\u2019\u00e9quipe de France de handball<\/a>\u00a0a entam\u00e9 le tour principal, ce jeudi, par une d\u00e9faite face au Danemark (29-32). Dans une rencontre qui a fait la part belle aux d\u00e9fenses, et surtout au gardien Emil Nielsen, les Bleus ont finalement perdu un premier joker sur la route des demi-finales. Dans un match qui a fait la part belle \u00e0 la d\u00e9fense, et surtout fait briller le gardien Emil Nielsen, les Bleus se sont inclin\u00e9s contre les Danois (32-29) \u00e0 Herning, et perdent un premier joker sur le chemin menant aux demi-finales de l\u2019Euro de handball.<\/p>\n<p class=\"fig-paragraph\">Avec deux points &#8211; conserv\u00e9s apr\u00e8s le tour pr\u00e9liminaire &#8211; les champions d\u2019Europe en titre ont encore les cartes en main apr\u00e8s ce premier choc du tour principal, mais devront l\u2019emporter devant les Portugais samedi pour \u00e9viter de commencer \u00e0 voir rouge. Du rouge, ils en ont vu jeudi, alors que les tribunes de la Boxen de Herning s\u2019\u00e9taient remplies tout au long de la journ\u00e9e pour encourager les prot\u00e9g\u00e9s danois, d\u00e9j\u00e0 sous pression et sans point au moment d\u2019entamer cette nouvelle phase de l\u2019Euro, apr\u00e8s lequel ils courent depuis 2012.<\/p>\n<p>                                            <a class=\"fig-a11y-skip\" href=\"#fig-a11y-skip-main-inarticle\" data-module=\"a11y-skip\" data-context=\"was @visible\"><br \/>\n    Passer la publicit\u00e9<br \/>\n<\/a>            <\/p>\n<p class=\"fig-paragraph\">Une pression ressentie de bout en bout alors que la soir\u00e9e n\u2019a cess\u00e9 de basculer de part et d\u2019autre, avant de pencher dans les dix derni\u00e8res minutes en faveur des champions olympiques en titre emmen\u00e9s par un Nielsen des grands soirs (11 arr\u00eats, \u00e0 28% de r\u00e9ussite). Avant que celui-ci ne soit c\u00e9l\u00e9br\u00e9 comme il se doit homme du match, les Fran\u00e7ais ont un temps parfaitement r\u00e9pondu \u00e0 l\u2019agressivit\u00e9 impos\u00e9e par leur adversaire.<\/p>\n<p class=\"fig-paragraph\">Tels des lions en cage, les deux formations se sont rendues coup pour coup dans une premi\u00e8re p\u00e9riode aussi tendue que ferm\u00e9e. Jusqu\u2019ici assez discret dans cet Euro, Charles Bolzinger a peu \u00e0 peu r\u00e9pondu aux \u00e9clairs de Nielsen (5 arr\u00eats chacun \u00e0 la pause). Comme lors de ces deux arr\u00eats de suite devant Dika Mem, l\u2019ancien Nantais a d\u2019abord longtemps maintenu ses co\u00e9quipiers \u00e0 un seul but d\u2019\u00e9cart quand en face, la d\u00e9fense tricolore s\u2019employait \u00e0 frustrer Mathias Gidsel, consid\u00e9r\u00e9 comme le meilleur joueur au monde, et consorts.<\/p>\n<p class=\"fig-paragraph\">Mais alors que les Bleus ont pein\u00e9 par moments \u00e0 se montrer efficaces, Emil Nielsen, lui, n\u2019a certainement pas baiss\u00e9 le pied. Devant une foule en folie, le g\u00e9ant danois a, \u00e0 nouveau, multipli\u00e9 les parades. Et de l\u2019autre c\u00f4t\u00e9 Gidsel s\u2019est r\u00e9veill\u00e9 pour mettre les siens devant (9\/14). Finalement, et alors que l\u2019ensemble du public s\u2019\u00e9tait d\u00e9j\u00e0 lev\u00e9 pour pousser les leurs \u00e0 cinq minutes du terme, les locaux ont d\u00e9finitivement pris les devants, Gidsel s\u2019employant \u00e0 nouveau pour offrir aux siens le choc du soir. Prochains matchs \u00e0 venir pour les joueurs de Guillaume Gille\u00a0: le Portugal (24 janvier, 15h30), l\u2019Espagne (26 janvier, 18h) et l\u2019Allemagne (28 janvier, 18h).<\/p>\n","protected":false},"excerpt":{"rendered":"Apr\u00e8s avoir termin\u00e9 le tour pr\u00e9liminaire invaincus, les handballeurs tricolores se sont inclin\u00e9s ce jeudi face aux Danois&hellip;\n","protected":false},"author":2,"featured_media":682475,"comment_status":"","ping_status":"","sticky":false,"template":"","format":"standard","meta":{"footnotes":""},"categories":[9],"tags":[2207,69,525,2211,2212,2210,1981,2206,64,1011,27,1792,2209,447,2208,1980,60],"class_list":{"0":"post-682474","1":"post","2":"type-post","3":"status-publish","4":"format-standard","5":"has-post-thumbnail","7":"category-sports","8":"tag-bleus","9":"tag-bundesliga","10":"tag-calendrier","11":"tag-championnat-deurope","12":"tag-championnat-du-monde","13":"tag-ciudad-real","14":"tag-classement","15":"tag-division-1","16":"tag-equipe-de-france","17":"tag-fr","18":"tag-france","19":"tag-handball","20":"tag-kiel","21":"tag-ligue-des-champions","22":"tag-montpellier","23":"tag-resultats","24":"tag-sports"},"share_on_mastodon":{"url":"https:\/\/pubeurope.com\/@fr\/115941397229053737","error":""},"_links":{"self":[{"href":"https:\/\/www.europesays.com\/fr\/wp-json\/wp\/v2\/posts\/682474","targetHints":{"allow":["GET"]}}],"collection":[{"href":"https:\/\/www.europesays.com\/fr\/wp-json\/wp\/v2\/posts"}],"about":[{"href":"https:\/\/www.europesays.com\/fr\/wp-json\/wp\/v2\/types\/post"}],"author":[{"embeddable":true,"href":"https:\/\/www.europesays.com\/fr\/wp-json\/wp\/v2\/users\/2"}],"replies":[{"embeddable":true,"href":"https:\/\/www.europesays.com\/fr\/wp-json\/wp\/v2\/comments?post=682474"}],"version-history":[{"count":0,"href":"https:\/\/www.europesays.com\/fr\/wp-json\/wp\/v2\/posts\/682474\/revisions"}],"wp:featuredmedia":[{"embeddable":true,"href":"https:\/\/www.europesays.com\/fr\/wp-json\/wp\/v2\/media\/682475"}],"wp:attachment":[{"href":"https:\/\/www.europesays.com\/fr\/wp-json\/wp\/v2\/media?parent=682474"}],"wp:term":[{"taxonomy":"category","embeddable":true,"href":"https:\/\/www.europesays.com\/fr\/wp-json\/wp\/v2\/categories?post=682474"},{"taxonomy":"post_tag","embeddable":true,"href":"https:\/\/www.europesays.com\/fr\/wp-json\/wp\/v2\/tags?post=682474"}],"curies":[{"name":"wp","href":"https:\/\/api.w.org\/{rel}","templated":true}]}}