{"id":682492,"date":"2026-01-22T23:51:58","date_gmt":"2026-01-22T23:51:58","guid":{"rendered":"https:\/\/www.europesays.com\/fr\/682492\/"},"modified":"2026-01-22T23:51:58","modified_gmt":"2026-01-22T23:51:58","slug":"video-video-abandonne-dans-un-refuge-le-chien-galbi-a-ete-adopte-par-la-police-et-decouvre-sa-nouvelle-vie-a-nancy","status":"publish","type":"post","link":"https:\/\/www.europesays.com\/fr\/682492\/","title":{"rendered":"Vid\u00e9o. VIDEO. Abandonn\u00e9 dans un refuge, le chien Galbi a \u00e9t\u00e9 adopt\u00e9 par la police et d\u00e9couvre sa nouvelle vie \u00e0 Nancy"},"content":{"rendered":"<p>                    Par<br \/>\n        <strong><br \/>\n            <a href=\"https:\/\/actu.fr\/auteur\/pierre-emile-bouchy-actu-fr\" title=\"Consulter tous les articles de Paul-Emile Bouchy\" target=\"_blank\" rel=\"noopener\">Paul-Emile Bouchy<\/a><br \/>\n                    <\/strong><\/p>\n<p>        Publi\u00e9 le<\/p>\n<p>            22 janv. 2026 \u00e0 16h40        <\/p>\n<p>C\u2019est une belle histoire qui est arriv\u00e9e \u00e0 <strong>Galbi, ce jeune malinois \u00e2g\u00e9 bient\u00f4t de 2\u00a0ans<\/strong>. Alors qu\u2019il avait \u00e9t\u00e9 abandonn\u00e9 depuis plusieurs mois dans un refuge de la SPA \u00e0 <a href=\"https:\/\/actu.fr\/bordeaux\/\" target=\"_blank\" rel=\"noopener\">Bordeaux<\/a> (Gironde), <strong>ce chien a \u00e9t\u00e9 adopt\u00e9<\/strong> par la <a href=\"https:\/\/actu.fr\/tag\/police\" target=\"_blank\" rel=\"noopener\">police nationale<\/a> et <strong>fait d\u00e9sormais partie int\u00e9grante de la brigade canine<\/strong> de <a href=\"https:\/\/actu.fr\/grand-est\/nancy_54395\" target=\"_blank\" rel=\"noopener\">Nancy<\/a> (Meurthe-et-Moselle).<\/p>\n<p>Un chien id\u00e9al pour rechercher des stup\u00e9fiants et des munitions<\/p>\n<p class=\" wall-content\">Avant de l\u2019adopter, le Centre national de formation des unit\u00e9s cynotechniques a fait passer plusieurs tests \u00e0 Galbi. \u00ab\u2009Cela permet de voir si le chien n\u2019a pas peur de son environnement, aime jouer et peut donc \u00eatre pr\u00e9sent lors d\u2019interventions\u2009\u00bb, explique Charl\u00e8ne, la conductrice du chien.<\/p>\n<p class=\" wall-content\">Apr\u00e8s des tests probants, Galbi a suivi, avec Charl\u00e8ne,<strong> une formation intensive pendant 3\u00a0mois et demi pour le former \u00e0 la recherche de stup\u00e9fiants, d\u2019armes, de munitions et de billets de banque<\/strong>.<\/p>\n<p class=\" wall-content\">\u00ab<strong>\u2009Galbi vit pour le jeu et la recherche en fait partie.<\/strong> C\u2019est un chien tr\u00e8s sensible et c\u2019est important pour ce type de missions o\u00f9 il y a besoin de finesse\u2009\u00bb, ajoute la polici\u00e8re.<\/p>\n<p>Au service de la police jusqu\u2019\u00e0 ses 9\u00a0ans<\/p>\n<p class=\" wall-content\">Arriv\u00e9 d\u00e9but d\u00e9cembre \u00e0 Nancy, apr\u00e8s sa formation, Galbi a d\u00e9j\u00e0 pris part \u00e0 plusieurs op\u00e9rations en lien avec le narcotrafic. \u00ab<strong>\u2009Il a d\u00e9j\u00e0 trouv\u00e9 des amph\u00e9tamines, de la r\u00e9sine, du cannabis, des billets et aussi une munition<\/strong>\u2009\u00bb, indique Charl\u00e8ne.<\/p>\n<p class=\" wall-content\">Galbi travaille au rythme de sa conductrice. \u00ab\u2009Quand je suis en vacances, il l\u2019est aussi et reste \u00e0 la brigade\u2009\u00bb, ajoute-t-elle.<\/p>\n<p class=\" wall-content\">Il devrait travailler au service de la police jusqu\u2019\u00e0 environ ses 9\u00a0ans. Apr\u00e8s, m\u00eame si rien n\u2019est encore act\u00e9, <strong>Charl\u00e8ne esp\u00e8re pouvoir l\u2019adopter<\/strong> pour qu\u2019il finisse sa vie au sein de sa famille.<\/p>\n<p class=\" wall-content\">Personnalisez votre actualit\u00e9 en ajoutant vos villes et m\u00e9dias en favori avec <a href=\"https:\/\/moncompte.actu.fr\" title=\"D\u00e9couvez Mon Actu\" rel=\"nofollow noopener\" data-trk=\"{&quot;cta&quot;:{&quot;action&quot;:&quot;https:\\\/\\\/moncompte.actu.fr&quot;,&quot;category&quot;:&quot;mon compte&quot;,&quot;from&quot;:&quot;article footer&quot;,&quot;name&quot;:&quot;Mon actu&quot;,&quot;type&quot;:&quot;cta&quot;}}\" target=\"_blank\">Mon Actu<\/a>.<\/p>\n","protected":false},"excerpt":{"rendered":"Par Paul-Emile Bouchy Publi\u00e9 le 22 janv. 2026 \u00e0 16h40 C\u2019est une belle histoire qui est arriv\u00e9e \u00e0&hellip;\n","protected":false},"author":2,"featured_media":682493,"comment_status":"","ping_status":"","sticky":false,"template":"","format":"standard","meta":{"footnotes":""},"categories":[9635],"tags":[1111,11,4850,1777,674,1011,27,775,1702,12,1072,25,104],"class_list":{"0":"post-682492","1":"post","2":"type-post","3":"status-publish","4":"format-standard","5":"has-post-thumbnail","7":"category-nancy","8":"tag-actu","9":"tag-actualites","10":"tag-chien","11":"tag-eu","12":"tag-europe","13":"tag-fr","14":"tag-france","15":"tag-grand-est","16":"tag-nancy","17":"tag-news","18":"tag-police","19":"tag-republique-francaise","20":"tag-societe"},"share_on_mastodon":{"url":"https:\/\/pubeurope.com\/@fr\/115941444328214731","error":""},"_links":{"self":[{"href":"https:\/\/www.europesays.com\/fr\/wp-json\/wp\/v2\/posts\/682492","targetHints":{"allow":["GET"]}}],"collection":[{"href":"https:\/\/www.europesays.com\/fr\/wp-json\/wp\/v2\/posts"}],"about":[{"href":"https:\/\/www.europesays.com\/fr\/wp-json\/wp\/v2\/types\/post"}],"author":[{"embeddable":true,"href":"https:\/\/www.europesays.com\/fr\/wp-json\/wp\/v2\/users\/2"}],"replies":[{"embeddable":true,"href":"https:\/\/www.europesays.com\/fr\/wp-json\/wp\/v2\/comments?post=682492"}],"version-history":[{"count":0,"href":"https:\/\/www.europesays.com\/fr\/wp-json\/wp\/v2\/posts\/682492\/revisions"}],"wp:featuredmedia":[{"embeddable":true,"href":"https:\/\/www.europesays.com\/fr\/wp-json\/wp\/v2\/media\/682493"}],"wp:attachment":[{"href":"https:\/\/www.europesays.com\/fr\/wp-json\/wp\/v2\/media?parent=682492"}],"wp:term":[{"taxonomy":"category","embeddable":true,"href":"https:\/\/www.europesays.com\/fr\/wp-json\/wp\/v2\/categories?post=682492"},{"taxonomy":"post_tag","embeddable":true,"href":"https:\/\/www.europesays.com\/fr\/wp-json\/wp\/v2\/tags?post=682492"}],"curies":[{"name":"wp","href":"https:\/\/api.w.org\/{rel}","templated":true}]}}