{"id":68251,"date":"2025-05-02T02:06:13","date_gmt":"2025-05-02T02:06:13","guid":{"rendered":"https:\/\/www.europesays.com\/fr\/68251\/"},"modified":"2025-05-02T02:06:13","modified_gmt":"2025-05-02T02:06:13","slug":"ce-sera-un-changement-complet-dambiance-le-temps-estival-se-termine-avec-une-degradation-meteo-et-la-chute-des-temperatures","status":"publish","type":"post","link":"https:\/\/www.europesays.com\/fr\/68251\/","title":{"rendered":"\u00ab\u00a0Ce sera un changement complet d&rsquo;ambiance\u00a0\u00bb, le temps estival se termine avec une d\u00e9gradation m\u00e9t\u00e9o et la chute des temp\u00e9ratures"},"content":{"rendered":"<p class=\"article__intro\">Ce 1er mai 2025 a des allures d&rsquo;\u00e9t\u00e9. Jusqu&rsquo;\u00e0 30 degr\u00e9s annonc\u00e9s \u00e0 Paris, ville la plus chaude de France. Strasbourg n&rsquo;est pas loin avec 29 degr\u00e9s de temp\u00e9rature maximale. 28\u00b0C \u00e0 Mulhouse et 26\u00b0C \u00e0 Colmar. Un conseil, en profiter avant la d\u00e9gradation orageuse annonc\u00e9e pour ce week-end.<\/p>\n<p>\n      L&rsquo;essentiel du jour : notre s\u00e9lection exclusive\n    <\/p>\n<p>\n      Chaque jour, notre r\u00e9daction vous r\u00e9serve le meilleur de l&rsquo;info r\u00e9gionale. Une s\u00e9lection rien que pour vous, pour rester en lien avec vos r\u00e9gions.\n    <\/p>\n<p>    France T\u00e9l\u00e9visions utilise votre adresse e-mail afin de vous envoyer la newsletter \u00ab\u00a0L&rsquo;essentiel du jour : notre s\u00e9lection exclusive\u00a0\u00bb. Vous pouvez vous d\u00e9sinscrire \u00e0 tout moment via le lien en bas de cette newsletter. <a target=\"_blank\" href=\"https:\/\/www.francetelevisions.fr\/groupe\/confidentialite\/politique-de-confidentialite\/politique-de-confidentialite-de-france-televisions-6503\" rel=\"nofollow noopener\">Notre politique de confidentialit\u00e9<\/a><\/p>\n<p>C&rsquo;est l&rsquo;\u00e9t\u00e9 au printemps. Pas un seul nuage, et un soleil qui r\u00e8gne en ma\u00eetre absolu. Le mercure grimpe en cette journ\u00e9e du 1er mai. Jusqu&rsquo;\u00e0 29 degr\u00e9s \u00e0 Strasbourg et 28\u00b0C \u00e0 Mulhouse. Vendredi, on reprend les m\u00eames ingr\u00e9dients, \u00ab\u00a0cette journ\u00e9e pourrait m\u00eame \u00eatre la plus chaude jamais enregistr\u00e9e un 2 mai en plaine d&rsquo;Alsace\u00a0\u00bb pronostique Lo\u00efc Alter, pr\u00e9sident de l&rsquo;association <a href=\"https:\/\/www.meteosuivialsace.fr\/\" target=\"_blank\" rel=\"noopener nofollow\">M\u00e9t\u00e9o Suivi Alsace. <\/a><\/p>\n<p>\u00ab\u00a0C&rsquo;est vrai qu&rsquo;on pourrait encore gagner quelques dixi\u00e8mes de degr\u00e9s, mais on aura plus de nuages, avec m\u00eame peut-\u00eatre quelques remont\u00e9es de sable du Sahara\u00a0\u00bb, temp\u00e8re Christophe Nertz, m\u00e9t\u00e9orologue <a href=\"https:\/\/www.atmo-risk.fr\/\" target=\"_blank\" rel=\"noopener nofollow\">\u00e0 Atmo-Risk<\/a>. Et d\u00e8s samedi matin selon lui, on pourrait ranger les lunettes de soleil et sortir les parapluies, avec un risque de petites ond\u00e9es.<\/p>\n<p>La d\u00e9gringolade sera surtout marqu\u00e9e dans la nuit de samedi \u00e0 dimanche. Pluie et une chute brutale des temp\u00e9ratures. On passera d&rsquo;une impression estivale \u00e0 l&rsquo;automne, selon les pr\u00e9visionnistes. En fait, un juste retour des choses.<\/p>\n<p>\u00c0 Strasbourg, le thermom\u00e8tre n&rsquo;affichera plus que 14\u00b0C de temp\u00e9rature maximale, l\u00e9g\u00e8rement en dessous des normales saisonni\u00e8res. Et cela ne va pas s&rsquo;arranger. Le temps maussade va perdurer toute la semaine prochaine selon <a href=\"https:\/\/meteofrance.com\/previsions-meteo-france\/strasbourg\/67000\" target=\"_blank\" rel=\"noopener nofollow\">M\u00e9t\u00e9o France<\/a>. \u00ab\u00a0Ce sera un changement complet d&rsquo;ambiance, confirme Christian Mertz. Pas tellement de pluie, mais beaucoup de nuages et de la fra\u00eecheur\u00a0\u00bb, la faute \u00e0 une \u00ab\u00a0goutte froide\u00a0\u00bb\u00a0\u00bb.<\/p>\n<p>La \u00ab\u00a0goutte froide\u00a0\u00bb est une poche d&rsquo;air froid en altitude, qui vient d\u00e9stabiliser l&rsquo;air chaud au sol. Le conflit g\u00e9n\u00e8re de fortes rafales de vent, de la pluie et du gr\u00e9sil. M\u00eame si l&rsquo;Alsace ne doit pas \u00eatre pas en premi\u00e8re ligne de ces intemp\u00e9ries, les consignes de pr\u00e9caution peuvent \u00eatre utiles : \u00e9viter les baignades et les randonn\u00e9es en montagne ou en for\u00eat. Patienter. Apr\u00e8s tout, selon le calendrier, les beaux jours restent devant nous.<\/p>\n","protected":false},"excerpt":{"rendered":"Ce 1er mai 2025 a des allures d&rsquo;\u00e9t\u00e9. Jusqu&rsquo;\u00e0 30 degr\u00e9s annonc\u00e9s \u00e0 Paris, ville la plus chaude&hellip;\n","protected":false},"author":2,"featured_media":68252,"comment_status":"","ping_status":"","sticky":false,"template":"","format":"standard","meta":{"footnotes":""},"categories":[1888],"tags":[1111,1928,11,1927,1777,674,1011,27,12,1926,626,1925,25],"class_list":{"0":"post-68251","1":"post","2":"type-post","3":"status-publish","4":"format-standard","5":"has-post-thumbnail","7":"category-paris","8":"tag-actu","9":"tag-actu-paris","10":"tag-actualites","11":"tag-actualites-paris","12":"tag-eu","13":"tag-europe","14":"tag-fr","15":"tag-france","16":"tag-news","17":"tag-news-paris","18":"tag-paris","19":"tag-paris-news","20":"tag-republique-francaise"},"share_on_mastodon":{"url":"https:\/\/pubeurope.com\/@fr\/114435796963224975","error":""},"_links":{"self":[{"href":"https:\/\/www.europesays.com\/fr\/wp-json\/wp\/v2\/posts\/68251","targetHints":{"allow":["GET"]}}],"collection":[{"href":"https:\/\/www.europesays.com\/fr\/wp-json\/wp\/v2\/posts"}],"about":[{"href":"https:\/\/www.europesays.com\/fr\/wp-json\/wp\/v2\/types\/post"}],"author":[{"embeddable":true,"href":"https:\/\/www.europesays.com\/fr\/wp-json\/wp\/v2\/users\/2"}],"replies":[{"embeddable":true,"href":"https:\/\/www.europesays.com\/fr\/wp-json\/wp\/v2\/comments?post=68251"}],"version-history":[{"count":0,"href":"https:\/\/www.europesays.com\/fr\/wp-json\/wp\/v2\/posts\/68251\/revisions"}],"wp:featuredmedia":[{"embeddable":true,"href":"https:\/\/www.europesays.com\/fr\/wp-json\/wp\/v2\/media\/68252"}],"wp:attachment":[{"href":"https:\/\/www.europesays.com\/fr\/wp-json\/wp\/v2\/media?parent=68251"}],"wp:term":[{"taxonomy":"category","embeddable":true,"href":"https:\/\/www.europesays.com\/fr\/wp-json\/wp\/v2\/categories?post=68251"},{"taxonomy":"post_tag","embeddable":true,"href":"https:\/\/www.europesays.com\/fr\/wp-json\/wp\/v2\/tags?post=68251"}],"curies":[{"name":"wp","href":"https:\/\/api.w.org\/{rel}","templated":true}]}}