{"id":682512,"date":"2026-01-23T00:05:26","date_gmt":"2026-01-23T00:05:26","guid":{"rendered":"https:\/\/www.europesays.com\/fr\/682512\/"},"modified":"2026-01-23T00:05:26","modified_gmt":"2026-01-23T00:05:26","slug":"strasbourg-une-expo-photo-devant-le-parlement-europeen-en-hommage-aux-iraniens-morts-lors-des-manifestations","status":"publish","type":"post","link":"https:\/\/www.europesays.com\/fr\/682512\/","title":{"rendered":"Strasbourg. Une expo photo devant le Parlement europ\u00e9en en hommage aux Iraniens morts lors des manifestations"},"content":{"rendered":"<p>  \u00ab\u00a0Ni Shah ni Mollah\u00a0\u00bb<\/p>\n<p>Les photos sont celles d\u2019Iraniens tu\u00e9s lors des manifestations actuelles et ant\u00e9rieures. \u00ab\u00a0Ce n\u2019est pas nouveau ce que nous vivons aujourd\u2019hui\u00a0\u00bb, estime Azadeh Alemi, membre du CSDHI. Elle est venue dire aux eurod\u00e9put\u00e9s que \u00ab\u00a0le peuple iranien ne veut plus de ce r\u00e9gime ni celui d\u2019une autre dictature\u00a0\u00bb.<\/p>\n<p>Les mots <a href=\"https:\/\/www.dna.fr\/defense-guerre-conflit\/2026\/01\/19\/iran-des-dizaines-de-manifestants-demandent-le-retour-du-fils-de-l-ancien-shah\" target=\"_blank\" rel=\"noopener\">\u00ab\u00a0Ni Shah ni Mollah\u00a0\u00bb<\/a> sont \u00e9crits sur plusieurs affiches. Selon Hamid Assadollahi, porte-parole du CSDHI, \u00ab\u00a0le peuple iranien rejette la dictature, qu\u2019elle soit monarchique ou cl\u00e9ricale\u00a0\u00bb.<\/p>\n<p>Les manifestants militent pour une R\u00e9publique la\u00efque de souverainet\u00e9 populaire.<\/p>\n<p>  Les gardiens de la R\u00e9volution comme organisation terroriste<\/p>\n<p>Le mouvement appelle le Parlement \u00e0 inscrire les gardiens de la R\u00e9volution iraniens sur la liste des organisations terroristes internationales.<\/p>\n<p>Il intervient alors qu\u2019un vote est \u00e0 venir pour d\u00e9signer les responsables des morts lors des r\u00e9centes manifestations.<\/p>\n","protected":false},"excerpt":{"rendered":"\u00ab\u00a0Ni Shah ni Mollah\u00a0\u00bb Les photos sont celles d\u2019Iraniens tu\u00e9s lors des manifestations actuelles et ant\u00e9rieures. \u00ab\u00a0Ce n\u2019est&hellip;\n","protected":false},"author":2,"featured_media":682513,"comment_status":"","ping_status":"","sticky":false,"template":"","format":"standard","meta":{"footnotes":""},"categories":[2820],"tags":[1111,11,2389,3206,2880,1777,674,107,1011,27,775,12,25,640,2879],"class_list":{"0":"post-682512","1":"post","2":"type-post","3":"status-publish","4":"format-standard","5":"has-post-thumbnail","7":"category-strasbourg","8":"tag-actu","9":"tag-actualites","10":"tag-alsace","11":"tag-defense-guerre-conflit","12":"tag-edition-strasbourg","13":"tag-eu","14":"tag-europe","15":"tag-fil-info","16":"tag-fr","17":"tag-france","18":"tag-grand-est","19":"tag-news","20":"tag-republique-francaise","21":"tag-strasbourg","22":"tag-strasbourg-ville"},"share_on_mastodon":{"url":"https:\/\/pubeurope.com\/@fr\/115941495686638368","error":""},"_links":{"self":[{"href":"https:\/\/www.europesays.com\/fr\/wp-json\/wp\/v2\/posts\/682512","targetHints":{"allow":["GET"]}}],"collection":[{"href":"https:\/\/www.europesays.com\/fr\/wp-json\/wp\/v2\/posts"}],"about":[{"href":"https:\/\/www.europesays.com\/fr\/wp-json\/wp\/v2\/types\/post"}],"author":[{"embeddable":true,"href":"https:\/\/www.europesays.com\/fr\/wp-json\/wp\/v2\/users\/2"}],"replies":[{"embeddable":true,"href":"https:\/\/www.europesays.com\/fr\/wp-json\/wp\/v2\/comments?post=682512"}],"version-history":[{"count":0,"href":"https:\/\/www.europesays.com\/fr\/wp-json\/wp\/v2\/posts\/682512\/revisions"}],"wp:featuredmedia":[{"embeddable":true,"href":"https:\/\/www.europesays.com\/fr\/wp-json\/wp\/v2\/media\/682513"}],"wp:attachment":[{"href":"https:\/\/www.europesays.com\/fr\/wp-json\/wp\/v2\/media?parent=682512"}],"wp:term":[{"taxonomy":"category","embeddable":true,"href":"https:\/\/www.europesays.com\/fr\/wp-json\/wp\/v2\/categories?post=682512"},{"taxonomy":"post_tag","embeddable":true,"href":"https:\/\/www.europesays.com\/fr\/wp-json\/wp\/v2\/tags?post=682512"}],"curies":[{"name":"wp","href":"https:\/\/api.w.org\/{rel}","templated":true}]}}