{"id":682567,"date":"2026-01-23T00:34:24","date_gmt":"2026-01-23T00:34:24","guid":{"rendered":"https:\/\/www.europesays.com\/fr\/682567\/"},"modified":"2026-01-23T00:34:24","modified_gmt":"2026-01-23T00:34:24","slug":"voici-toutes-ses-annonces-spacex-tesla-ia-energie","status":"publish","type":"post","link":"https:\/\/www.europesays.com\/fr\/682567\/","title":{"rendered":"voici toutes ses annonces (SpaceX, Tesla, IA, \u00e9nergie)"},"content":{"rendered":"<p>Ce jeudi 22 janvier 2026 \u00e0 Davos, lors du Forum \u00e9conomique mondial (WEF), Elon Musk a particip\u00e9 pour la premi\u00e8re fois \u00e0 une session organis\u00e9e dans le cadre de ce rassemblement d\u2019\u00e9lites mondiales, engageant une conversation avec Larry Fink, le directeur g\u00e9n\u00e9ral de BlackRock. Pendant un \u00e9change assez bref (35 minutes), les deux hommes ont \u00e9voqu\u00e9 l\u2019espace, les besoins \u00e9nerg\u00e9tiques de la plan\u00e8te face \u00e0 la mont\u00e9e en puissance de l\u2019intelligence artificielle, et ont survol\u00e9 des sujets comme la robotique et la voiture autonome.<\/p>\n<p>Voici les principales annonces d\u2019Elon Musk \u00e0 Davos\u00a0:<\/p>\n<ul>\n<li><strong>Tesla et SpaceX ont un projet commun dans le solaire\u00a0: produire 100 GW d\u2019ici 3 ans, s\u00e9par\u00e9ment<\/strong><\/li>\n<li>Il y aura bient\u00f4t plus de puces produites que de puces capables de fonctionner<\/li>\n<li>Le robotaxi de Tesla doit obtenir une autorisation le mois prochain en Europe<\/li>\n<li>Le robotaxi esp\u00e8re aussi \u00eatre autoris\u00e9 en Chine \u00e0 un moment<\/li>\n<li>Optimus sera vendu au grand public fin 2027<\/li>\n<li><strong>En 2030, l\u2019IA sera plus intelligente que toute l\u2019humanit\u00e9 r\u00e9unie<\/strong><\/li>\n<li>Le vieillissement est un probl\u00e8me tout \u00e0 fait soluble<\/li>\n<li>Avec l\u2019IA et la robotique, il y aura une explosion de l\u2019\u00e9conomie mondiale sans pr\u00e9c\u00e9dent<\/li>\n<li>Il y aura plus de robots que d\u2019\u00eatre humains sur Terre<\/li>\n<\/ul>\n<p>Le milliardaire am\u00e9ricain, qui a longtemps critiqu\u00e9 le Forum \u00e9conomique mondial de Davos, a cr\u00e9\u00e9 la surprise en prenant l\u2019avion de Californie ce jeudi. Apr\u00e8s un long vol \u00e0 bord de son jet priv\u00e9, Elon Musk a atterri \u00e0 Zurich puis a \u00e9t\u00e9 transf\u00e9r\u00e9 par h\u00e9licopt\u00e8re \u00e0 Davos. Il semblerait que sa pr\u00e9sence ne soit pas motiv\u00e9e par sa rapide intervention sur sc\u00e8ne. \u00c0 sa place la veille, le PDG de Nvidia montait \u00e9galement sur sc\u00e8ne, tout comme le pr\u00e9sident des Etats-Unis, Donald Trump.<\/p>\n<p> Elon Musk \u00e0 Davos en direct avec Presse-citron<br \/>\n    <a href=\"https:\/\/www.youtube.com\/@PressecitronHD?sub_confirmation=1\" target=\"_blank\" rel=\"nofollow noopener\"><br \/>\n        S&rsquo;abonner \u00e0 Presse-citron<br \/>\n    <\/a>        22\/01<a href=\"#live-3ed797466a96f9630d5cca50ab20d8ad\">Tesla et SpaceX ont un projet commun dans le solaire\u00a0: 100 GW d\u2019ici 3 ans<\/a>  <\/p>\n<p>\u00c0 retenir de la conversation d\u2019Elon Musk au Forum \u00e9conomique mondial de Davos, les projets de Tesla et de SpaceX dans le solaire. D\u2019ici 3 ans, ses deux entreprises devront produire \u00e0 grande \u00e9chelle l\u2019\u00e9quivalent de 100 GW d\u2019\u00e9nergie. Les entreprises travailleraient s\u00e9par\u00e9ment.<\/p>\n<p>          22\/01<a href=\"#live-0c239161087da7e07615f803bae8fc6c\">Quel est l\u2019objectif d\u2019Elon Musk \u00e0 Davos\u00a0?<\/a>  <\/p>\n<p>Apr\u00e8s un trajet de plus de 10 heures pour une conf\u00e9rence de seulement 35 minutes, la pr\u00e9sence d\u2019Elon Musk \u00e0 Davos semble ailleurs. Le patron de Tesla a peut-\u00eatre pr\u00e9vu de se rendre \u00e0 Giga Berlin en Allemagne, o\u00f9 l\u2019entreprise de <a href=\"https:\/\/www.presse-citron.net\/tesla-des-emplois-supprimes-dans-la-plus-grande-usine-deurope-le-constructeur-repond\/\" target=\"_blank\" rel=\"noopener\">Tesla aurait r\u00e9duit ses effectifs de 14\u00a0%<\/a> (1700 emplois) selon des m\u00e9dias locaux relay\u00e9s par Reuters.<\/p>\n<p>          22\/01<a href=\"#live-a47a03937d4c0f5b1974b8a9562674f9\">En \u00e9voquant le Robotaxi de Tesla, Elon Musk a \u00e9voqu\u00e9 une autorisation europ\u00e9enne<\/a>  <\/p>\n<p>Sans pr\u00e9ciser o\u00f9, Elon Musk a dit qu\u2019il esp\u00e9rait obtenir une autorisation d\u2019exercice pour son robotaxi en Europe d\u00e8s le mois prochain.<\/p>\n<p>          22\/01<a href=\"#live-bdaed70b0271a95f319a1af61fe5738f\">Elon Musk pr\u00e9f\u00e8re avoir une vision \u00ab\u00a0optimiste et fausse\u00a0\u00bb plut\u00f4t que \u00ab\u00a0pessimiste et vraie\u00a0\u00bb<\/a>  <\/p>\n<p>\u00ab\u00a0Je suis inspir\u00e9 par ce qu\u2019il a fait, ce qu\u2019il est, et sa vision pour l\u2019avenir\u00a0\u00bb d\u00e9clare Larry Fink. Elon Musk appelle \u00e0 tous d\u2019\u00eatre optimiste sur l\u2019avenir, d\u00e9clarant qu\u2019il \u00e9tait pr\u00e9f\u00e9rable d\u2019avoir une vision \u00ab\u00a0optimiste et fausse\u00a0\u00bb plut\u00f4t que \u00ab\u00a0pessimiste et vraie\u00a0\u00bb, avant de mettre fin \u00e0 sa prise de parole \u00e0 Davos qui n\u2019aura dur\u00e9 que 35 minutes.<\/p>\n<p>          22\/01<a href=\"#live-c34bc7b64004f294a328939f030eba0c\">Elon Musk a demand\u00e9 \u00e0 sa communaut\u00e9 les sujets qu\u2019il devrait \u00e9voquer \u00e0 Davos<\/a><br \/>          22\/01<a href=\"#live-a476561e653ea8ca8e57710ac7edc842\">L\u2019IA en 2030 \u00ab\u00a0sera plus intelligente que toute l\u2019humanit\u00e9 r\u00e9unie\u00a0\u00bb<\/a>  <\/p>\n<p>\u00ab\u00a0D\u2019ici 5 ans, l\u2019IA sera plus intelligente que l\u2019ensemble de l\u2019humanit\u00e9 r\u00e9unie\u00a0\u00bb a d\u00e9clar\u00e9 Elon Musk.<\/p>\n<p>          22\/01<a href=\"#live-93623d7c2f70cfaa43e48a7a9d1bd089\">Optimus sera en vente pour le grand public fin 2027<\/a>  <\/p>\n<p>Elon Musk a annonc\u00e9 que son robot humano\u00efde Optimus permettra de r\u00e9aliser des t\u00e2ches plus complexes qu\u2019il ne le fait aujourd\u2019hui, dans le milieu industriel. Il annon\u00e7ait pour l\u2019occasion que le grand public pourra acheter le bip\u00e8de \u00e0 la fin de l\u2019ann\u00e9e prochaine.<\/p>\n<p>          22\/01<a href=\"#live-fae6480e77030acec51cb3ad8bd73c6f\">Elon Musk, sur la solution face au vieillissement<\/a>  <\/p>\n<p>\u00ab\u00a0Je pense que c\u2019est un probl\u00e8me tout \u00e0 fait soluble\u00a0\u00bb, dit-il. \u00ab\u00a0Quand on aura d\u00e9couvert les causes du vieillissement, je pense que ce sera d\u2019une \u00e9vidence incroyable.\u00a0\u00bb<\/p>\n<p>          22\/01<a href=\"#live-29fac54fe654957487bdd816e099b162\">La conversation entre Elon Musk et Larry Fink se poursuit et reste centr\u00e9e sur la tech et les limites critiques de production \u00e9nerg\u00e9tique<\/a>  <\/p>\n<p>Elon Musk a rappel\u00e9 la capacit\u00e9 de la Chine \u00e0 produire des panneaux solaires et l\u2019importance du Soleil dans la production \u00e9nerg\u00e9tique de demain. Il a \u00e9galement mentionn\u00e9 son projet avec SpaceX de lancer des panneaux solaires en orbite.<\/p>\n<p>          22\/01<a href=\"#live-d6de4c3498d36d3f4e4e7ad569ec5b65\">\u00ab\u00a0Nous allons produire plus de puces que nous pourrons en faire tourner\u00a0\u00bb<\/a>  <\/p>\n<p>Elon Musk a fait remarquer que la plus grosse limite de l\u2019IA sera de l\u2019ordre \u00e9nerg\u00e9tique. Face \u00e0 l\u2019explosion des capacit\u00e9s de calcul dans le monde chaque ann\u00e9e, l\u2019augmentation de la production \u00e9nerg\u00e9tique est bien plus limit\u00e9e, \u00e0 4\u00a0% par an. \u00ab\u00a0Bient\u00f4t nous produirons plus de puces que nous pourrons en faire tourner\u00a0\u00bb d\u00e9clarait Elon Musk.<\/p>\n<p>          22\/01<a href=\"#live-bf4377a767a2cccd96ca813515dfa120\">\u00ab\u00a0Il y aura une explosion de l\u2019\u00e9conomie mondiale sans pr\u00e9c\u00e9dent\u00a0\u00bb<\/a>  <\/p>\n<p>Apr\u00e8s avoir rapidement \u00e9voqu\u00e9 le besoin de v\u00e9rifier qu\u2019il n\u2019existe pas d\u2019autres formes de conscience ailleurs que sur Terre, Elon Musk a \u00e9t\u00e9 interrog\u00e9 par Larry Fink sur la robotique et l\u2019IA. Le milliardaire a d\u00e9clar\u00e9 qu\u2019il y aura \u00ab\u00a0une explosion de l\u2019\u00e9conomie mondiale sans pr\u00e9c\u00e9dent\u00a0\u00bb dans un monde o\u00f9 le nombre de robots d\u00e9passe celui d\u2019\u00eatres humains, et que l\u2019acc\u00e8s \u00e0 l\u2019IA reste gratuit ou presque.<\/p>\n<p>          22\/01<a href=\"#live-cbc564563ce3e2f1c2d7f5faf8cd5b6d\">Elon Musk mentionne le Groenland et le Conseil de la Paix de Donald Trump (avec une blague)<\/a>  <\/p>\n<p>En montant sur sc\u00e8ne, Elon Musk a cit\u00e9 le Groenland en \u00e9voquant qu\u2019aujourd\u2019hui \u00e0 Davos il n\u2019\u00e9tait que question de \u00ab\u00a0piece of land\u00a0\u00bb, que tout le monde cherchait juste une \u00ab\u00a0piece\u00a0\u00bb, en faisant un jeu de mots avec \u00ab\u00a0peace\u00a0\u00bb et le Conseil de la Paix cr\u00e9\u00e9 par Donald Trump.<\/p>\n<p>          22\/01<a href=\"#live-0313228c21ae749c6dd294a3bdf78870\">La conf\u00e9rence avec Elon Musk d\u00e9marre \u00e0 Davos<\/a><br \/>  <img loading=\"lazy\" decoding=\"async\" class=\"size-full wp-image-702752\" src=\"https:\/\/www.europesays.com\/fr\/wp-content\/uploads\/2026\/01\/elon-musk-davos-2026.jpg\" alt=\"Elon Musk Davos 2026\" width=\"1920\" height=\"1280\"  \/>\u00a9 WEF          22\/01<a href=\"#live-980edbab52250c18b8b7bd12886fe8e8\">Elon Musk il y a 3 ans \u00e0 Paris lors du salon VivaTech<\/a>  <\/p>\n<p>\u00c0 Paris il y a 3 ans, Elon Musk avait r\u00e9pondu favorable \u00e0 l\u2019invitation <a href=\"https:\/\/www.presse-citron.net\/vivatech-2023-direct-annonces\/\" target=\"_blank\" rel=\"noopener\">du salon VivaTech<\/a>, d\u00e9di\u00e9 \u00e0 l\u2019innovation. Sur sc\u00e8ne avec Maurice L\u00e9vy, le pr\u00e9sident du salon et ancien patron de Publicis, l\u2019entrepreneur am\u00e9ricain avait cherch\u00e9 \u00e0 gagner le c\u0153ur des Fran\u00e7ais. Il n\u2019avait pas fait d\u2019annonce pour le pays mais avait partag\u00e9 sa volont\u00e9 de voir la paix en Ukraine. Plus tard, il avait \u00e9t\u00e9 rejoint par la patronne d\u2019Orange, Christel Heydemann, ainsi que des responsables de L\u2019Or\u00e9al et de LVMH.<\/p>\n<p> <img loading=\"lazy\" decoding=\"async\" class=\"size-full wp-image-559121\" src=\"https:\/\/www.europesays.com\/fr\/wp-content\/uploads\/2026\/01\/elon-musk-vivatech-en-direct-paris.jpg\" alt=\"elon musk vivatech en direct paris\" width=\"1400\" height=\"932\"  \/>\u00a9 Presse-citron          22\/01<a href=\"#live-5bed3afad69fabf28c3b8aa075724514\">\u00ab\u00a0Si le pr\u00e9sident Trump revient \u00e0 Davos, Elon Musk sera lui aussi le bienvenu\u00a0\u00bb<\/a>  <\/p>\n<p>B\u00f8rge Brende, le nouveau pr\u00e9sident du WEF depuis 2025, d\u00e9clarait l\u2019ann\u00e9e derni\u00e8re dans une interview qu\u2019il esp\u00e9rait bien voir Elon Musk rejoindre Davos. Coup double pour l\u2019ancien ministre des Affaires \u00e9trang\u00e8res norv\u00e9gien et premier successeur de Klaus Schwab, fondateur du Forum \u00e9conomique mondial de Davos.<\/p>\n<p> <img loading=\"lazy\" decoding=\"async\" src=\"https:\/\/assets.weforum.org\/editor\/HB_wVtR3gly8OdpLhKRBMNBi9t34Qqns4p_kGb3mluY.jpg\" alt=\"B\u00f8rge Brende president World Economic Forum Davos\" width=\"5000\" height=\"5000\"\/>\u00a9 WEF          22\/01<a href=\"#live-67541a25573e4255fbcff10bb06284c9\">Elon Musk a longtemps critiqu\u00e9 Davos, il participera au Forum \u00e9conomique mondial pour la premi\u00e8re fois<\/a>  <\/p>\n<p>Pendant longtemps, le milliardaire mentionnait le Forum \u00e9conomique mondial d\u2019un \u00e9v\u00e9nement \u00ab\u00a0ennuyant\u00a0\u00bb et remettait en question son organisation chaque ann\u00e9e, pour les \u00e9lites fortun\u00e9es. Cette ann\u00e9e 2026, ce sera sa premi\u00e8re participation, alors que l\u2019\u00e9dition 2026 est particuli\u00e8rement politique et centrale dans la tech, avec l\u2019IA.<\/p>\n<p>          22\/01<a href=\"#live-e40d79cf100a0170d868b2f555010fbf\">Elon Musk attendu sur la sc\u00e8ne principale \u00e0 Davos, apr\u00e8s le PDG de Nvidia<\/a>  <\/p>\n<p>Hier, la m\u00eame sc\u00e8ne accueillait le PDG de Nvidia Jensen Huang, pour un discours sur l\u2019IA.<\/p>\n<p>          22\/01<a href=\"#live-6f8d2b075a47671facef7b990ad46fec\">Les mauvaises conditions m\u00e9t\u00e9o obligent Donald Trump \u00e0 retourner \u00e0 Zurich par la route<\/a>  <\/p>\n<p>Elon Musk pourrait lui aussi devoir emprunter la route pour rejoindre Davos \u00e0 150 kilom\u00e8tres de distance. Les mauvaises conditions m\u00e9t\u00e9orologiques ont rendu d\u00e9licat le transfert du pr\u00e9sident am\u00e9ricain avec Marine One, obligeant Donald Trump \u00e0 prendre part \u00e0 un convoi routier sur pr\u00e8s de 2 heures, d\u2019apr\u00e8s des informations de Bloomberg.<\/p>\n<p>          22\/01<a href=\"#live-efe18ffecf7584dd3cc0654fe6547f08\">Elon Musk et Donald Trump ne se croiseront pas \u00e0 Davos<\/a>  <\/p>\n<p>Au Forum \u00e9conomique mondial de Davos, Donald Trump a rencontr\u00e9 son homologue ukrainien, Volodymyr Zelensky. Le pr\u00e9sident am\u00e9ricain ne rencontrera pas Elon Musk cela dit, alors que les deux hommes devraient se croiser dans les airs \u00e0 bord de leur h\u00e9licopt\u00e8re respectif. Donald Trump retourne \u00e0 l\u2019a\u00e9roport de Zurich <a href=\"https:\/\/www.presse-citron.net\/voyage-davos-avion-de-donald-trump-demi-tour-urgence-que-se-passe-t-il\/\" target=\"_blank\" rel=\"noopener\">pour embarquer dans Air Force One.<\/a><\/p>\n<p>          22\/01<a href=\"#live-aeefb55fedf77c621dd676f7043bbd5c\">Le site du Forum \u00e9conomique mondial fixe la conf\u00e9rence d\u2019Elon Musk \u00e0 16 h 30<\/a><br \/>  <img loading=\"lazy\" decoding=\"async\" class=\"size-full wp-image-702696\" src=\"https:\/\/www.europesays.com\/fr\/wp-content\/uploads\/2026\/01\/elon-musk-davos-forum-economique-mondial-2026-conference.jpeg\" alt=\"Elon Musk Davos Forum Economique Mondial 2026 Conference\" width=\"2048\" height=\"2048\"  \/>\u00a9 WEF 2026          22\/01<a href=\"#live-4f650983c91d5e1591f4dc832f5f42eb\">Le jet d\u2019Elon Musk film\u00e9 en direct<\/a>  <\/p>\n<p>Sur une vid\u00e9o en direct propos\u00e9e <a href=\"https:\/\/www.youtube.com\/live\/gJGTsM7vyUg?si=VNUWdzK543fc0tDm\" target=\"_blank\" rel=\"noopener\">par ZurichAirportSpotter sur YouTube<\/a>, le jet priv\u00e9 d\u2019Elon Musk a \u00e9t\u00e9 film\u00e9 \u00e0 son atterrissage.<\/p>\n<p> <img loading=\"lazy\" decoding=\"async\" class=\"size-full wp-image-702693\" src=\"https:\/\/www.europesays.com\/fr\/wp-content\/uploads\/2026\/01\/elon-musk-jet-zurich-aeroport.jpg\" alt=\"Elon Musk jet zurich aeroport\" width=\"1920\" height=\"920\"  \/>\u00a9 ZurichAirportSpotter \/ YouTube           22\/01<a href=\"#live-b94b93c5d54675373a734a8e345032d3\">Le jet d\u2019Elon Musk atterrit \u00e0 l\u2019a\u00e9roport de Zurich<\/a>  <\/p>\n<p>Le jet priv\u00e9 Gulfstream G650ER d\u2019Elon Musk, qui d\u00e9collait hier soir de l\u2019a\u00e9roport de San Jos\u00e9 pr\u00e8s de San Francisco, a bien choisi l\u2019a\u00e9roport de Zurich pour atterrir. Le patron am\u00e9ricain prendra certainement un h\u00e9licopt\u00e8re pour rejoindre Davos, pour un trajet d\u2019une trentaine de minutes.<\/p>\n<p> <img loading=\"lazy\" decoding=\"async\" class=\"size-full wp-image-702689\" src=\"https:\/\/www.europesays.com\/fr\/wp-content\/uploads\/2026\/01\/Capture-decran-2026-01-22-a-14.16.12.jpg\" alt=\"Elon Musk jet Zurich Suisse\" width=\"1920\" height=\"1159\"  \/>\u00a9 FlightRadar24     <\/p>\n<p> \tSee More <\/p>\n<p> Elon Musk \u00e0 Davos, une annonce surprise <\/p>\n<p>L\u2019entrepreneur am\u00e9ricain, premi\u00e8re fortune mondiale, a embarqu\u00e9 dans un Gulfstream G650ER dans la nuit, et a atterri \u00e0 l\u2019a\u00e9roport de Zurich \u00e0 14 h 22. Sa pr\u00e9sence \u00e0 Davos n\u2019\u00e9tait pas annonc\u00e9e, ni peut-\u00eatre planifi\u00e9e. Elon Musk est arriv\u00e9 au moment o\u00f9 le pr\u00e9sident am\u00e9ricain Donald Trump quittait l\u2019\u00e9v\u00e9nement. Ce dernier signait ce matin le lancement de son \u00ab\u00a0Conseil de la Paix\u00a0\u00bb en compagnie d\u2019une vingtaine d\u2019autres dirigeants.<\/p>\n<p>Hier, Donald Trump a tenu un discours particuli\u00e8rement attendu, <a href=\"https:\/\/www.presse-citron.net\/groenland-fonctionnaires-danois-arreter-casques-ecouteurs-bluetooth\/\" target=\"_blank\" rel=\"noopener\">concernant le statut du Groenland.<\/a> Au m\u00eame moment, Elon Musk parlait lui aussi d\u2019Europe mais sur un sujet beaucoup plus anecdotique\u00a0: celui de la compagnie Ryanair et de son PDG bien d\u00e9cid\u00e9 <a href=\"https:\/\/www.presse-citron.net\/elon-musk-augmente-reservations-ryanair-investir\/\" target=\"_blank\" rel=\"noopener\">\u00e0 profiter des coups de projecteurs<\/a> de l\u2019entrepreneur am\u00e9ricain <a href=\"https:\/\/www.presse-citron.net\/elon-musk-naurait-jamais-du-chercher-ryanair-la-compagnie-aerienne-se-dechaine\/\" target=\"_blank\" rel=\"noopener\">en le clashant<\/a>. Elon Musk n\u2019a fait aucune intervention politique, se contentant d\u2019\u00e9voquer la dominance chinoise sur la production de panneaux solaires.<\/p>\n<p> <img loading=\"lazy\" decoding=\"async\" class=\"size-full wp-image-702682\" src=\"https:\/\/www.europesays.com\/fr\/wp-content\/uploads\/2026\/01\/Capture-decran-2026-01-22-a-13.41.01.jpg\" alt=\"Elon Musk jet davos vol 2026\" width=\"1920\" height=\"1536\"  \/>La trajectoire du vol d\u2019Elon Musk ce jeudi 22 janvier 2026, au d\u00e9part de San Francisco et \u00e0 destination de Davos. \u00a9 FlightRadar24  <\/p>\n<blockquote>\n<p class=\"text-base text-neutral-700 dark:text-neutral-300\">\ud83d\udccd Pour ne manquer aucune actualit\u00e9 de Presse-citron, suivez-nous sur <a href=\"https:\/\/news.google.com\/publications\/CAAqBggKMIPiNTC70wU?hl=fr&amp;gl=FR&amp;ceid=FR%3Afr\" target=\"_blank\" rel=\"noopener\">Google Actualit\u00e9s<\/a> et <a href=\"https:\/\/whatsapp.com\/channel\/0029VaCkGuz4NViitBXbEr0b\" target=\"_blank\" rel=\"noopener\">WhatsApp<\/a>.<\/p>\n<\/blockquote>\n","protected":false},"excerpt":{"rendered":"Ce jeudi 22 janvier 2026 \u00e0 Davos, lors du Forum \u00e9conomique mondial (WEF), Elon Musk a particip\u00e9 pour&hellip;\n","protected":false},"author":2,"featured_media":682568,"comment_status":"","ping_status":"","sticky":false,"template":"","format":"standard","meta":{"footnotes":""},"categories":[2],"tags":[328,11,37,32440,46,1011,27,12,25,3067],"class_list":{"0":"post-682567","1":"post","2":"type-post","3":"status-publish","4":"format-standard","5":"has-post-thumbnail","7":"category-actualites","8":"tag-a-la-une","9":"tag-actualites","10":"tag-avion","11":"tag-davos","12":"tag-elon-musk","13":"tag-fr","14":"tag-france","15":"tag-news","16":"tag-republique-francaise","17":"tag-suisse"},"share_on_mastodon":{"url":"https:\/\/pubeurope.com\/@fr\/115941609964393104","error":""},"_links":{"self":[{"href":"https:\/\/www.europesays.com\/fr\/wp-json\/wp\/v2\/posts\/682567","targetHints":{"allow":["GET"]}}],"collection":[{"href":"https:\/\/www.europesays.com\/fr\/wp-json\/wp\/v2\/posts"}],"about":[{"href":"https:\/\/www.europesays.com\/fr\/wp-json\/wp\/v2\/types\/post"}],"author":[{"embeddable":true,"href":"https:\/\/www.europesays.com\/fr\/wp-json\/wp\/v2\/users\/2"}],"replies":[{"embeddable":true,"href":"https:\/\/www.europesays.com\/fr\/wp-json\/wp\/v2\/comments?post=682567"}],"version-history":[{"count":0,"href":"https:\/\/www.europesays.com\/fr\/wp-json\/wp\/v2\/posts\/682567\/revisions"}],"wp:featuredmedia":[{"embeddable":true,"href":"https:\/\/www.europesays.com\/fr\/wp-json\/wp\/v2\/media\/682568"}],"wp:attachment":[{"href":"https:\/\/www.europesays.com\/fr\/wp-json\/wp\/v2\/media?parent=682567"}],"wp:term":[{"taxonomy":"category","embeddable":true,"href":"https:\/\/www.europesays.com\/fr\/wp-json\/wp\/v2\/categories?post=682567"},{"taxonomy":"post_tag","embeddable":true,"href":"https:\/\/www.europesays.com\/fr\/wp-json\/wp\/v2\/tags?post=682567"}],"curies":[{"name":"wp","href":"https:\/\/api.w.org\/{rel}","templated":true}]}}