{"id":68257,"date":"2025-05-02T02:09:15","date_gmt":"2025-05-02T02:09:15","guid":{"rendered":"https:\/\/www.europesays.com\/fr\/68257\/"},"modified":"2025-05-02T02:09:15","modified_gmt":"2025-05-02T02:09:15","slug":"des-elus-socialistes-violemment-agresses-par-des-black-blocs-dans-la-manif-2","status":"publish","type":"post","link":"https:\/\/www.europesays.com\/fr\/68257\/","title":{"rendered":"Des \u00e9lus socialistes violemment agress\u00e9s par des black blocs dans la manif"},"content":{"rendered":"<p><strong>LYNCHAGE &#8211; Lors du d\u00e9fil\u00e9 du 1er-Mai \u00e0 Paris, plusieurs \u00e9lus et militants socialistes ont \u00e9t\u00e9 pris \u00e0 partie et frapp\u00e9s. Le stand du parti a \u00e9t\u00e9 d\u00e9truit. Le PS a annonc\u00e9 des d\u00e9p\u00f4ts de plainte<\/strong><\/p>\n<p>Sc\u00e8nes de <a href=\"https:\/\/www.20minutes.fr\/monde\/violences\/?at_medium=RSS+feed&amp;at_campaign=ynews&amp;utm_source=yahoo&amp;utm_medium=rss&amp;utm_campaign=news_feed&amp;utm_content=in_article_link\" rel=\"nofollow noopener\" target=\"_blank\" data-ylk=\"slk:violences;elm:context_link;itc:0;sec:content-canvas\" class=\"link \">violences<\/a> dans le cort\u00e8ge parisien de la f\u00eate du Travail en ce <a href=\"https:\/\/www.20minutes.fr\/dossier\/1er_mai?at_medium=RSS+feed&amp;at_campaign=ynews&amp;utm_source=yahoo&amp;utm_medium=rss&amp;utm_campaign=news_feed&amp;utm_content=in_article_link\" rel=\"nofollow noopener\" target=\"_blank\" data-ylk=\"slk:1er\u00a0mai;elm:context_link;itc:0;sec:content-canvas\" class=\"link \">1er\u00a0mai<\/a>. Plusieurs militants et \u00e9lus <a href=\"https:\/\/www.20minutes.fr\/politique\/ps\/?at_medium=RSS+feed&amp;at_campaign=ynews&amp;utm_source=yahoo&amp;utm_medium=rss&amp;utm_campaign=news_feed&amp;utm_content=in_article_link\" rel=\"nofollow noopener\" target=\"_blank\" data-ylk=\"slk:socialistes;elm:context_link;itc:0;sec:content-canvas\" class=\"link \">socialistes<\/a> ont \u00e9t\u00e9 violemment pris \u00e0 partie par des groupes identifi\u00e9s comme des black blocs. Le Parti socialiste a d\u00e9nonc\u00e9 une agression cibl\u00e9e, qualifi\u00e9e de fanatique, et annonc\u00e9 des d\u00e9p\u00f4ts de plainte.<\/p>\n<p>L\u2019incident s\u2019est produit en milieu d\u2019apr\u00e8s-midi, sur le stand du PS install\u00e9 le long du parcours de la manifestation. \u00ab\u00a0Des socialistes ont \u00e9t\u00e9 physiquement agress\u00e9s par des <a href=\"https:\/\/www.20minutes.fr\/societe\/black-blocs\/?at_medium=RSS+feed&amp;at_campaign=ynews&amp;utm_source=yahoo&amp;utm_medium=rss&amp;utm_campaign=news_feed&amp;utm_content=in_article_link\" rel=\"nofollow noopener\" target=\"_blank\" data-ylk=\"slk:black blocs;elm:context_link;itc:0;sec:content-canvas\" class=\"link \">black blocs<\/a> ignorant toute conscience collective en ces temps de bascule historique\u00a0\u00bb, a d\u00e9nonc\u00e9 <a href=\"https:\/\/www.20minutes.fr\/politique\/olivier-faure\/?at_medium=RSS+feed&amp;at_campaign=ynews&amp;utm_source=yahoo&amp;utm_medium=rss&amp;utm_campaign=news_feed&amp;utm_content=in_article_link\" rel=\"nofollow noopener\" target=\"_blank\" data-ylk=\"slk:Olivier Faure;elm:context_link;itc:0;sec:content-canvas\" class=\"link \">Olivier Faure<\/a>, premier secr\u00e9taire du PS, sur X. \u00ab\u00a0Nous n\u2019accepterons jamais la violence de fanatiques qui ne servent aucune cause\u00a0\u00bb, a-t-il ajout\u00e9.<\/p>\n<p>\u00ab\u00a0Tout le monde d\u00e9teste le PS\u00a0\u00bb<\/p>\n<p>Des individus v\u00eatus de noir, arborant parfois des drapeaux antifascistes, ont bouscul\u00e9 violemment militants et \u00e9lus. Certains scandaient \u00ab\u00a0Tout le monde d\u00e9teste le PS\u00a0\u00bb, en arrachant drapeaux et banderoles socialistes. La d\u00e9put\u00e9e europ\u00e9enne Chlo\u00e9 Ridel \u00e9voque un stand \u00ab\u00a0d\u00e9truit\u00a0\u00bb, un camarade \u00ab\u00a0lynch\u00e9 au sol\u00a0\u00bb et \u00ab\u00a0un autre \u00e9lu bless\u00e9\u00a0\u00bb. Elle affirme que des \u00ab\u00a0coups de pied, coups de poing\u00a0\u00bb ont \u00e9t\u00e9 port\u00e9s \u00e0 plusieurs personnes.<\/p>\n<p>Le d\u00e9put\u00e9 socialiste J\u00e9r\u00f4me Guedj, d\u00e9j\u00e0 pris \u00e0 partie quelques jours plus t\u00f4t lors d\u2019un rassemblement contre l\u2019islamophobie, a une nouvelle fois \u00e9t\u00e9 vis\u00e9. \u00ab\u00a0Un premier groupe nous a insult\u00e9s de tra\u00eetres\u00a0\u00bb, relate-t-il, avant qu\u2019une trentaine d\u2019individus \u00ab\u00a0comme des black blocs\u00a0\u00bb ne lancent une char(&#8230;)<\/p>\n<p><a href=\"https:\/\/www.20minutes.fr\/societe\/4151362-20250501-1er-mai-paris-elus-socialistes-violemment-agresses-black-blocs-manif?at_medium=RSS+feed&amp;at_campaign=ynews&amp;utm_source=yahoo&amp;utm_medium=rss&amp;utm_campaign=news_feed&amp;utm_content=read_more_link&quot;\" rel=\"nofollow noopener\" target=\"_blank\" data-ylk=\"slk:Lire la suite sur 20minutes;elm:context_link;itc:0;sec:content-canvas\" class=\"link \">Lire la suite sur 20minutes<\/a><\/p>\n<p>\u00c0 lire aussi :<br \/><a href=\"https:\/\/www.20minutes.fr\/societe\/4150891-20250430-manifestation-1er-mai-paris-parcours-complet?at_medium=RSS+feed&amp;at_campaign=ynews&amp;utm_source=yahoo&amp;utm_medium=rss&amp;utm_campaign=news_feed&amp;utm_content=related_content_link\" rel=\"nofollow noopener\" target=\"_blank\" data-ylk=\"slk:Manifestation du 1er\u00a0mai \u00e0 Paris\u00a0: Le parcours complet;elm:context_link;itc:0;sec:content-canvas\" class=\"link \">Manifestation du 1er\u00a0mai \u00e0 Paris\u00a0: Le parcours complet<\/a><br \/><a href=\"https:\/\/www.20minutes.fr\/societe\/4151345-20250501-1er-mai-marseille-plaza-violeur-qi-mouche-bayrou-manif-arche-noe-revendications?at_medium=RSS+feed&amp;at_campaign=ynews&amp;utm_source=yahoo&amp;utm_medium=rss&amp;utm_campaign=news_feed&amp;utm_content=related_content_link\" rel=\"nofollow noopener\" target=\"_blank\" data-ylk=\"slk:1er-mai \u00e0 Marseille\u00a0: Plaza \u00ab\u00a0violeur\u00a0\u00bb, \u00ab\u00a0QI de mouche de Bayrou\u00a0\u00bb\u2026 La manif \u00e9tait une arche de No\u00e9 des revendications;elm:context_link;itc:0;sec:content-canvas\" class=\"link \">1er-mai \u00e0 Marseille\u00a0: Plaza \u00ab\u00a0violeur\u00a0\u00bb, \u00ab\u00a0QI de mouche de Bayrou\u00a0\u00bb\u2026 La manif \u00e9tait une arche de No\u00e9 des revendications<\/a><\/p>\n","protected":false},"excerpt":{"rendered":"LYNCHAGE &#8211; Lors du d\u00e9fil\u00e9 du 1er-Mai \u00e0 Paris, plusieurs \u00e9lus et militants socialistes ont \u00e9t\u00e9 pris \u00e0&hellip;\n","protected":false},"author":2,"featured_media":68258,"comment_status":"","ping_status":"","sticky":false,"template":"","format":"standard","meta":{"footnotes":""},"categories":[1888],"tags":[11,16995,1777,674,1011,27,12,4393,16994,626,429,25,1738],"class_list":{"0":"post-68257","1":"post","2":"type-post","3":"status-publish","4":"format-standard","5":"has-post-thumbnail","7":"category-paris","8":"tag-actualites","9":"tag-black-blocs","10":"tag-eu","11":"tag-europe","12":"tag-fr","13":"tag-france","14":"tag-news","15":"tag-olivier-faure","16":"tag-parcours-de-la-manifestation","17":"tag-paris","18":"tag-ps","19":"tag-republique-francaise","20":"tag-tout-le-monde"},"share_on_mastodon":{"url":"https:\/\/pubeurope.com\/@fr\/114435808520160559","error":""},"_links":{"self":[{"href":"https:\/\/www.europesays.com\/fr\/wp-json\/wp\/v2\/posts\/68257","targetHints":{"allow":["GET"]}}],"collection":[{"href":"https:\/\/www.europesays.com\/fr\/wp-json\/wp\/v2\/posts"}],"about":[{"href":"https:\/\/www.europesays.com\/fr\/wp-json\/wp\/v2\/types\/post"}],"author":[{"embeddable":true,"href":"https:\/\/www.europesays.com\/fr\/wp-json\/wp\/v2\/users\/2"}],"replies":[{"embeddable":true,"href":"https:\/\/www.europesays.com\/fr\/wp-json\/wp\/v2\/comments?post=68257"}],"version-history":[{"count":0,"href":"https:\/\/www.europesays.com\/fr\/wp-json\/wp\/v2\/posts\/68257\/revisions"}],"wp:featuredmedia":[{"embeddable":true,"href":"https:\/\/www.europesays.com\/fr\/wp-json\/wp\/v2\/media\/68258"}],"wp:attachment":[{"href":"https:\/\/www.europesays.com\/fr\/wp-json\/wp\/v2\/media?parent=68257"}],"wp:term":[{"taxonomy":"category","embeddable":true,"href":"https:\/\/www.europesays.com\/fr\/wp-json\/wp\/v2\/categories?post=68257"},{"taxonomy":"post_tag","embeddable":true,"href":"https:\/\/www.europesays.com\/fr\/wp-json\/wp\/v2\/tags?post=68257"}],"curies":[{"name":"wp","href":"https:\/\/api.w.org\/{rel}","templated":true}]}}