{"id":682665,"date":"2026-01-23T01:38:13","date_gmt":"2026-01-23T01:38:13","guid":{"rendered":"https:\/\/www.europesays.com\/fr\/682665\/"},"modified":"2026-01-23T01:38:13","modified_gmt":"2026-01-23T01:38:13","slug":"ukraine-lemissaire-americain-witkoff-sest-entretenu-avec-poutine-a-moscou-actualites","status":"publish","type":"post","link":"https:\/\/www.europesays.com\/fr\/682665\/","title":{"rendered":"Ukraine: l&rsquo;\u00e9missaire am\u00e9ricain Witkoff s&rsquo;est entretenu avec Poutine \u00e0 Moscou : Actualit\u00e9s"},"content":{"rendered":"<p class=\"lead \">L&rsquo;\u00e9missaire am\u00e9ricain Steve Witkoff s&rsquo;est entretenu dans la nuit de jeudi \u00e0 vendredi avec le pr\u00e9sident russe Vladimir Poutine \u00e0 Moscou dans le cadre des pourparlers sur la fin de la guerre en Ukraine, peu apr\u00e8s une courte entrevue entre Volodymyr Zelensky et Donald Trump en Suisse.<\/p>\n<p class=\"lead \">A l&rsquo;issue de cet entretien en marge du Forum \u00e9conomique de Davos, le dirigeant ukrainien a affirm\u00e9 avoir obtenu de son homologue am\u00e9ricain un accord sur les garanties de s\u00e9curit\u00e9 promises par Washington \u00e0 l&rsquo;Ukraine.<\/p>\n<p class=\"lead \">Il a \u00e9galement annonc\u00e9 des discussions \u00ab\u00a0trilat\u00e9rales\u00a0\u00bb entre l&rsquo;Ukraine, les Etats-Unis et la Russie cette semaine aux Emirats arabes unis, sans toutefois en pr\u00e9ciser les modalit\u00e9s ni le format exact.<\/p>\n<p class=\"lead \"> Dans ce contexte d&rsquo;agitation diplomatique, Steve Witkoff, accompagn\u00e9 par le gendre du pr\u00e9sident am\u00e9ricain, Jared Kushner, s&rsquo;est rendu \u00e0 Moscou pour des discussions avec Vladimir Poutine qui ont dur\u00e9 plus de trois heures et demie.<\/p>\n<p class=\"lead \">M. Witkoff s&rsquo;est d\u00e9j\u00e0 entretenu \u00e0 plusieurs reprises avec le pr\u00e9sident russe depuis un an, dans le cadre des efforts am\u00e9ricains pour mettre fin \u00e0 quatre ans de combats en Ukraine. Il doit aller ensuite aux Emirats arabes unis.<\/p>\n<p class=\"lead \">Depuis Davos, M. Witkoff avait vant\u00e9 les progr\u00e8s \u00ab\u00a0significatifs\u00a0\u00bb accomplis lors de sa rencontre, le week-end dernier \u00e0 Miami, avec les n\u00e9gociateurs ukrainiens.<\/p>\n<p class=\"lead \">\u00ab\u00a0Je pense que nous avons r\u00e9duit le probl\u00e8me \u00e0 un seul point\u00a0\u00bb, a-t-il d\u00e9clar\u00e9.<\/p>\n<p class=\"lead \">&#8211; \u00ab\u00a0Pas simple\u00a0\u00bb &#8211;<\/p>\n<p class=\"lead \">A Davos, M. Zelensky a \u00e9voqu\u00e9 devant la presse une rencontre \u00ab\u00a0positive\u00a0\u00bb mais un dialogue \u00ab\u00a0pas simple\u00a0\u00bb avec M. Trump, \u00e0 l&rsquo;issue de leur br\u00e8ve rencontre.<\/p>\n<p class=\"lead \">Il a toutefois assur\u00e9 plus tard \u00eatre parvenu \u00e0 un accord sur les garanties de s\u00e9curit\u00e9 qui doivent \u00eatre offertes par les Etats-Unis \u00e0 l&rsquo;Ukraine pour dissuader la Russie d&rsquo;attaquer \u00e0 nouveau apr\u00e8s une \u00e9ventuelle fin du conflit.<\/p>\n<p class=\"lead \">\u00ab\u00a0Les garanties de s\u00e9curit\u00e9, c&rsquo;est pr\u00eat\u00a0\u00bb, a-t-il d\u00e9clar\u00e9, indiquant que \u00ab\u00a0le document doit \u00eatre sign\u00e9 par les parties, par les pr\u00e9sidents, et ensuite il ira aux parlements nationaux\u00a0\u00bb.<\/p>\n<p class=\"lead \">M. Zelensky a en revanche indiqu\u00e9 que l&rsquo;\u00e9pineuse question des territoires de l&rsquo;est de l&rsquo;Ukraine revendiqu\u00e9s par Moscou n&rsquo;est \u00ab\u00a0pas encore r\u00e9solue\u00a0\u00bb.<\/p>\n<p class=\"lead \"> \u00ab\u00a0La guerre doit prendre fin\u00a0\u00bb, a de son c\u00f4t\u00e9 martel\u00e9 Donald Trump apr\u00e8s leur rencontre, interrog\u00e9 sur le message qu&rsquo;il voulait faire passer \u00e0 M. Poutine.<\/p>\n<p class=\"lead \">M. Trump avait pr\u00e9c\u00e9demment imput\u00e9 le blocage dans les n\u00e9gociations \u00e0 M. Zelensky, alors que les alli\u00e9s europ\u00e9ens de Kiev craignent que Washington ne fasse pression pour un accord jug\u00e9 trop favorable \u00e0 Moscou.<\/p>\n<p class=\"lead \">&#8211; Zelensky tance les Europ\u00e9ens &#8211;<\/p>\n<p class=\"lead \">Volodymyr Zelensky a par ailleurs \u00e9voqu\u00e9 de prochaines discussions \u00ab\u00a0trilat\u00e9rales\u00a0\u00bb entre l&rsquo;Ukraine, les Etats-Unis et la Russie, qui doivent se tenir cette semaine aux Emirats arabes unis.<\/p>\n<p class=\"lead \">Des n\u00e9gociations directes entre la Russie et l&rsquo;Ukraine avaient d\u00e9j\u00e0 eu lieu lors de la premi\u00e8re ann\u00e9e de la guerre, en 2022, et \u00e0 plusieurs reprises en 2025, \u00e0 Istanbul. Ces pourparlers n&rsquo;avaient abouti qu&rsquo;\u00e0 des \u00e9changes de prisonniers et de d\u00e9pouilles de soldats sans r\u00e9gler le conflit.<\/p>\n<p class=\"lead \">Vladimir Poutine, dont les principales demandes sont un retrait des troupes ukrainiennes du Donbass, dans l&rsquo;est industriel de l&rsquo;Ukraine, et un engagement de Kiev \u00e0 ne pas adh\u00e9rer \u00e0 l&rsquo;Otan, a affirm\u00e9 que Moscou atteindrait ses objectifs par la voie militaire si la diplomatie \u00e9chouait.<\/p>\n<p class=\"lead \">L&rsquo;arm\u00e9e russe a multipli\u00e9 ces derniers mois les frappes sur le r\u00e9seau \u00e9nerg\u00e9tique ukrainien, provoquant des coupures d&rsquo;\u00e9lectricit\u00e9 et de chauffage massives notamment dans la capitale, par des temp\u00e9ratures glaciales.<\/p>\n<p class=\"lead \">De plus en plus critique envers les Europ\u00e9ens ces derni\u00e8res semaines, M. Zelensky a prononc\u00e9 un discours particuli\u00e8rement dur \u00e0 Davos jeudi envers ses principaux soutiens, disant voir une Europe \u00ab\u00a0fragment\u00e9e\u00a0\u00bb et \u00ab\u00a0perdue\u00a0\u00bb lorsqu&rsquo;il s&rsquo;agit d&rsquo;influer sur les positions de Donald Trump, et manquant de \u00ab\u00a0volont\u00e9 politique\u00a0\u00bb face \u00e0 Vladimir Poutine.<\/p>\n<p class=\"lead \">\u00ab\u00a0Au lieu de devenir une vraie puissance mondiale, l&rsquo;Europe reste un kal\u00e9idoscope beau mais fragment\u00e9 de petites et moyennes puissances\u00a0\u00bb, a-t-il d\u00e9plor\u00e9, \u00e9voquant des \u00ab\u00a0querelles internes incessantes et des non-dits\u00a0\u00bb qui \u00ab\u00a0emp\u00eachent l&rsquo;Europe de s&rsquo;unir\u00a0\u00bb.<\/p>\n<p class=\"lead \">Il a \u00e9galement jug\u00e9, malgr\u00e9 les promesses europ\u00e9ennes de d\u00e9ploiement de troupes en Ukraine apr\u00e8s la guerre, \u00ab\u00a0qu&rsquo;aucune garantie de s\u00e9curit\u00e9 ne peut fonctionner sans les Etats-Unis\u00a0\u00bb et que le soutien de son homologue am\u00e9ricain \u00e9tait \u00ab\u00a0indispensable\u00a0\u00bb.<\/p>\n<p class=\"small font-weight-bold text-gray3 \"> publi\u00e9 le 23 janvier \u00e0 01h44, AFP<\/p>\n<p>                             Partager<\/p>\n","protected":false},"excerpt":{"rendered":"L&rsquo;\u00e9missaire am\u00e9ricain Steve Witkoff s&rsquo;est entretenu dans la nuit de jeudi \u00e0 vendredi avec le pr\u00e9sident russe Vladimir&hellip;\n","protected":false},"author":2,"featured_media":682666,"comment_status":"","ping_status":"","sticky":false,"template":"","format":"standard","meta":{"footnotes":""},"categories":[1590],"tags":[11,2120,312,1777,674,12,132,1778,220,308],"class_list":{"0":"post-682665","1":"post","2":"type-post","3":"status-publish","4":"format-standard","5":"has-post-thumbnail","7":"category-ukraine","8":"tag-actualites","9":"tag-conflit","10":"tag-diplomatie","11":"tag-eu","12":"tag-europe","13":"tag-news","14":"tag-russie","15":"tag-ue","16":"tag-ukraine","17":"tag-usa"},"share_on_mastodon":{"url":"https:\/\/pubeurope.com\/@fr\/115941861134862667","error":""},"_links":{"self":[{"href":"https:\/\/www.europesays.com\/fr\/wp-json\/wp\/v2\/posts\/682665","targetHints":{"allow":["GET"]}}],"collection":[{"href":"https:\/\/www.europesays.com\/fr\/wp-json\/wp\/v2\/posts"}],"about":[{"href":"https:\/\/www.europesays.com\/fr\/wp-json\/wp\/v2\/types\/post"}],"author":[{"embeddable":true,"href":"https:\/\/www.europesays.com\/fr\/wp-json\/wp\/v2\/users\/2"}],"replies":[{"embeddable":true,"href":"https:\/\/www.europesays.com\/fr\/wp-json\/wp\/v2\/comments?post=682665"}],"version-history":[{"count":0,"href":"https:\/\/www.europesays.com\/fr\/wp-json\/wp\/v2\/posts\/682665\/revisions"}],"wp:featuredmedia":[{"embeddable":true,"href":"https:\/\/www.europesays.com\/fr\/wp-json\/wp\/v2\/media\/682666"}],"wp:attachment":[{"href":"https:\/\/www.europesays.com\/fr\/wp-json\/wp\/v2\/media?parent=682665"}],"wp:term":[{"taxonomy":"category","embeddable":true,"href":"https:\/\/www.europesays.com\/fr\/wp-json\/wp\/v2\/categories?post=682665"},{"taxonomy":"post_tag","embeddable":true,"href":"https:\/\/www.europesays.com\/fr\/wp-json\/wp\/v2\/tags?post=682665"}],"curies":[{"name":"wp","href":"https:\/\/api.w.org\/{rel}","templated":true}]}}