{"id":682680,"date":"2026-01-23T01:46:11","date_gmt":"2026-01-23T01:46:11","guid":{"rendered":"https:\/\/www.europesays.com\/fr\/682680\/"},"modified":"2026-01-23T01:46:11","modified_gmt":"2026-01-23T01:46:11","slug":"lait-infantile-une-deuxieme-enquete-ouverte-en-france-apres-la-mort-suspecte-dun-bebe","status":"publish","type":"post","link":"https:\/\/www.europesays.com\/fr\/682680\/","title":{"rendered":"Lait infantile: une deuxi\u00e8me enqu\u00eate ouverte en France apr\u00e8s la mort suspecte d\u2019un b\u00e9b\u00e9"},"content":{"rendered":"<p>La piste d\u2019un lait infantile, d\u2019un lot concern\u00e9 par un rappel pour une possible contamination \u00e0 une bact\u00e9rie, est \u00e9tudi\u00e9e apr\u00e8s la mort en d\u00e9cembre pr\u00e8s d\u2019Angers d\u2019un nourrisson, a-t-on appris jeudi aupr\u00e8s du procureur de la ville, Eric Bouillard.<\/p>\n<p>Une enqu\u00eate a \u00e9t\u00e9 ouverte en d\u00e9cembre par le parquet d\u2019Angers pour rechercher les causes du d\u00e9c\u00e8s d\u2019une petite fille de 27 jours, morte le 23\u00a0d\u00e9cembre au domicile de sa maman, a pr\u00e9cis\u00e9 \u00e0 l\u2019AFP Eric Bouillard, confirmant partiellement une information de la cellule investigation de Radio France. Les premi\u00e8res investigations n\u2019avaient pas permis de conna\u00eetre l\u2019origine du d\u00e9c\u00e8s de l\u2019enfant et des examens compl\u00e9mentaires sont en cours.<\/p>\n<p>Lire aussi: <a href=\"https:\/\/www.letemps.ch\/articles\/un-cauchemar-pour-la-nouvelle-equipe-dirigeante-le-scandale-du-lait-infantile-met-nestle-dans-une-situation-critique\" target=\"_blank\" rel=\"noopener\">\u00abUn cauchemar pour la nouvelle \u00e9quipe dirigeante\u00bb: le scandale du lait infantile met Nestl\u00e9 dans une situation critique<\/a>  <\/p>\n<p>La maman a contact\u00e9 les enqu\u00eateurs \u00abil y a deux jours\u00bb en \u00e9voquant une bo\u00eete de lait Guigoz qu\u2019elle a donn\u00e9e \u00e0 son b\u00e9b\u00e9, selon le procureur, qui a indiqu\u00e9 \u00absaisir en urgence\u00bb un laboratoire. La poudre de lait qu\u2019elle avait utilis\u00e9e pour nourrir son nourrisson \u00abappartenait aux lots rappel\u00e9s de la marque Guigoz\u00bb et a \u00e9t\u00e9 saisie dans le cadre de l\u2019enqu\u00eate.<\/p>\n<p>Eric Bouillard a assur\u00e9 qu\u2019il \u00e9tait toutefois \u00abtrop t\u00f4t pour conclure\u00bb \u00e0 un lien entre ce lait et le d\u00e9c\u00e8s de la fillette. \u00abC\u2019est une piste s\u00e9rieuse\u00bb mais il est \u00abbeaucoup trop t\u00f4t pour dire que c\u2019est la piste principale\u00bb, a-t-il soulign\u00e9.<\/p>\n<p>Rappel dans une soixantaine de pays<\/p>\n<p>Nestl\u00e9 a engag\u00e9 depuis plusieurs semaines un vaste rappel de laits infantiles des marques Guigoz et Nidal \u00e0 cause de la pr\u00e9sence potentielle d\u2019une bact\u00e9rie, susceptible de provoquer des troubles digestifs, comme des diarrh\u00e9es et vomissements, avec des complications parfois graves.<\/p>\n<p>Le rappel concerne d\u00e9sormais une soixantaine de pays parmi lesquels la France, et le patron de Nestl\u00e9, Philipp Navratil, a pr\u00e9sent\u00e9 des excuses \u00e0 la mi-janvier alors que le groupe est accus\u00e9 par certaines ONG d\u2019avoir tard\u00e9 \u00e0 prendre des mesures.<\/p>\n<p>Mercredi, le groupe fran\u00e7ais Lactalis a \u00e9galement annonc\u00e9 le lancement d\u2019un vaste rappel de lait infantile dans plusieurs pays, notamment la France, la Chine, l\u2019Australie et le Mexique. Selon le minist\u00e8re de l\u2019Agriculture, ce retrait est, comme pour celui de Nestl\u00e9, li\u00e9 \u00ab\u00e0 une mati\u00e8re premi\u00e8re fournie par un m\u00eame producteur en Chine\u00bb.<\/p>\n<p>Une enqu\u00eate p\u00e9nale a \u00e9t\u00e9 ouverte \u00e0 Bordeaux sur la mort d\u00e9but janvier d\u2019un nourrisson ayant consomm\u00e9 un lait infantile rappel\u00e9 par Nestl\u00e9 pour cause de \u00abpossible contamination\u00bb par une bact\u00e9rie, selon le parquet, sans \u00ablien de causalit\u00e9\u00bb \u00e9tabli pour l\u2019heure, selon les autorit\u00e9s.<\/p>\n<p>Lire aussi: <a href=\"https:\/\/www.letemps.ch\/articles\/les-rappels-de-lait-infantile-plongent-nestle-dans-une-nouvelle-crise-majeure\" target=\"_blank\" rel=\"noopener\">Les rappels de lait infantile plongent Nestl\u00e9 dans une nouvelle crise majeure<\/a>  <\/p>\n","protected":false},"excerpt":{"rendered":"La piste d\u2019un lait infantile, d\u2019un lot concern\u00e9 par un rappel pour une possible contamination \u00e0 une bact\u00e9rie,&hellip;\n","protected":false},"author":2,"featured_media":682681,"comment_status":"","ping_status":"","sticky":false,"template":"","format":"standard","meta":{"footnotes":""},"categories":[4],"tags":[11,258,1011,27,4438,303,5824,12,25],"class_list":{"0":"post-682680","1":"post","2":"type-post","3":"status-publish","4":"format-standard","5":"has-post-thumbnail","7":"category-france","8":"tag-actualites","9":"tag-alimentation","10":"tag-fr","11":"tag-france","12":"tag-free","13":"tag-justice","14":"tag-nestle","15":"tag-news","16":"tag-republique-francaise"},"share_on_mastodon":{"url":"https:\/\/pubeurope.com\/@fr\/115941892636186398","error":""},"_links":{"self":[{"href":"https:\/\/www.europesays.com\/fr\/wp-json\/wp\/v2\/posts\/682680","targetHints":{"allow":["GET"]}}],"collection":[{"href":"https:\/\/www.europesays.com\/fr\/wp-json\/wp\/v2\/posts"}],"about":[{"href":"https:\/\/www.europesays.com\/fr\/wp-json\/wp\/v2\/types\/post"}],"author":[{"embeddable":true,"href":"https:\/\/www.europesays.com\/fr\/wp-json\/wp\/v2\/users\/2"}],"replies":[{"embeddable":true,"href":"https:\/\/www.europesays.com\/fr\/wp-json\/wp\/v2\/comments?post=682680"}],"version-history":[{"count":0,"href":"https:\/\/www.europesays.com\/fr\/wp-json\/wp\/v2\/posts\/682680\/revisions"}],"wp:featuredmedia":[{"embeddable":true,"href":"https:\/\/www.europesays.com\/fr\/wp-json\/wp\/v2\/media\/682681"}],"wp:attachment":[{"href":"https:\/\/www.europesays.com\/fr\/wp-json\/wp\/v2\/media?parent=682680"}],"wp:term":[{"taxonomy":"category","embeddable":true,"href":"https:\/\/www.europesays.com\/fr\/wp-json\/wp\/v2\/categories?post=682680"},{"taxonomy":"post_tag","embeddable":true,"href":"https:\/\/www.europesays.com\/fr\/wp-json\/wp\/v2\/tags?post=682680"}],"curies":[{"name":"wp","href":"https:\/\/api.w.org\/{rel}","templated":true}]}}