{"id":68269,"date":"2025-05-02T02:15:12","date_gmt":"2025-05-02T02:15:12","guid":{"rendered":"https:\/\/www.europesays.com\/fr\/68269\/"},"modified":"2025-05-02T02:15:12","modified_gmt":"2025-05-02T02:15:12","slug":"urgence-defense-contre-urgence-climatique-les-arbitrages-budgetaires","status":"publish","type":"post","link":"https:\/\/www.europesays.com\/fr\/68269\/","title":{"rendered":"Urgence d\u00e9fense contre urgence climatique: les arbitrages budg\u00e9taires"},"content":{"rendered":"<p>\n                                                R\u00e9duire le budget d\u00e9di\u00e9 \u00e0 l\u2019environnement pour accroitre celui de la d\u00e9fense, dans de nombreux pays europ\u00e9ens, c&rsquo;est l\u2019arbitrage qui s\u2019est impos\u00e9. Au Royaume-Uni, l\u2019aide internationale s\u2019est vue amput\u00e9e d\u2019une bonne part des financements pour lutter contre les d\u00e9r\u00e8glements climatiques. Les priorit\u00e9s ne sont plus les m\u00eames au grand dam des scientifiques et des activistes pour le climat. Reportage \u00e0 Londres de Marie Billon.                    <\/p>\n<p>                                                                <strong>En zone occup\u00e9e en Ukraine, l&rsquo;encadrement patriotique<\/strong><\/p>\n<p>Signe de l\u2019approche am\u00e9ricaine toujours transactionnelle\u00a0: entre Kiev et Washington, <a href=\"https:\/\/www.rfi.fr\/fr\/am\u00e9riques\/20250430-les-\u00e9tats-unis-annoncent-un-accord-avec-l-ukraine-sur-un-fonds-d-investissement-dans-la-reconstruction\" target=\"_self\" rel=\"noopener\"><strong>le fameux accord sur l\u2019exploitation des minerais du p\u00e9trole et du gaz est enfin scell\u00e9<\/strong><\/a>. Pour le pr\u00e9sident am\u00e9ricain, il s\u2019agit d\u2019une compensation \u00e0 l\u2019aide militaire fournie. Pendant ce temps, les combats continuent et Moscou poursuit sa campagne de russification et d\u2019encadrement patriotique \u00e0 destination de la jeunesse. Notre correspondante <a href=\"https:\/\/www.rfi.fr\/fr\/auteur\/anissa-el-jabri\/\" target=\"_self\" rel=\"noopener\"><strong>Anissa El Jabri<\/strong><\/a> a pu se rendre dans le sud du pays, dans la partie de la r\u00e9gion de Kherson sous administration russe, \u00e0 Genishenk. Reportage soumis \u00e0 l\u2019obtention d\u2019une accr\u00e9ditation sp\u00e9ciale et r\u00e9alis\u00e9 en pr\u00e9sence d\u2019un membre de l\u2019administration.<\/p>\n<p><strong>La revue de presse sonore de Franceline Beretti<\/strong><\/p>\n<p>Et pour notre revue de presse sonore de la semaine, on revient avec vous Franceline Beretti sur les images du black out en Espagne et au Portugal. Pas d\u2019\u00e9lectricit\u00e9, pas de transport ou de portable&#8230; et l\u2019angoisse des habitants. L\u2019heure est d\u00e9sormais aux explications.<\/p>\n<p class=\"a-read-more\">\u00c0 lire aussi<a href=\"https:\/\/www.rfi.fr\/fr\/europe\/20250428-l-espagne-et-le-portugal-touch\u00e9s-par-une-vaste-panne-d-\u00e9lectricit\u00e9\" target=\"_self\" class=\"a-read-more__link\" rel=\"noopener\">L&rsquo;Espagne et le Portugal frapp\u00e9s par une panne d&rsquo;\u00e9lectricit\u00e9 massive<\/a><\/p>\n<p><strong>La chronique musique de Vincent Th\u00e9val<\/strong><\/p>\n<p><strong>M\u00e0iri Morrison &amp; Alasdair Roberts<\/strong> \u2013 \u00ab M\u00e0iri nighean D\u00f2mhnaill\u00a0\u00bb (\u00c9cosse)\u00a0<\/p>\n","protected":false},"excerpt":{"rendered":"R\u00e9duire le budget d\u00e9di\u00e9 \u00e0 l\u2019environnement pour accroitre celui de la d\u00e9fense, dans de nombreux pays europ\u00e9ens, c&rsquo;est&hellip;\n","protected":false},"author":2,"featured_media":68270,"comment_status":"","ping_status":"","sticky":false,"template":"","format":"standard","meta":{"footnotes":""},"categories":[1586],"tags":[2361,11,554,33,1777,674,1011,27,12,25,473,132,220],"class_list":{"0":"post-68269","1":"post","2":"type-post","3":"status-publish","4":"format-standard","5":"has-post-thumbnail","7":"category-europe","8":"tag-accents-deurope","9":"tag-actualites","10":"tag-defense","11":"tag-economie","12":"tag-eu","13":"tag-europe","14":"tag-fr","15":"tag-france","16":"tag-news","17":"tag-republique-francaise","18":"tag-royaume-uni","19":"tag-russie","20":"tag-ukraine"},"share_on_mastodon":{"url":"https:\/\/pubeurope.com\/@fr\/114435832105025978","error":""},"_links":{"self":[{"href":"https:\/\/www.europesays.com\/fr\/wp-json\/wp\/v2\/posts\/68269","targetHints":{"allow":["GET"]}}],"collection":[{"href":"https:\/\/www.europesays.com\/fr\/wp-json\/wp\/v2\/posts"}],"about":[{"href":"https:\/\/www.europesays.com\/fr\/wp-json\/wp\/v2\/types\/post"}],"author":[{"embeddable":true,"href":"https:\/\/www.europesays.com\/fr\/wp-json\/wp\/v2\/users\/2"}],"replies":[{"embeddable":true,"href":"https:\/\/www.europesays.com\/fr\/wp-json\/wp\/v2\/comments?post=68269"}],"version-history":[{"count":0,"href":"https:\/\/www.europesays.com\/fr\/wp-json\/wp\/v2\/posts\/68269\/revisions"}],"wp:featuredmedia":[{"embeddable":true,"href":"https:\/\/www.europesays.com\/fr\/wp-json\/wp\/v2\/media\/68270"}],"wp:attachment":[{"href":"https:\/\/www.europesays.com\/fr\/wp-json\/wp\/v2\/media?parent=68269"}],"wp:term":[{"taxonomy":"category","embeddable":true,"href":"https:\/\/www.europesays.com\/fr\/wp-json\/wp\/v2\/categories?post=68269"},{"taxonomy":"post_tag","embeddable":true,"href":"https:\/\/www.europesays.com\/fr\/wp-json\/wp\/v2\/tags?post=68269"}],"curies":[{"name":"wp","href":"https:\/\/api.w.org\/{rel}","templated":true}]}}