{"id":682728,"date":"2026-01-23T02:23:41","date_gmt":"2026-01-23T02:23:41","guid":{"rendered":"https:\/\/www.europesays.com\/fr\/682728\/"},"modified":"2026-01-23T02:23:41","modified_gmt":"2026-01-23T02:23:41","slug":"grenoble-rc-vannes-blanc-mappaz-capitaine-premiere-pour-ayarza-les-compositions-des-deux-equipes","status":"publish","type":"post","link":"https:\/\/www.europesays.com\/fr\/682728\/","title":{"rendered":"Grenoble &#8211; RC Vannes\u00a0: Blanc-Mappaz capitaine, premi\u00e8re pour Ayarza, les compositions des deux \u00e9quipes"},"content":{"rendered":"<p>Pro D2 (18e journ\u00e9e). FC Grenoble &#8211; RC Vannes, ce vendredi (21 h)<\/p>\n<p>Apr\u00e8s leurs deux succ\u00e8s bonifi\u00e9s \u00e0 domicile face \u00e0 Mont-de-Marsan et Brive, les Vannetais se d\u00e9placent dans l\u2019Is\u00e8re pour y affronter le FC Grenoble. Jean-No\u00ebl Spitzer a d\u00e9cid\u00e9 d\u2019aligner sa premi\u00e8re ligne d\u2019exp\u00e9rience avec Mako Vunipola et Santiago Medrano en piliers et Dave Cherry au talon. Timoth\u00e9 M\u00e9zou et Eric Marks figureront en deuxi\u00e8me ligne.<\/p>\n<p>Une charni\u00e8re Judd-Lafage<\/p>\n<p>L\u00e9on Boulier d\u00e9butera en troisi\u00e8me ligne centre au c\u00f4t\u00e9 de Juan Bautista Pedemonte et de Steeve Blanc-Mappaz. L\u2019ancien capitaine de Grenoble assumera \u00e9galement ce r\u00f4le avec le RCV pour la premi\u00e8re fois.<\/p>\n<p>Richard Judd formera la charni\u00e8re avec Maxime Lafage. Ils seront suppl\u00e9\u00e9s par Michael Ruru et Thibault Deba\u00ebs.<\/p>\n<p>I\u00f1aki Ayarza va conna\u00eetre sa premi\u00e8re titularisation cette saison, et sera align\u00e9 \u00e0 l\u2019aile aux c\u00f4t\u00e9s d\u2019Eliott Roudil \u00e9paul\u00e9s par Boudehent et Taccola au centre, tandis que Paul Surano sera align\u00e9 en 15.<\/p>\n<p>Costa Storti apte<\/p>\n<p>Le FC Grenoble doit s\u2019adapter \u00e0 une infirmerie d\u00e9j\u00e0 bien pleine avec notamment les absences de Josh Thompson (2e ligne), Sam Davies (ouvreur) ou encore de Louis Mary (pilier gauche), selon le <a href=\"https:\/\/www.ledauphine.com\/sport\/2026\/01\/21\/encore-trop-de-monde-a-l-infirmerie-affiches-de-gala-les-dernieres-infos-du-fcg\" target=\"_blank\" rel=\"noopener\">Dauphin\u00e9 Lib\u00e9r\u00e9<\/a>. Mathis Baret (3e ligne) et <a href=\"https:\/\/www.letelegramme.fr\/sports\/rugby\/rc-vannes\/grenoble-rc-vannes-costa-storti-en-forme-ou-en-est-le-futur-adversaire-du-rcv-6966596.php\" target=\"_blank\" rel=\"noopener\">Raffaele Costa Storti<\/a>, touch\u00e9s contre Agen, sont aptes. Le troisi\u00e8me ligne d\u00e9butera sur le banc tandis que l\u2019ailier portugais sera titulaire. Il est particuli\u00e8rement en forme, il reste sur un tripl\u00e9 la semaine derni\u00e8re et est all\u00e9 \u00e0 dame lors des trois derniers matchs.<\/p>\n<p>Les compositions<\/p>\n<p><strong class=\"tech\">Arbitre :<\/strong> T. Trainini.<\/p>\n<p><strong class=\"tech\">RC VANNES.<\/strong> 15. Surano &#8211; 14. Ayarza\ufeff, 13. Taccola, 12. Boudehent, 11. Roudil \ufeff- 10. Lafage, 9. Judd &#8211; 7. Blanc-Mappaz (cap.), 8. \ufeffL. Boulier\ufeff, 6. Pedemonte &#8211; 5. M\u00e9zou, 4. Marks &#8211; 3. Medrano, 2. Cherry, 1. Vunipola..<\/p>\n<p>Rempla\u00e7ants : B\u00e9ziat, Djehi, Metz, Geffr\u00e9, Kalamafoni, Ruru, Deba\u00ebs, Tafili.<\/p>\n<p>Entra\u00eeneur principal : Jean-No\u00ebl Spitzer.<\/p>\n<p><strong class=\"tech\">FC GRENOBLE.<\/strong> 15. H. Trouilloud &#8211; 14. Costa-Storti, 13. H\u00e9riteau, 12. R. Trouilloud , 11. Kveseladze &#8211; 10. Cl\u00e9ment, 9. Couilloud &#8211; 7. Martel , 8. Hardwick, 6. Berruyer (cap.) &#8211; 5. Holt, 4. Madeira &#8211; 3. Jonker, 2. Soury, 1. Mistrulli.<\/p>\n<p>Rempla\u00e7ants : Ruffenach, Mamaiashvili, Nansen, Baret, Escande, Fusier, Rasaku, Pertaia.\ufeff<\/p>\n<p>Entra\u00eeneur principal : Jeff Dubois<\/p>\n","protected":false},"excerpt":{"rendered":"Pro D2 (18e journ\u00e9e). FC Grenoble &#8211; RC Vannes, ce vendredi (21 h) Apr\u00e8s leurs deux succ\u00e8s bonifi\u00e9s&hellip;\n","protected":false},"author":2,"featured_media":682729,"comment_status":"","ping_status":"","sticky":false,"template":"","format":"standard","meta":{"footnotes":""},"categories":[9566],"tags":[1111,11,2430,765,3166,1777,674,1011,27,2731,12,2308,3164,3167,25,479,60,3165],"class_list":{"0":"post-682728","1":"post","2":"type-post","3":"status-publish","4":"format-standard","5":"has-post-thumbnail","7":"category-grenoble","8":"tag-actu","9":"tag-actualites","10":"tag-auvergne-rhone-alpes","11":"tag-en-continu","12":"tag-en-continu-sports","13":"tag-eu","14":"tag-europe","15":"tag-fr","16":"tag-france","17":"tag-grenoble","18":"tag-news","19":"tag-pro-d2","20":"tag-rc-vannes","21":"tag-rcv","22":"tag-republique-francaise","23":"tag-rugby","24":"tag-sports","25":"tag-vannes"},"share_on_mastodon":{"url":"https:\/\/pubeurope.com\/@fr\/115942038189429570","error":""},"_links":{"self":[{"href":"https:\/\/www.europesays.com\/fr\/wp-json\/wp\/v2\/posts\/682728","targetHints":{"allow":["GET"]}}],"collection":[{"href":"https:\/\/www.europesays.com\/fr\/wp-json\/wp\/v2\/posts"}],"about":[{"href":"https:\/\/www.europesays.com\/fr\/wp-json\/wp\/v2\/types\/post"}],"author":[{"embeddable":true,"href":"https:\/\/www.europesays.com\/fr\/wp-json\/wp\/v2\/users\/2"}],"replies":[{"embeddable":true,"href":"https:\/\/www.europesays.com\/fr\/wp-json\/wp\/v2\/comments?post=682728"}],"version-history":[{"count":0,"href":"https:\/\/www.europesays.com\/fr\/wp-json\/wp\/v2\/posts\/682728\/revisions"}],"wp:featuredmedia":[{"embeddable":true,"href":"https:\/\/www.europesays.com\/fr\/wp-json\/wp\/v2\/media\/682729"}],"wp:attachment":[{"href":"https:\/\/www.europesays.com\/fr\/wp-json\/wp\/v2\/media?parent=682728"}],"wp:term":[{"taxonomy":"category","embeddable":true,"href":"https:\/\/www.europesays.com\/fr\/wp-json\/wp\/v2\/categories?post=682728"},{"taxonomy":"post_tag","embeddable":true,"href":"https:\/\/www.europesays.com\/fr\/wp-json\/wp\/v2\/tags?post=682728"}],"curies":[{"name":"wp","href":"https:\/\/api.w.org\/{rel}","templated":true}]}}