{"id":682754,"date":"2026-01-23T02:38:19","date_gmt":"2026-01-23T02:38:19","guid":{"rendered":"https:\/\/www.europesays.com\/fr\/682754\/"},"modified":"2026-01-23T02:38:19","modified_gmt":"2026-01-23T02:38:19","slug":"le-trafiquant-se-faisait-passer-pour-un-docker-a-marseille","status":"publish","type":"post","link":"https:\/\/www.europesays.com\/fr\/682754\/","title":{"rendered":"le trafiquant se faisait passer pour un docker \u00e0 Marseille"},"content":{"rendered":"<p>C\u2019est un contr\u00f4le comme les aiment les <a href=\"https:\/\/www.laprovence.com\/article\/faits-divers-justice\/309952157394414\/67-kilos-de-cocaine-au-nom-maradona-decouverts-a-marseille-dans-un-conteneur-a-bananes-sur-le-port\" target=\"_blank\" rel=\"noopener\">douaniers<\/a>\u00a0: judicieusement cibl\u00e9 et fructueux. Un faux docker qui s\u2019appr\u00eatait \u00e0 sortir du terminal roulier du <a href=\"https:\/\/www.laprovence.com\/article\/economie\/1855701123895614\/marseille-fos-le-port-se-transforme-pour-rester-competitif-tout-en-preparant-lavenir-assure-christophe-castaner\" target=\"_blank\" rel=\"noopener\">Grand Port Maritime de Marseille<\/a> vendredi dernier 16\u00a0janvier, avec pr\u00e8s de 10\u00a0000 paquets de cigarettes fourr\u00e9s dans des sacs plastiques, a sans doute d\u00e9gluti lorsqu\u2019il a vu les agents cerner l\u2019utilitaire \u00e0 bord duquel il pensait quitter les lieux tranquille comme Baptiste.<\/p>\n<p>Mais voil\u00e0, cela faisait d\u00e9j\u00e0 plusieurs semaines que la douane de Marseille avait l\u2019individu dans le collimateur. D\u00e9lest\u00e9 de 9\u00a0620 paquets de cigarettes, soit plus de 190\u00a0kg de tabac d\u2019une valeur de 110\u00a0000\u00a0\u20ac sur le march\u00e9 licite apr\u00e8s la fouille compl\u00e8te de son fourgon, ce quadrag\u00e9naire \u00ab\u00a0n\u2019en \u00e9tait a priori pas \u00e0 son coup d\u2019essai\u00a0\u00bb euph\u00e9mise le directeur des douanes <a href=\"https:\/\/www.laprovence.com\/article\/faits-divers-justice\/1452700446715515\/marseille-n-est-pas-un-territoire-perdu-mais-riche-du-plus-comme-du-moins-selon-le-directeur-regional-des-douanes\" target=\"_blank\" rel=\"noopener\">Michael Lachaux<\/a>. Depuis la fin de l\u2019ann\u00e9e\u00a02025, la cellule de surveillance et de ciblage de la brigade du port de Marseille avait rep\u00e9r\u00e9 le curieux man\u00e8ge de cet homme aux horaires baroques, allant au contact des marins et circulant de mani\u00e8re aussi abusive que r\u00e9p\u00e9t\u00e9e au sein de l\u2019enceinte portuaire, arborant sur son pare-brise, tels d\u2019infaillibles s\u00e9sames, un gilet de <a href=\"https:\/\/www.laprovence.com\/article\/region\/2761463796671614\/marseille-rebelle-la-ville-et-ses-dockers-une-longue-histoire-de-luttes\" target=\"_blank\" rel=\"noopener\">docker<\/a> et des documents qui se sont bien entendu r\u00e9v\u00e9l\u00e9s faux.<\/p>\n<p><img alt=\"Au total, ce sont 9620 paquets de cigarettes en provenance d\u2019Afrique du Nord qui ont \u00e9t\u00e9 saisis.\" loading=\"lazy\" decoding=\"async\" data-nimg=\"fill\" class=\" TwicCore_img__i9TC1 undefined  undefined\" style=\"position:absolute;height:100%;width:100%;left:0;top:0;right:0;bottom:0;color:transparent;background-size:cover;background-position:50% 50%;background-repeat:no-repeat;background-image:url(&quot;data:image\/svg+xml;charset=utf-8,%3Csvg xmlns='http:\/\/www.w3.org\/2000\/svg' %3E%3Cfilter id='b' color-interpolation-filters='sRGB'%3E%3CfeGaussianBlur stdDeviation='20'\/%3E%3CfeColorMatrix values='1 0 0 0 0 0 1 0 0 0 0 0 1 0 0 0 0 0 100 -1' result='s'\/%3E%3CfeFlood x='0' y='0' width='100%25' height='100%25'\/%3E%3CfeComposite operator='out' in='s'\/%3E%3CfeComposite in2='SourceGraphic'\/%3E%3CfeGaussianBlur stdDeviation='20'\/%3E%3C\/filter%3E%3Cimage width='100%25' height='100%25' x='0' y='0' preserveAspectRatio='none' style='filter: url(%23b);' href='data:image\/webp;base64,UklGRjYDAABXRUJQVlA4ICoDAABwOwCdASpYAjMBPkkkkEYipC2hIHHIYbAJCWlu4XY+BNqD18Y8NfsAGklspy5cuXLly5cuXLly5cuXLly5cuXLly5cuXLly5cuXLly5cuXLly5cuXLly5cuXLly5cuXLly5cuXLly5cuXLly5cuXLly5cOmSMpCYAqxrZTly5cuXLlb+kGzWSu8K3E1y5cuXLly5cuXLly586rC9hJ59veBEwBVjWynLly5cuXLug2VFzeerXpFBoE1DzVqRnK9boVWdU5uGOkJgCrGtlOXLl3LvfxUZpxwRcmsj79wb4EbKlE\/r22O42hBnpQFwx0hMAVY1spy4YzRxqGxu6c2HW2qsf0YBKFRSEwBVjWynLly5cuaOzYEbNk92seqt0qoLUhMAVY1spy5crUBhXE756j\/F5H4PuLhYztBdg85f1XvYrGtlOXLly5cuXLly8BqjFLIyVJAdajjWODMD9LlVAXDHSEwBVjWynLly9tbE8pMCyjcR7xcMdITAFWNbKcuXLly+D+fa3VF4N6KxrZTly5cuXLly5cuXLly5cuXLly5cuXLly5cuXLly5cuXLly5cuXLly5cuXLly5cuXLly5cuXLly5cuXLly5cuXLly5cuXLly5cuXLly5cuXLly5cuXLhAAAP7\/oF7\/uk\/U\/0X960XRsIAEB2AAAAAAN70kr1HHyAOX3hkoohV27A67FGK7ZDJxBrJxh4Ojbr\/WDeEfz\/7o3pHj59TQ8XGsQUhr3sN7hFK2Jryx8ktgST6T5ReQQ3\/8iFy18d24oI\/ehYDZRlXUy0Kupe8Eo1oGLy7EtnzszCA7wOSYi2TuBOTEajrI03t4X5RtPEfwApDODep6IxUiWEqwc10ClsN9PiXJYP\/ftxQ4kB\/fvVojv0hPD+UslrCvnBMHKjiIKuNWc2UVssi9Sc7OFkej4bXkVzuyn3wK6aai9cjlMoDj0aFvX1cABgc2Kb52QF9UStQKG7NBnYzqQyNQam2c8hYLfhjPkZw8Wtbagqpsowi5hfki1bc1bmdFsUiBCz012jpiep8diCSRABf4vizRKv35xIIAoAAAAAAAAAAAAAA='\/%3E%3C\/svg%3E&quot;)\"   src=\"https:\/\/www.europesays.com\/fr\/wp-content\/uploads\/2026\/01\/au-total-ce-sont-9620-paquets-de-cigarettes-en-provenance-dafrique-du-nord-qui-ont-ete-saisis-176909.jpeg\"\/>Au total, ce sont 9620 paquets de cigarettes en provenance d\u2019Afrique du Nord qui ont \u00e9t\u00e9 saisis. \/ Photo Douanes de MarseilleFaux gilet de docker et faux documents<\/p>\n<p>S\u2019il s\u2019imaginait avoir trouv\u00e9 la martingale pour faire sortir du port du tabac de contrebande en jouant le manutentionnaire au gr\u00e9 des chargements et d\u00e9chargements de cargaisons, les agents des douanes eux, ont patiemment resserr\u00e9 les mailles du filet durant plusieurs semaines. C\u2019est qu\u2019il fallait s\u2019assurer que dans ce ballet logistique portuaire, o\u00f9 rentrent et sortent des centaines de gens tous les jours, celui-l\u00e0 n\u2019avait d\u00e9cid\u00e9ment rien \u00e0 faire\u2026<\/p>\n<p>Le 16\u00a0janvier, alors qu\u2019un navire en provenance d\u2019<a href=\"https:\/\/www.laprovence.com\/article\/economie\/31247361909745\/le-massalia-nouveau-bateau-de-la-meridionale-reprend-la-mer\" target=\"_blank\" rel=\"noopener\">Afrique du Nord<\/a>, d\u00fbment identifi\u00e9 comme servant \u00e0 faire transiter du tabac de contrebande, fait escale \u00e0 Marseille, il est temps de signifier au faux docker qu\u2019on ne circule pas impun\u00e9ment dans le <a href=\"https:\/\/www.laprovence.com\/article\/economie\/2382091638063614\/un-milliard-d-euros-d-investissements-pour-moderniser-le-grand-port-de-marseille-fos\" target=\"_blank\" rel=\"noopener\">Grand Port Maritime de Marseille<\/a>, pas plus qu\u2019on ne le quitte, comme on serait pass\u00e9 au drive, avec des marchandises illicites.<\/p>\n<p><img alt=\"Le faux docker s\u2019appr\u00eatait \u00e0 sortir du terminal roulier du port avec une cargaison de cigarettes de contrebande.\" loading=\"lazy\" decoding=\"async\" data-nimg=\"fill\" class=\" TwicCore_img__i9TC1 undefined  undefined\" style=\"position:absolute;height:100%;width:100%;left:0;top:0;right:0;bottom:0;color:transparent;background-size:cover;background-position:50% 50%;background-repeat:no-repeat;background-image:url(&quot;data:image\/svg+xml;charset=utf-8,%3Csvg xmlns='http:\/\/www.w3.org\/2000\/svg' %3E%3Cfilter id='b' color-interpolation-filters='sRGB'%3E%3CfeGaussianBlur stdDeviation='20'\/%3E%3CfeColorMatrix values='1 0 0 0 0 0 1 0 0 0 0 0 1 0 0 0 0 0 100 -1' result='s'\/%3E%3CfeFlood x='0' y='0' width='100%25' height='100%25'\/%3E%3CfeComposite operator='out' in='s'\/%3E%3CfeComposite in2='SourceGraphic'\/%3E%3CfeGaussianBlur stdDeviation='20'\/%3E%3C\/filter%3E%3Cimage width='100%25' height='100%25' x='0' y='0' preserveAspectRatio='none' style='filter: url(%23b);' href='data:image\/webp;base64,UklGRjYDAABXRUJQVlA4ICoDAABwOwCdASpYAjMBPkkkkEYipC2hIHHIYbAJCWlu4XY+BNqD18Y8NfsAGklspy5cuXLly5cuXLly5cuXLly5cuXLly5cuXLly5cuXLly5cuXLly5cuXLly5cuXLly5cuXLly5cuXLly5cuXLly5cuXLly5cOmSMpCYAqxrZTly5cuXLlb+kGzWSu8K3E1y5cuXLly5cuXLly586rC9hJ59veBEwBVjWynLly5cuXLug2VFzeerXpFBoE1DzVqRnK9boVWdU5uGOkJgCrGtlOXLl3LvfxUZpxwRcmsj79wb4EbKlE\/r22O42hBnpQFwx0hMAVY1spy4YzRxqGxu6c2HW2qsf0YBKFRSEwBVjWynLly5cuaOzYEbNk92seqt0qoLUhMAVY1spy5crUBhXE756j\/F5H4PuLhYztBdg85f1XvYrGtlOXLly5cuXLly8BqjFLIyVJAdajjWODMD9LlVAXDHSEwBVjWynLly9tbE8pMCyjcR7xcMdITAFWNbKcuXLly+D+fa3VF4N6KxrZTly5cuXLly5cuXLly5cuXLly5cuXLly5cuXLly5cuXLly5cuXLly5cuXLly5cuXLly5cuXLly5cuXLly5cuXLly5cuXLly5cuXLly5cuXLly5cuXLhAAAP7\/oF7\/uk\/U\/0X960XRsIAEB2AAAAAAN70kr1HHyAOX3hkoohV27A67FGK7ZDJxBrJxh4Ojbr\/WDeEfz\/7o3pHj59TQ8XGsQUhr3sN7hFK2Jryx8ktgST6T5ReQQ3\/8iFy18d24oI\/ehYDZRlXUy0Kupe8Eo1oGLy7EtnzszCA7wOSYi2TuBOTEajrI03t4X5RtPEfwApDODep6IxUiWEqwc10ClsN9PiXJYP\/ftxQ4kB\/fvVojv0hPD+UslrCvnBMHKjiIKuNWc2UVssi9Sc7OFkej4bXkVzuyn3wK6aai9cjlMoDj0aFvX1cABgc2Kb52QF9UStQKG7NBnYzqQyNQam2c8hYLfhjPkZw8Wtbagqpsowi5hfki1bc1bmdFsUiBCz012jpiep8diCSRABf4vizRKv35xIIAoAAAAAAAAAAAAAA='\/%3E%3C\/svg%3E&quot;)\"   src=\"https:\/\/www.europesays.com\/fr\/wp-content\/uploads\/2026\/01\/le-faux-docker-s-appretait-a-sortir-du-terminal-roulier-du-port-avec-une-cargaison-de-cigarettes-de-.jpeg\"\/>Le faux docker s\u2019appr\u00eatait \u00e0 sortir du terminal roulier du port avec une cargaison de cigarettes de contrebande. \/ Photo Douanes de Marseille<\/p>\n<p>\u00ab\u00a0Il avait un syst\u00e8me bien rod\u00e9, tr\u00e8s bien pr\u00e9par\u00e9 son coup et b\u00e9n\u00e9ficiait sans doute de la complicit\u00e9 de marins de ce bateau \u00e9tranger, mais on rentre au port de Marseille au petit bonheur la chance\u00a0\u00bb insiste Michael Lachaux.<\/p>\n<p>\u00ab\u00a0La marchandise \u00e9tait destin\u00e9e au trafic local\u00a0\u00bb<\/p>\n<p>Manifestement destin\u00e9 au trafic local pour irriguer les ventes \u00e0 la sauvette ou les \u00e9piceries de nuit qui sont r\u00e9guli\u00e8rement contr\u00f4l\u00e9es positivement par la douane, la marchandise a \u00e9t\u00e9 saisie et le parquet de Marseille s\u2019est saisi des faits.<\/p>\n<p><img alt=\"Gr\u00e2ce \u00e0 leur savoir-faire, mais aussi \u00e0 l\u2019utilisation de moyens de d\u00e9tection non-intrusifs, notamment des scanners, les agents des douanes d\u00e9jouent r\u00e9guli\u00e8rement des trafics sur le port de Marseille.\" loading=\"lazy\" decoding=\"async\" data-nimg=\"fill\" class=\" TwicCore_img__i9TC1 undefined  undefined\" style=\"position:absolute;height:100%;width:100%;left:0;top:0;right:0;bottom:0;color:transparent;background-size:cover;background-position:50% 50%;background-repeat:no-repeat;background-image:url(&quot;data:image\/svg+xml;charset=utf-8,%3Csvg xmlns='http:\/\/www.w3.org\/2000\/svg' %3E%3Cfilter id='b' color-interpolation-filters='sRGB'%3E%3CfeGaussianBlur stdDeviation='20'\/%3E%3CfeColorMatrix values='1 0 0 0 0 0 1 0 0 0 0 0 1 0 0 0 0 0 100 -1' result='s'\/%3E%3CfeFlood x='0' y='0' width='100%25' height='100%25'\/%3E%3CfeComposite operator='out' in='s'\/%3E%3CfeComposite in2='SourceGraphic'\/%3E%3CfeGaussianBlur stdDeviation='20'\/%3E%3C\/filter%3E%3Cimage width='100%25' height='100%25' x='0' y='0' preserveAspectRatio='none' style='filter: url(%23b);' href='data:image\/webp;base64,UklGRjYDAABXRUJQVlA4ICoDAABwOwCdASpYAjMBPkkkkEYipC2hIHHIYbAJCWlu4XY+BNqD18Y8NfsAGklspy5cuXLly5cuXLly5cuXLly5cuXLly5cuXLly5cuXLly5cuXLly5cuXLly5cuXLly5cuXLly5cuXLly5cuXLly5cuXLly5cOmSMpCYAqxrZTly5cuXLlb+kGzWSu8K3E1y5cuXLly5cuXLly586rC9hJ59veBEwBVjWynLly5cuXLug2VFzeerXpFBoE1DzVqRnK9boVWdU5uGOkJgCrGtlOXLl3LvfxUZpxwRcmsj79wb4EbKlE\/r22O42hBnpQFwx0hMAVY1spy4YzRxqGxu6c2HW2qsf0YBKFRSEwBVjWynLly5cuaOzYEbNk92seqt0qoLUhMAVY1spy5crUBhXE756j\/F5H4PuLhYztBdg85f1XvYrGtlOXLly5cuXLly8BqjFLIyVJAdajjWODMD9LlVAXDHSEwBVjWynLly9tbE8pMCyjcR7xcMdITAFWNbKcuXLly+D+fa3VF4N6KxrZTly5cuXLly5cuXLly5cuXLly5cuXLly5cuXLly5cuXLly5cuXLly5cuXLly5cuXLly5cuXLly5cuXLly5cuXLly5cuXLly5cuXLly5cuXLly5cuXLhAAAP7\/oF7\/uk\/U\/0X960XRsIAEB2AAAAAAN70kr1HHyAOX3hkoohV27A67FGK7ZDJxBrJxh4Ojbr\/WDeEfz\/7o3pHj59TQ8XGsQUhr3sN7hFK2Jryx8ktgST6T5ReQQ3\/8iFy18d24oI\/ehYDZRlXUy0Kupe8Eo1oGLy7EtnzszCA7wOSYi2TuBOTEajrI03t4X5RtPEfwApDODep6IxUiWEqwc10ClsN9PiXJYP\/ftxQ4kB\/fvVojv0hPD+UslrCvnBMHKjiIKuNWc2UVssi9Sc7OFkej4bXkVzuyn3wK6aai9cjlMoDj0aFvX1cABgc2Kb52QF9UStQKG7NBnYzqQyNQam2c8hYLfhjPkZw8Wtbagqpsowi5hfki1bc1bmdFsUiBCz012jpiep8diCSRABf4vizRKv35xIIAoAAAAAAAAAAAAAA='\/%3E%3C\/svg%3E&quot;)\"   src=\"https:\/\/www.europesays.com\/fr\/wp-content\/uploads\/2026\/01\/grace-a-leur-savoir-faire-mais-aussi-a-lutilisation-de-moyens-de-detection-non-intrusifs-notamment-d.jpeg\"\/>Gr\u00e2ce \u00e0 leur savoir-faire, mais aussi \u00e0 l\u2019utilisation de moyens de d\u00e9tection non-intrusifs, notamment des scanners, les agents des douanes d\u00e9jouent r\u00e9guli\u00e8rement des trafics sur le port de Marseille. \/ Photo Douanes de Marseille<\/p>\n<p>Sur le port de Marseille comme \u00e0 l\u2019a\u00e9roport de Marignane, l\u2019ann\u00e9e\u00a02026, d\u00e9j\u00e0 marqu\u00e9e par la d\u00e9couverte la semaine derni\u00e8re, de <a href=\"https:\/\/www.laprovence.com\/article\/faits-divers-justice\/309952157394414\/67-kilos-de-cocaine-au-nom-maradona-decouverts-a-marseille-dans-un-conteneur-a-bananes-sur-le-port\" target=\"_blank\" rel=\"noopener\">67\u00a0kg de coca\u00efne<\/a> estampill\u00e9s au nom de \u00ab\u00a0Maradona\u00a0\u00bb d\u00e9couverts \u00e0 Marseille dans un conteneur \u00e0 bananes, semble devoir se poursuivre sur le m\u00eame rythme qu\u2019en\u00a02025 pour ce qui concerne les cigarettes illicites. L\u2019ann\u00e9e pass\u00e9e avait en effet \u00e9t\u00e9 marqu\u00e9e par plusieurs affaires qualifi\u00e9es d'\u00a0\u00bbimpactantes\u00a0\u00bb en mati\u00e8re de lutte contre la <a href=\"https:\/\/www.laprovence.com\/article\/faits-divers-justice\/21467430219163\/saisie-de-18780-paquets-de-cigarettes-par-les-douaniers-dans-les-valises-de-4-mules-a-marignane\" target=\"_blank\" rel=\"noopener\">contrebande de tabac<\/a>. \u00ab\u00a0Des trafics r\u00e9guli\u00e8rement d\u00e9jou\u00e9s gr\u00e2ce au savoir-faire des agents, \u00e0 des\u00a0capacit\u00e9s de ciblage qui se d\u00e9veloppent et \u00e0 l\u2019utilisation de moyens de d\u00e9tection non intrusifs, en\u00a0particulier les scanners sur le port de Marseille\u00a0\u00bb, insiste le directeur des douanes.<\/p>\n","protected":false},"excerpt":{"rendered":"C\u2019est un contr\u00f4le comme les aiment les douaniers\u00a0: judicieusement cibl\u00e9 et fructueux. Un faux docker qui s\u2019appr\u00eatait \u00e0&hellip;\n","protected":false},"author":2,"featured_media":682755,"comment_status":"","ping_status":"","sticky":false,"template":"","format":"standard","meta":{"footnotes":""},"categories":[2814],"tags":[49600,5734,1111,11,8056,1446,154,1777,674,274,1011,27,884,12,36209,882,25,41505,7753],"class_list":{"0":"post-682754","1":"post","2":"type-post","3":"status-publish","4":"format-standard","5":"has-post-thumbnail","7":"category-marseille","8":"tag-10-000","9":"tag-5734","10":"tag-actu","11":"tag-actualites","12":"tag-cigarettes","13":"tag-dans","14":"tag-des","15":"tag-eu","16":"tag-europe","17":"tag-faits-divers-justice","18":"tag-fr","19":"tag-france","20":"tag-marseille","21":"tag-news","22":"tag-paquets","23":"tag-provence-alpes-cote-dazur","24":"tag-republique-francaise","25":"tag-sacs","26":"tag-trafiquant"},"share_on_mastodon":{"url":"https:\/\/pubeurope.com\/@fr\/115942097333766890","error":""},"_links":{"self":[{"href":"https:\/\/www.europesays.com\/fr\/wp-json\/wp\/v2\/posts\/682754","targetHints":{"allow":["GET"]}}],"collection":[{"href":"https:\/\/www.europesays.com\/fr\/wp-json\/wp\/v2\/posts"}],"about":[{"href":"https:\/\/www.europesays.com\/fr\/wp-json\/wp\/v2\/types\/post"}],"author":[{"embeddable":true,"href":"https:\/\/www.europesays.com\/fr\/wp-json\/wp\/v2\/users\/2"}],"replies":[{"embeddable":true,"href":"https:\/\/www.europesays.com\/fr\/wp-json\/wp\/v2\/comments?post=682754"}],"version-history":[{"count":0,"href":"https:\/\/www.europesays.com\/fr\/wp-json\/wp\/v2\/posts\/682754\/revisions"}],"wp:featuredmedia":[{"embeddable":true,"href":"https:\/\/www.europesays.com\/fr\/wp-json\/wp\/v2\/media\/682755"}],"wp:attachment":[{"href":"https:\/\/www.europesays.com\/fr\/wp-json\/wp\/v2\/media?parent=682754"}],"wp:term":[{"taxonomy":"category","embeddable":true,"href":"https:\/\/www.europesays.com\/fr\/wp-json\/wp\/v2\/categories?post=682754"},{"taxonomy":"post_tag","embeddable":true,"href":"https:\/\/www.europesays.com\/fr\/wp-json\/wp\/v2\/tags?post=682754"}],"curies":[{"name":"wp","href":"https:\/\/api.w.org\/{rel}","templated":true}]}}