{"id":682766,"date":"2026-01-23T02:46:17","date_gmt":"2026-01-23T02:46:17","guid":{"rendered":"https:\/\/www.europesays.com\/fr\/682766\/"},"modified":"2026-01-23T02:46:17","modified_gmt":"2026-01-23T02:46:17","slug":"info-va-paris-le-migrant-sous-oqtf-qui-avait-agresse-le-sacristain-de-la-madeleine-a-nouveau-place-en-garde-a-vue","status":"publish","type":"post","link":"https:\/\/www.europesays.com\/fr\/682766\/","title":{"rendered":"[Info VA] Paris : le migrant sous OQTF qui avait agress\u00e9 le sacristain de la Madeleine \u00e0 nouveau plac\u00e9 en garde \u00e0 vue"},"content":{"rendered":"<p>                                            Faits divers\n                                                                            <\/p>\n<p>\n                                            Interpell\u00e9 dans son h\u00f4pital psychiatrique, il a fait l&rsquo;objet d&rsquo;un nouvel examen concluant \u00e0 sa dangerosit\u00e9. \u00ab\u00a0L&rsquo;affaire est suivie en haut lieu\u00a0\u00bb, pr\u00e9cise une source polici\u00e8re \u00e0 Valeurs actuelles.                                        <\/p>\n<p>                                            <img loading=\"lazy\" width=\"1000\" height=\"667\" src=\"https:\/\/www.europesays.com\/fr\/wp-content\/uploads\/2026\/01\/SIPA_sipahub60105798_000386.jpg\" class=\"attachment-post-thumbnail size-post-thumbnail wp-post-image\" alt=\"L'\u00e9glise de la Madeleine, \u00e0 Paris. Photo \u00a9 Philippe Lissac\/GODONG\/SIPA\" decoding=\"async\"  \/><\/p>\n<p>                                            L&rsquo;\u00e9glise de la Madeleine, \u00e0 Paris. Photo \u00a9 Philippe Lissac\/GODONG\/SIPA<\/p>\n<p>Le migrant sous OQTF qui avait <a href=\"https:\/\/www.valeursactuelles.com\/faits-divers\/paris-un-sacristain-de-leglise-de-la-madeleine-agresse-un-suspect-interpelle\" target=\"_blank\" rel=\"noopener\">frapp\u00e9 et tent\u00e9 d\u2019\u00e9trangler<\/a> le sacristain de l\u2019\u00e9glise de la Madeleine \u00e0 Paris, le 27 d\u00e9cembre dernier, a \u00e9t\u00e9 \u00e0 nouveau interpell\u00e9, ce mercredi 21 janvier, dans son h\u00f4pital psychiatrique o\u00f9 il avait \u00e9t\u00e9 intern\u00e9, une interpellation qui fait suite \u00e0 une demande directe de la haute hi\u00e9rarchie polici\u00e8re, selon nos informations.<\/p>\n<p><a href=\"https:\/\/www.valeursactuelles.com\/clubvaleurs\/faits-divers\/versailles-un-afghan-sous-oqtf-juge-pour-avoir-vole-et-conduit-un-bus-ratp-sans-permis\" class=\"h-flex h-align-items-center h-border-tb h-ptb-15\" target=\"_blank\" rel=\"noopener\">A\u00a0LIRE\u00a0Versailles : un Afghan sous OQTF jug\u00e9 pour avoir vol\u00e9 et conduit un bus RATP sans permis<\/a><\/p>\n<p>Fati M., pass\u00e9 un temps par l\u2019infirmerie psychiatrique de la\u00a0pr\u00e9fecture de police (I3P), a \u00e9t\u00e9 plac\u00e9 en garde \u00e0 vue au commissariat du 8e arrondissement et doit \u00eatre r\u00e9entendu sur les faits. Un nouvel examen psychiatrique a \u00e9t\u00e9 r\u00e9alis\u00e9, concluant \u00e0 sa dangerosit\u00e9. \u00ab\u00a0L\u2019affaire est suivie en haut lieu\u00a0\u00bb, pr\u00e9cise une source polici\u00e8re \u00e0 Valeurs actuelles.<\/p>\n<p>Des agressions en s\u00e9rie<\/p>\n<p>L\u2019individu en situation irr\u00e9guli\u00e8re sur le sol fran\u00e7ais avait agress\u00e9 le sacristain de la Madeleine, alors que ce dernier venait de lui demander d\u2019arr\u00eater de manger au sein de l\u2019\u00e9glise ou de quitter les lieux. Parlant arabe, il avait d\u00e9j\u00e0 menac\u00e9 le sacristain un an auparavant, en lui lan\u00e7ant : \u00ab Je vais te crever les yeux, je vais t\u2019enterrer vivant. \u00bb<\/p>\n<p>Une enqu\u00eate a \u00e9t\u00e9 ouverte par le parquet de Paris pour \u00ab violence sans incapacit\u00e9 commise en raison de la race, l\u2019ethnie, la nation ou la religion \u00bb, \u00ab menace de mort r\u00e9it\u00e9r\u00e9e commise en raison de la race, l\u2019ethnie, la nation ou la religion, dans un lieu de culte\u00a0\u00bb et\u00a0\u00ab trouble visant \u00e0 emp\u00eacher, retarder ou interrompre l\u2019exercice du culte \u00bb.<\/p>\n<p>La victime, l\u00e9g\u00e8rement bless\u00e9e, avait d\u00e9pos\u00e9 plainte. Le suspect, vis\u00e9 par <a href=\"https:\/\/www.valeursactuelles.com\/tag\/oqtf\" target=\"_blank\" rel=\"noopener\">une obligation de quitter le territoire fran\u00e7ais (OQTF)<\/a>, pourrait \u00eatre \u00ab reconduit \u00e0 la fronti\u00e8re \u00bb, selon les conclusions de l\u2019enqu\u00eate, avait fait savoir la pr\u00e9fecture de police de Paris \u00e0 l\u2019\u00e9poque. Deux mois plus t\u00f4t, un sacristain \u00e9tait d\u00e9j\u00e0 agress\u00e9 dans l\u2019\u00e9glise de la Madeleine.<\/p>\n","protected":false},"excerpt":{"rendered":"Faits divers Interpell\u00e9 dans son h\u00f4pital psychiatrique, il a fait l&rsquo;objet d&rsquo;un nouvel examen concluant \u00e0 sa dangerosit\u00e9.&hellip;\n","protected":false},"author":2,"featured_media":682767,"comment_status":"","ping_status":"","sticky":false,"template":"","format":"standard","meta":{"footnotes":""},"categories":[1888],"tags":[11,12336,1777,674,1011,27,1251,12,4347,626,235,25],"class_list":{"0":"post-682766","1":"post","2":"type-post","3":"status-publish","4":"format-standard","5":"has-post-thumbnail","7":"category-paris","8":"tag-actualites","9":"tag-eglise","10":"tag-eu","11":"tag-europe","12":"tag-fr","13":"tag-france","14":"tag-migrants","15":"tag-news","16":"tag-oqtf","17":"tag-paris","18":"tag-psychiatrie","19":"tag-republique-francaise"},"share_on_mastodon":{"url":"https:\/\/pubeurope.com\/@fr\/115942128644802207","error":""},"_links":{"self":[{"href":"https:\/\/www.europesays.com\/fr\/wp-json\/wp\/v2\/posts\/682766","targetHints":{"allow":["GET"]}}],"collection":[{"href":"https:\/\/www.europesays.com\/fr\/wp-json\/wp\/v2\/posts"}],"about":[{"href":"https:\/\/www.europesays.com\/fr\/wp-json\/wp\/v2\/types\/post"}],"author":[{"embeddable":true,"href":"https:\/\/www.europesays.com\/fr\/wp-json\/wp\/v2\/users\/2"}],"replies":[{"embeddable":true,"href":"https:\/\/www.europesays.com\/fr\/wp-json\/wp\/v2\/comments?post=682766"}],"version-history":[{"count":0,"href":"https:\/\/www.europesays.com\/fr\/wp-json\/wp\/v2\/posts\/682766\/revisions"}],"wp:featuredmedia":[{"embeddable":true,"href":"https:\/\/www.europesays.com\/fr\/wp-json\/wp\/v2\/media\/682767"}],"wp:attachment":[{"href":"https:\/\/www.europesays.com\/fr\/wp-json\/wp\/v2\/media?parent=682766"}],"wp:term":[{"taxonomy":"category","embeddable":true,"href":"https:\/\/www.europesays.com\/fr\/wp-json\/wp\/v2\/categories?post=682766"},{"taxonomy":"post_tag","embeddable":true,"href":"https:\/\/www.europesays.com\/fr\/wp-json\/wp\/v2\/tags?post=682766"}],"curies":[{"name":"wp","href":"https:\/\/api.w.org\/{rel}","templated":true}]}}