{"id":682774,"date":"2026-01-23T02:50:11","date_gmt":"2026-01-23T02:50:11","guid":{"rendered":"https:\/\/www.europesays.com\/fr\/682774\/"},"modified":"2026-01-23T02:50:11","modified_gmt":"2026-01-23T02:50:11","slug":"tiktok-cree-une-co-entreprise-aux-etats-unis-pour-y-eviter-son-interdiction","status":"publish","type":"post","link":"https:\/\/www.europesays.com\/fr\/682774\/","title":{"rendered":"TikTok cr\u00e9e une co-entreprise aux \u00c9tats-Unis pour y \u00e9viter son interdiction"},"content":{"rendered":"<p>\n    La plateforme chinoise avait annonc\u00e9 en d\u00e9cembre avoir sign\u00e9 un accord permettant de cr\u00e9er cette co-entreprise exig\u00e9e par la loi am\u00e9ricaine.<\/p>\n<p class=\"fig-paragraph\"><a href=\"https:\/\/www.lefigaro.fr\/tag\/tiktok\" target=\"_blank\" rel=\"nofollow noopener\" data-gtm-custom-categorie=\"navigation\" data-gtm-custom-action=\"crossclick\" data-gtm-custom-label=\"Contextuel\" data-gtm-event=\"customEventSPE\">TikTok<\/a>\u00a0a annonc\u00e9 jeudi dans un communiqu\u00e9 avoir cr\u00e9\u00e9 une co-entreprise aux \u00c9tats-Unis pour y \u00e9viter son interdiction, mettant fin \u00e0 une longue saga judiciaire. Cette nouvelle structure r\u00e9pond \u00e0 une loi adopt\u00e9e sous le mandat de l\u2019ancien pr\u00e9sident d\u00e9mocrate Joe Biden, obligeant ByteDance, le propri\u00e9taire chinois de TikTok, \u00e0 c\u00e9der le contr\u00f4le de ses activit\u00e9s aux \u00c9tats-Unis sous peine d\u2019y \u00eatre interdit.<\/p>\n<p class=\"fig-paragraph\">La loi visait \u00e0 emp\u00eacher que les autorit\u00e9s chinoises puissent mettre la main sur des donn\u00e9es personnelles d\u2019utilisateurs de TikTok aux \u00c9tats-Unis, ou ne soient en mesure d\u2019influencer l\u2019opinion am\u00e9ricaine via le puissant algorithme du r\u00e9seau social de courtes vid\u00e9os.<\/p>\n<p>                                            <a class=\"fig-a11y-skip\" href=\"#fig-a11y-skip-main-inarticle\" data-module=\"a11y-skip\" data-context=\"was @visible\"><br \/>\n    Passer la publicit\u00e9<br \/>\n<\/a>            <\/p>\n<p>                                            \u00abAssurer la s\u00e9curit\u00e9 nationale\u00bb<\/p>\n<p class=\"fig-paragraph\">Le r\u00e9seau social assure dans son communiqu\u00e9 que sa nouvelle co-entreprise \u00abfonctionnera selon des garanties d\u00e9finies pour assurer la s\u00e9curit\u00e9 nationale gr\u00e2ce \u00e0 la confidentialit\u00e9 des donn\u00e9es, \u00e0 la s\u00e9curit\u00e9 des algorithmes, \u00e0 la mod\u00e9ration des contenus et \u00e0 des assurances logicielles pour les utilisateurs am\u00e9ricains\u00bb.<\/p>\n<p class=\"fig-paragraph\">Elle sera d\u00e9tenue par une majorit\u00e9 d\u2019investisseurs am\u00e9ricains, tandis que ByteDance en d\u00e9tiendra pr\u00e8s de 20%.<\/p>\n<p class=\"fig-paragraph\">Les contours de cette co-entreprise avaient \u00e9t\u00e9 d\u00e9finis en septembre dans un d\u00e9cret du pr\u00e9sident am\u00e9ricain Donald Trump. Le milliardaire r\u00e9publicain avait alors assur\u00e9 que la version am\u00e9ricaine de la plateforme serait g\u00e9r\u00e9e par plusieurs de ses riches soutiens, \u00e0 l\u2019instar de Larry Ellison, \u00e0 la t\u00eate du g\u00e9ant technologique Oracle.<\/p>\n","protected":false},"excerpt":{"rendered":"La plateforme chinoise avait annonc\u00e9 en d\u00e9cembre avoir sign\u00e9 un accord permettant de cr\u00e9er cette co-entreprise exig\u00e9e par&hellip;\n","protected":false},"author":2,"featured_media":682775,"comment_status":"","ping_status":"","sticky":false,"template":"","format":"standard","meta":{"footnotes":""},"categories":[1589],"tags":[11,73,1866,12,938,2439,1864,1865,1863,308],"class_list":{"0":"post-682774","1":"post","2":"type-post","3":"status-publish","4":"format-standard","5":"has-post-thumbnail","7":"category-etats-unis","8":"tag-actualites","9":"tag-etats-unis","10":"tag-etats-unis-damerique","11":"tag-news","12":"tag-reseaux-sociaux","13":"tag-tiktok","14":"tag-united-states","15":"tag-united-states-of-america","16":"tag-us","17":"tag-usa"},"share_on_mastodon":{"url":"https:\/\/pubeurope.com\/@fr\/115942144303225987","error":""},"_links":{"self":[{"href":"https:\/\/www.europesays.com\/fr\/wp-json\/wp\/v2\/posts\/682774","targetHints":{"allow":["GET"]}}],"collection":[{"href":"https:\/\/www.europesays.com\/fr\/wp-json\/wp\/v2\/posts"}],"about":[{"href":"https:\/\/www.europesays.com\/fr\/wp-json\/wp\/v2\/types\/post"}],"author":[{"embeddable":true,"href":"https:\/\/www.europesays.com\/fr\/wp-json\/wp\/v2\/users\/2"}],"replies":[{"embeddable":true,"href":"https:\/\/www.europesays.com\/fr\/wp-json\/wp\/v2\/comments?post=682774"}],"version-history":[{"count":0,"href":"https:\/\/www.europesays.com\/fr\/wp-json\/wp\/v2\/posts\/682774\/revisions"}],"wp:featuredmedia":[{"embeddable":true,"href":"https:\/\/www.europesays.com\/fr\/wp-json\/wp\/v2\/media\/682775"}],"wp:attachment":[{"href":"https:\/\/www.europesays.com\/fr\/wp-json\/wp\/v2\/media?parent=682774"}],"wp:term":[{"taxonomy":"category","embeddable":true,"href":"https:\/\/www.europesays.com\/fr\/wp-json\/wp\/v2\/categories?post=682774"},{"taxonomy":"post_tag","embeddable":true,"href":"https:\/\/www.europesays.com\/fr\/wp-json\/wp\/v2\/tags?post=682774"}],"curies":[{"name":"wp","href":"https:\/\/api.w.org\/{rel}","templated":true}]}}