{"id":682778,"date":"2026-01-23T02:52:33","date_gmt":"2026-01-23T02:52:33","guid":{"rendered":"https:\/\/www.europesays.com\/fr\/682778\/"},"modified":"2026-01-23T02:52:33","modified_gmt":"2026-01-23T02:52:33","slug":"heurts-violents-en-allemagne-lors-de-manifestations-pro-ypg","status":"publish","type":"post","link":"https:\/\/www.europesays.com\/fr\/682778\/","title":{"rendered":"Heurts violents en Allemagne lors de manifestations pro-YPG"},"content":{"rendered":"<p>#Allemagne<\/p>\n<p>#Dortmund<\/p>\n<p>#Stuttgart<\/p>\n<p>#YPG<\/p>\n<p>#FDS<\/p>\n<p>#manifestations<\/p>\n<p>#violences urbaines<\/p>\n<p>#affrontements<\/p>\n<p>#police allemande<\/p>\n<p>#engins pyrotechniques<\/p>\n<p>#interpellations<\/p>\n<p>#troubles \u00e0 l\u2019ordre public<\/p>\n<p>#Syrie<\/p>\n<p>#tensions syriennes<\/p>\n<p>#s\u00e9curit\u00e9<\/p>\n<p>#manifestations violentes<\/p>\n<p>#restaurant syrien<\/p>\n<p>#forces de l\u2019ordre<\/p>\n<p>#h\u00e9licopt\u00e8re policier<\/p>\n<p>#arrestations<\/p>\n<p>#manifestation pro-YPG en Allemagne<\/p>\n<p>#heurts \u00e0 Dortmund manifestation<\/p>\n<p>#violences \u00e0 Stuttgart rassemblement<\/p>\n<p>#affrontements police manifestants Allemagne<\/p>\n<p>#tensions Syrie manifestations Europe<\/p>\n<p>#restaurant syrien attaqu\u00e9 Dortmund<\/p>\n<p>#policiers bless\u00e9s engins pyrotechniques<\/p>\n<p>#arrestations manifestations Stuttgart<\/p>\n<p>#troubles \u00e0 l\u2019ordre public Allemagne<\/p>\n<p>#manifestations li\u00e9es \u00e0 la Syrie<\/p>\n<p>#violences urbaines Allemagne 2026<\/p>\n<p>#police allemande violences manifestations<\/p>\n<p>#interpellations pro-YPG<\/p>\n<p>#s\u00e9curit\u00e9 int\u00e9rieure Allemagne<\/p>\n<p>#incidents manifestations syriennes<\/p>\n","protected":false},"excerpt":{"rendered":"#Allemagne #Dortmund #Stuttgart #YPG #FDS #manifestations #violences urbaines #affrontements #police allemande #engins pyrotechniques #interpellations #troubles \u00e0 l\u2019ordre public&hellip;\n","protected":false},"author":2,"featured_media":682779,"comment_status":"","ping_status":"","sticky":false,"template":"","format":"standard","meta":{"footnotes":""},"categories":[1587],"tags":[11,39835,77997,672,51210,78001,1804,1805,1803,8099,77989,1777,674,77987,3160,1801,77993,77995,78008,15516,78006,77994,1272,78003,31944,12,77988,78005,78000,1802,77992,77999,656,78007,12500,32,77998,77991,77990,78002,77996,7501,78004,77986],"class_list":{"0":"post-682778","1":"post","2":"type-post","3":"status-publish","4":"format-standard","5":"has-post-thumbnail","7":"category-allemagne","8":"tag-actualites","9":"tag-affrontements","10":"tag-affrontements-police-manifestants-allemagne","11":"tag-allemagne","12":"tag-arrestations","13":"tag-arrestations-manifestations-stuttgart","14":"tag-bundesrepublik-deutschland","15":"tag-de","16":"tag-deutschland","17":"tag-dortmund","18":"tag-engins-pyrotechniques","19":"tag-eu","20":"tag-europe","21":"tag-fds","22":"tag-forces-de-lordre","23":"tag-germany","24":"tag-helicoptere-policier","25":"tag-heurts-a-dortmund-manifestation","26":"tag-incidents-manifestations-syriennes","27":"tag-interpellations","28":"tag-interpellations-pro-ypg","29":"tag-manifestation-pro-ypg-en-allemagne","30":"tag-manifestations","31":"tag-manifestations-liees-a-la-syrie","32":"tag-manifestations-violentes","33":"tag-news","34":"tag-police-allemande","35":"tag-police-allemande-violences-manifestations","36":"tag-policiers-blesses-engins-pyrotechniques","37":"tag-republique-federale-dallemagne","38":"tag-restaurant-syrien","39":"tag-restaurant-syrien-attaque-dortmund","40":"tag-securite","41":"tag-securite-interieure-allemagne","42":"tag-stuttgart","43":"tag-syrie","44":"tag-tensions-syrie-manifestations-europe","45":"tag-tensions-syriennes","46":"tag-troubles-a-lordre-public","47":"tag-troubles-a-lordre-public-allemagne","48":"tag-violences-a-stuttgart-rassemblement","49":"tag-violences-urbaines","50":"tag-violences-urbaines-allemagne-2026","51":"tag-ypg"},"share_on_mastodon":{"url":"","error":"Validation failed: Text character limit of 500 exceeded"},"_links":{"self":[{"href":"https:\/\/www.europesays.com\/fr\/wp-json\/wp\/v2\/posts\/682778","targetHints":{"allow":["GET"]}}],"collection":[{"href":"https:\/\/www.europesays.com\/fr\/wp-json\/wp\/v2\/posts"}],"about":[{"href":"https:\/\/www.europesays.com\/fr\/wp-json\/wp\/v2\/types\/post"}],"author":[{"embeddable":true,"href":"https:\/\/www.europesays.com\/fr\/wp-json\/wp\/v2\/users\/2"}],"replies":[{"embeddable":true,"href":"https:\/\/www.europesays.com\/fr\/wp-json\/wp\/v2\/comments?post=682778"}],"version-history":[{"count":0,"href":"https:\/\/www.europesays.com\/fr\/wp-json\/wp\/v2\/posts\/682778\/revisions"}],"wp:featuredmedia":[{"embeddable":true,"href":"https:\/\/www.europesays.com\/fr\/wp-json\/wp\/v2\/media\/682779"}],"wp:attachment":[{"href":"https:\/\/www.europesays.com\/fr\/wp-json\/wp\/v2\/media?parent=682778"}],"wp:term":[{"taxonomy":"category","embeddable":true,"href":"https:\/\/www.europesays.com\/fr\/wp-json\/wp\/v2\/categories?post=682778"},{"taxonomy":"post_tag","embeddable":true,"href":"https:\/\/www.europesays.com\/fr\/wp-json\/wp\/v2\/tags?post=682778"}],"curies":[{"name":"wp","href":"https:\/\/api.w.org\/{rel}","templated":true}]}}