{"id":682796,"date":"2026-01-23T03:07:10","date_gmt":"2026-01-23T03:07:10","guid":{"rendered":"https:\/\/www.europesays.com\/fr\/682796\/"},"modified":"2026-01-23T03:07:10","modified_gmt":"2026-01-23T03:07:10","slug":"tout-ce-que-vous-ne-savez-pas-sur-karine-le-marchand-57-ans","status":"publish","type":"post","link":"https:\/\/www.europesays.com\/fr\/682796\/","title":{"rendered":"tout ce que vous ne savez pas sur Karine Le Marchand (57 ans)"},"content":{"rendered":"<p>Figure incontournable du paysage audiovisuel fran\u00e7ais,<br \/>\n<strong>Karine Le Marchand<\/strong> est bien plus que l\u2019animatrice<br \/>\nsouriante de L\u2019amour est dans le pr\u00e9. \u00c0 57 ans, elle cultive une<br \/>\npersonnalit\u00e9 libre, engag\u00e9e et parfois d\u00e9routante. Derri\u00e8re la<br \/>\nnotori\u00e9t\u00e9 se cache une femme marqu\u00e9e par une enfance singuli\u00e8re,<br \/>\ndes histoires d\u2019amour m\u00e9diatis\u00e9es, une maternit\u00e9 assum\u00e9e et des<br \/>\ncombats personnels forts. Origines, <strong>vie<br \/>\nsentimentale<\/strong>, relation \u00e0 sa fille Alya, choix de carri\u00e8re<br \/>\n: plong\u00e9e intime dans le parcours d\u2019une animatrice qui ne laisse<br \/>\npersonne indiff\u00e9rent et fa\u00e7onne aujourd\u2019hui son image publique et<br \/>\nses convictions profondes.<\/p>\n<p>Une enfance singuli\u00e8re et des r\u00eaves artistiques assum\u00e9s<br \/>\nDes origines m\u00e9tiss\u00e9es et une enfance sans p\u00e8re<\/p>\n<p>N\u00e9e le 16 ao\u00fbt 1968 \u00e0 Nancy, Karine Le Marchand grandit entour\u00e9e<br \/>\nde femmes. Sa m\u00e8re fran\u00e7aise \u00e9l\u00e8ve seule ses filles apr\u00e8s le d\u00e9part<br \/>\npr\u00e9coce du p\u00e8re burundais, absent d\u00e8s la petite enfance. Cette<br \/>\nabsence marque profond\u00e9ment l\u2019animatrice, qui d\u00e9veloppe tr\u00e8s t\u00f4t un<br \/>\nsens aigu des responsabilit\u00e9s. Elle se forge un caract\u00e8re<br \/>\nprotecteur, presque paternel, au sein du foyer. Admiratrice de<br \/>\nfigures masculines rassurantes, Karine construit sa personnalit\u00e9<br \/>\nentre <strong>manque affectif<\/strong>, volont\u00e9 d\u2019ind\u00e9pendance et<br \/>\n<strong>d\u00e9sir constant de prot\u00e9ger les siens<\/strong>, une force<br \/>\nintime qui guidera toute sa trajectoire personnelle et<br \/>\nprofessionnelle future.<\/p>\n<p>Un vrai nom effac\u00e9 pour r\u00e9ussir \u00e0 la t\u00e9l\u00e9vision<\/p>\n<p>D\u2019apr\u00e8s <a href=\"https:\/\/www.journaldesfemmes.fr\/people\/personnalites\/2715083-karine-le-marchand-age-vie-privee-infos\/\" target=\"_blank\" rel=\"noopener\">Le Journal des Femmes<\/a>,<br \/>\nderri\u00e8re le nom Karine Le Marchand se cache en r\u00e9alit\u00e9 Karine<br \/>\n<strong>M\u2019Fayokurera<\/strong>. \u00c0 ses d\u00e9buts t\u00e9l\u00e9vis\u00e9s, on lui<br \/>\ndemande de simplifier son patronyme, jug\u00e9 trop complexe pour le<br \/>\ngrand public. Quelques minutes avant une prise d\u2019antenne, elle<br \/>\nchoisit le nom de son compagnon de l\u2019\u00e9poque. Une d\u00e9cision<br \/>\npragmatique, mais symbolique, qu\u2019elle \u00e9voquera plus tard sans<br \/>\namertume. Ce changement r\u00e9v\u00e8le <strong>les compromis<\/strong><br \/>\nexig\u00e9s par le monde m\u00e9diatique o\u00f9 identit\u00e9, visibilit\u00e9 et r\u00e9ussite<br \/>\ns\u2019entrem\u00ealent. Karine assume ce choix, tout en restant consciente<br \/>\nde ce qu\u2019il dit du rapport fran\u00e7ais \u00e0 la diversit\u00e9 et \u00e0 la<br \/>\ndiff\u00e9rence.<\/p>\n<p>Mannequinat, musique et ambitions contrari\u00e9es<\/p>\n<p>Avant la t\u00e9l\u00e9vision, Karine Le Marchand explore d\u2019autres<br \/>\n<strong>chemins artistiques<\/strong>. \u00c0 18 ans, elle quitte Nancy<br \/>\npour Paris et se lance dans le mannequinat, rep\u00e9r\u00e9e par l\u2019agence<br \/>\nElite. Elle d\u00e9file aux c\u00f4t\u00e9s de grandes figures de la mode, mais se<br \/>\nlasse rapidement des podiums. Parall\u00e8lement, elle nourrit une<br \/>\npassion profonde pour la musique. Form\u00e9e \u00e0 la harpe et \u00e0 la fl\u00fbte<br \/>\ntraversi\u00e8re, elle r\u00eave de chant et devient choriste. Malgr\u00e9<br \/>\nplusieurs <strong>maquettes prometteuses<\/strong>, la disparition<br \/>\nd\u2019un compositeur cl\u00e9 freine son envol musical, laissant place \u00e0 une<br \/>\nnouvelle destin\u00e9e m\u00e9diatique inattendue mais durable.<\/p>\n<p>Une femme accomplie entre maternit\u00e9,<br \/>\nsucc\u00e8s et combats personnels<br \/>\nUne ascension m\u00e9diatique et une place centrale \u00e0 la<br \/>\nt\u00e9l\u00e9vision<\/p>\n<p>Karine Le <a href=\"https:\/\/www.pleinevie.fr\/loisirs\/celebrites\/une-valise-pleine-de-medicaments-karine-le-marchand-malade-lanimatrice-de-57-ans-se-livre-sur-son-etat-de-sante-inquietant-173109.html\" target=\"_blank\" rel=\"noopener\">Marchand<\/a> s\u2019impose<br \/>\nprogressivement comme une figure incontournable du paysage<br \/>\naudiovisuel fran\u00e7ais. Animatrice embl\u00e9matique de L\u2019Amour est<br \/>\ndans le pr\u00e9, elle incarne une <strong>pr\u00e9sence<br \/>\nbienveillante<\/strong>, sinc\u00e8re et accessible. Sa capacit\u00e9 \u00e0<br \/>\n\u00e9couter, rassurer et mettre en confiance s\u00e9duit autant les<br \/>\nagriculteurs que les t\u00e9l\u00e9spectateurs. Confidente de politiques<br \/>\ncomme d\u2019anonymes, elle cultive un <strong>franc-parler<br \/>\nassum\u00e9<\/strong>. Sa long\u00e9vit\u00e9 \u00e0 l\u2019\u00e9cran repose sur une authenticit\u00e9<br \/>\nrare et une libert\u00e9 de ton pr\u00e9serv\u00e9e, qui font d\u2019elle une<br \/>\nanimatrice respect\u00e9e, influente et profond\u00e9ment ancr\u00e9e dans le<br \/>\nquotidien des Fran\u00e7ais depuis de nombreuses ann\u00e9es d\u00e9sormais.<\/p>\n<p>Maternit\u00e9, relation fusionnelle avec sa fille Alya<\/p>\n<p><strong>La maternit\u00e9<\/strong> occupe une place centrale dans la<br \/>\nvie de Karine Le Marchand. <strong>Maman d\u2019Alya<\/strong>, n\u00e9e en<br \/>\n2002, elle \u00e9voque souvent le lien puissant qui les unit. \u00c9lever sa<br \/>\nfille seule renforce son sentiment de responsabilit\u00e9 et son d\u00e9sir<br \/>\nde transmission. Discr\u00e8te sur la vie priv\u00e9e d\u2019Alya, elle prot\u00e8ge<br \/>\nfarouchement leur intimit\u00e9. Cette relation m\u00e8re-fille, nourrie de<br \/>\ndialogue et de respect, a profond\u00e9ment transform\u00e9 l\u2019animatrice.<br \/>\nElle confie que la maternit\u00e9 a red\u00e9fini ses priorit\u00e9s, influenc\u00e9<br \/>\nses choix professionnels et renforc\u00e9 son besoin d\u2019\u00e9quilibre, de<br \/>\nstabilit\u00e9 et de sens dans toutes les sph\u00e8res de sa vie<br \/>\nquotidienne.<\/p>\n<p>Bien-\u00eatre, sport, addictions et qu\u00eate d\u2019\u00e9quilibre<\/p>\n<p>Soucieuse de <strong>son bien-\u00eatre<\/strong>, <a href=\"https:\/\/www.pleinevie.fr\/loisirs\/celebrites\/je-mets-un-tiers-de-mes-revenus-de-cote-depuis-que-jai-17-ans-la-methode-de-karine-le-marchand-pour-ne-jamais-manquer-dargent-173850.html\" target=\"_blank\" rel=\"noopener\">Karine Le Marchand<\/a> entretient un<br \/>\nrapport lucide \u00e0 son corps. Adepte de running, elle fait de la<br \/>\ncourse \u00e0 pied un rituel quotidien, au point de cr\u00e9er l\u2019application<br \/>\nSlimesRun. L\u2019animatrice a aussi parl\u00e9 sans d\u00e9tour de ses<br \/>\n<strong>troubles alimentaires<\/strong> pass\u00e9s et de son addiction<br \/>\nau <a href=\"https:\/\/www.pleinevie.fr\/bien-etre-forme\/ca-calme-mes-envies-de-sucre-karine-le-marchand-56-ans-dit-adieu-aux-fringales-avec-ce-complement-naturel-les-experts-confirment-ses-effets-166278.html\" target=\"_blank\" rel=\"noopener\">chocolat<\/a>. Pour s\u2019en lib\u00e9rer,<br \/>\nelle a eu recours \u00e0 l\u2019hypnose, une m\u00e9thode qu\u2019elle d\u00e9fend<br \/>\naujourd\u2019hui ouvertement. \u00c0 travers ses confidences, Karine transmet<br \/>\nun message d\u2019acceptation de soi et d\u2019\u00e9quilibre, rappelant que m\u00eame<br \/>\nles personnalit\u00e9s publiques traversent des fragilit\u00e9s invisibles et<br \/>\ndoivent apprendre \u00e0 prendre soin d\u2019elles-m\u00eames durablement.<\/p>\n","protected":false},"excerpt":{"rendered":"Figure incontournable du paysage audiovisuel fran\u00e7ais, Karine Le Marchand est bien plus que l\u2019animatrice souriante de L\u2019amour est&hellip;\n","protected":false},"author":2,"featured_media":682797,"comment_status":"","ping_status":"","sticky":false,"template":"","format":"standard","meta":{"footnotes":""},"categories":[1359],"tags":[930,78011,1764,17488,1193,58,1719,59,1011,27,1787,78010,16285,50534,5261,973,746,78009,3356,3585,4568],"class_list":{"0":"post-682796","1":"post","2":"type-post","3":"status-publish","4":"format-standard","5":"has-post-thumbnail","7":"category-people","8":"tag-le","9":"tag-78011","10":"tag-ans","11":"tag-ce","12":"tag-couple","13":"tag-divertissement","14":"tag-enfants","15":"tag-entertainment","16":"tag-fr","17":"tag-france","18":"tag-karine","19":"tag-marchand","20":"tag-ne","21":"tag-origines","22":"tag-pas","23":"tag-people","24":"tag-que","25":"tag-savez","26":"tag-sur","27":"tag-tout","28":"tag-vous"},"share_on_mastodon":{"url":"https:\/\/pubeurope.com\/@fr\/115942211401216944","error":""},"_links":{"self":[{"href":"https:\/\/www.europesays.com\/fr\/wp-json\/wp\/v2\/posts\/682796","targetHints":{"allow":["GET"]}}],"collection":[{"href":"https:\/\/www.europesays.com\/fr\/wp-json\/wp\/v2\/posts"}],"about":[{"href":"https:\/\/www.europesays.com\/fr\/wp-json\/wp\/v2\/types\/post"}],"author":[{"embeddable":true,"href":"https:\/\/www.europesays.com\/fr\/wp-json\/wp\/v2\/users\/2"}],"replies":[{"embeddable":true,"href":"https:\/\/www.europesays.com\/fr\/wp-json\/wp\/v2\/comments?post=682796"}],"version-history":[{"count":0,"href":"https:\/\/www.europesays.com\/fr\/wp-json\/wp\/v2\/posts\/682796\/revisions"}],"wp:featuredmedia":[{"embeddable":true,"href":"https:\/\/www.europesays.com\/fr\/wp-json\/wp\/v2\/media\/682797"}],"wp:attachment":[{"href":"https:\/\/www.europesays.com\/fr\/wp-json\/wp\/v2\/media?parent=682796"}],"wp:term":[{"taxonomy":"category","embeddable":true,"href":"https:\/\/www.europesays.com\/fr\/wp-json\/wp\/v2\/categories?post=682796"},{"taxonomy":"post_tag","embeddable":true,"href":"https:\/\/www.europesays.com\/fr\/wp-json\/wp\/v2\/tags?post=682796"}],"curies":[{"name":"wp","href":"https:\/\/api.w.org\/{rel}","templated":true}]}}