{"id":682868,"date":"2026-01-23T03:56:53","date_gmt":"2026-01-23T03:56:53","guid":{"rendered":"https:\/\/www.europesays.com\/fr\/682868\/"},"modified":"2026-01-23T03:56:53","modified_gmt":"2026-01-23T03:56:53","slug":"radio-en-ile-de-france-france-inter-reste-en-tete-nova-en-progression","status":"publish","type":"post","link":"https:\/\/www.europesays.com\/fr\/682868\/","title":{"rendered":"Radio en \u00cele-de-France : France Inter reste en t\u00eate, Nova en progression"},"content":{"rendered":"<p>M\u00e9diam\u00e9trie a publi\u00e9 les r\u00e9sultats d\u2019audience de la<a target=\"_blank\" rel=\"noopener\" href=\"https:\/\/fr.themedialeader.com\/radio-en-ile-de-france-france-inter-reste-en-tete\/\"> Radio en \u00cele-de-France<\/a> sur la p\u00e9riode allant du 27 octobre au 21 d\u00e9cembre 2025, mesur\u00e9e aupr\u00e8s de 4 335 personnes \u00e2g\u00e9es de 13 ans et plus.<\/p>\n<p>Les stations g\u00e9n\u00e9ralistes<\/p>\n<p>Elles totalisent 28,9% d\u2019audience cumul\u00e9e et 40,8% de part d\u2019audience. France Inter confirme une fois encore sa position de leader, avec 13,6% d\u2019audience et 16,8% de part d\u2019audience. RTL avec 7,9% d\u2019audience, mais recule en part d\u2019audience, qui tombe \u00e0 10,2%, (vs 10,6% sept-oct 2025). Europe 1 remonte vs la vague pr\u00e9c\u00e9dente avec 6,1% contre 5,6% d\u2019audience en sept-oct 2025. Tout comme RMC, qui affiche 5,5% contre 5,1% d\u2019audience<\/p>\n<p>Les radios musicales<\/p>\n<p>Elles repr\u00e9sentent 21,2% d\u2019audience cumul\u00e9e. Skyrock se distingue nettement et enregistre une progression sur cette p\u00e9riode compar\u00e9 \u00e0 la vague pr\u00e9c\u00e9dente, avec 5,1% contre 4,8% d\u2019audience, mais en baisse par rapport \u00e0 novembre-d\u00e9cembre 2024 (5,6%). Radio Nova marque la plus grande progression avec 3,6% d\u2019audience sur cette vague, soit plus d\u2019un point vs la vague pr\u00e9c\u00e9dente (2,5%) et +1,5 point versus novembre-d\u00e9cembre 2024 (2,1%).<br \/>NRJ affiche 2,9% d\u2019audience contre 3,8% l\u2019ann\u00e9e pr\u00e9c\u00e9dente.<br \/>Nostalgie suit avec 2,8% d\u2019audience contre 3,9% l\u2019ann\u00e9e pr\u00e9c\u00e9dente et 3,5% sur la vague pr\u00e9c\u00e9dente.<\/p>\n<p>Les stations th\u00e9matiques<\/p>\n<p>Elles atteignent 17,4% d\u2019audience cumul\u00e9e, en baisse par rapport \u00e0 l\u2019an dernier (18,4%). France Info affiche une baisse avec 10% d\u2019audience contre 12% il y a un an.<\/p>\n<p>France Culture suit avec 4,3% d\u2019audience, en progression compar\u00e9e aux vagues pr\u00e9c\u00e9dentes. Radio Classique reste stable avec 2,7% d\u2019audience.<br \/>Les stations locales totalisent 17,4% d\u2019audience cumul\u00e9e, en progression compar\u00e9 aux vagues pr\u00e9c\u00e9dentes (14,9% en sept).<br \/>FIP s\u2019impose comme la plus performante du groupe avec 2,8% d\u2019audience, en progression vs la vague pr\u00e9c\u00e9dente et stable comparativement \u00e0 la vague de novembre-d\u00e9cembre 2024. TSF Jazz confirme sa stabilit\u00e9 \u00e0 1,4%.<\/p>\n<p><img loading=\"lazy\" decoding=\"async\" class=\"alignnone wp-image-209281 size-full\" src=\"https:\/\/www.europesays.com\/fr\/wp-content\/uploads\/2026\/01\/Capture-decran-2026-01-21-a-10.49.44.png\" alt=\"\" width=\"1392\" height=\"1540\"  \/><\/p>\n<p>\u00a0<\/p>\n","protected":false},"excerpt":{"rendered":"M\u00e9diam\u00e9trie a publi\u00e9 les r\u00e9sultats d\u2019audience de la Radio en \u00cele-de-France sur la p\u00e9riode allant du 27 octobre&hellip;\n","protected":false},"author":2,"featured_media":682869,"comment_status":"","ping_status":"","sticky":false,"template":"","format":"standard","meta":{"footnotes":""},"categories":[1592],"tags":[1111,11,4298,1777,674,1011,27,662,12,626,25],"class_list":{"0":"post-682868","1":"post","2":"type-post","3":"status-publish","4":"format-standard","5":"has-post-thumbnail","7":"category-ile-de-france","8":"tag-actu","9":"tag-actualites","10":"tag-chiffres","11":"tag-eu","12":"tag-europe","13":"tag-fr","14":"tag-france","15":"tag-ile-de-france","16":"tag-news","17":"tag-paris","18":"tag-republique-francaise"},"share_on_mastodon":{"url":"https:\/\/pubeurope.com\/@fr\/115942407740290254","error":""},"_links":{"self":[{"href":"https:\/\/www.europesays.com\/fr\/wp-json\/wp\/v2\/posts\/682868","targetHints":{"allow":["GET"]}}],"collection":[{"href":"https:\/\/www.europesays.com\/fr\/wp-json\/wp\/v2\/posts"}],"about":[{"href":"https:\/\/www.europesays.com\/fr\/wp-json\/wp\/v2\/types\/post"}],"author":[{"embeddable":true,"href":"https:\/\/www.europesays.com\/fr\/wp-json\/wp\/v2\/users\/2"}],"replies":[{"embeddable":true,"href":"https:\/\/www.europesays.com\/fr\/wp-json\/wp\/v2\/comments?post=682868"}],"version-history":[{"count":0,"href":"https:\/\/www.europesays.com\/fr\/wp-json\/wp\/v2\/posts\/682868\/revisions"}],"wp:featuredmedia":[{"embeddable":true,"href":"https:\/\/www.europesays.com\/fr\/wp-json\/wp\/v2\/media\/682869"}],"wp:attachment":[{"href":"https:\/\/www.europesays.com\/fr\/wp-json\/wp\/v2\/media?parent=682868"}],"wp:term":[{"taxonomy":"category","embeddable":true,"href":"https:\/\/www.europesays.com\/fr\/wp-json\/wp\/v2\/categories?post=682868"},{"taxonomy":"post_tag","embeddable":true,"href":"https:\/\/www.europesays.com\/fr\/wp-json\/wp\/v2\/tags?post=682868"}],"curies":[{"name":"wp","href":"https:\/\/api.w.org\/{rel}","templated":true}]}}