{"id":682878,"date":"2026-01-23T04:02:11","date_gmt":"2026-01-23T04:02:11","guid":{"rendered":"https:\/\/www.europesays.com\/fr\/682878\/"},"modified":"2026-01-23T04:02:11","modified_gmt":"2026-01-23T04:02:11","slug":"premier-russie-ukraine-etats-unis-tiennent-des-negociations-trilaterales-a-abou-dhabi-pour-mettre-fin-a-la-guerre","status":"publish","type":"post","link":"https:\/\/www.europesays.com\/fr\/682878\/","title":{"rendered":"Premier ! Russie-Ukraine-\u00c9tats-Unis tiennent des n\u00e9gociations trilat\u00e9rales \u00e0 Abou Dhabi pour mettre fin \u00e0 la guerre"},"content":{"rendered":"<p>JAKARTA &#8211; Le pre\u0301sident ukrainien Volodymyr Zelensky a de\u0301clare\u0301 jeudi que des de\u0301le\u0301gations ukrainiennes, russes et e\u0301tat-uniens se rencontreront pour la premi\u0300re fois en troi\u0302le a\u0300 Abou Dhabi, dans les E\u0301mirats arabes unis (EAU), vendredi et samedi.<\/p>\n<p>Le pr\u00e9sident Zelensky a fait cette annonce lors d&rsquo;un discours dans le cadre du Forum \u00e9conomique mondial (WEF) \u00e0 Davos, en Suisse.<\/p>\n<p>\u00ab Maintenant, ils se dirigent vers Moscou, et mon \u00e9quipe parlera avec les repr\u00e9sentants des \u00c9tats-Unis. Ce sera la premi\u00e8re rencontre \u00e0 trois parties dans les \u00c9mirats, demain et apr\u00e8s-demain. J&rsquo;esp\u00e8re que les \u00c9mirats arabes unis le sauront, car les Am\u00e9ricains aiment g\u00e9n\u00e9ralement surprendre tout le monde, mais cette rencontre doit avoir lieu \u00bb, a expliqu\u00e9 le pr\u00e9sident Zelensky, rapporte Anadolu (23\/).<\/p>\n<p>En ce qui concerne son entretien avec le pr\u00e9sident am\u00e9ricain Donald Trump, le pr\u00e9sident Zelensky a dit que la rencontre avait \u00ab bien fonctionn\u00e9 \u00bb et que les documents sur la fin de la guerre \u00e9taient presque termin\u00e9s.<\/p>\n<p>\u00ab Je souhaite vraiment que la Russie soit pr\u00eate \u00e0 faire des compromis, car ce ne sont pas seulement les Ukrainiens qui doivent \u00eatre pr\u00eats \u00e0 faire des compromis \u00bb, a-t-il ajout\u00e9.<\/p>\n<p>Le pr\u00e9sident Zelensky lui-m\u00eame n\u2019a pas donn\u00e9 de d\u00e9tails plus pr\u00e9cis, comme le moment ou le nombre de d\u00e9l\u00e9gu\u00e9s \u00e0 la r\u00e9union \u00e0 Abou Dhabi, mais a d\u00e9clar\u00e9 : \u00ab Peut-\u00eatre que la r\u00e9union n\u2019aura pas lieu imm\u00e9diatement, peut-\u00eatre que nous devrons attendre. Mais demain et apr\u00e8s-demain, nous avons pr\u00e9vu une r\u00e9union tripartite. C\u2019est mieux que l\u2019absence de dialogue du tout. \u00bb<\/p>\n<p>Parall\u00e8lement, un responsable de la Maison-Blanche a confirme\u0301 a\u0300 Anadolu sous le sceau de l\u2019anonymat que les discussions se tiendraient a\u0300 Abou Dhabi vendredi et samedi.<\/p>\n<p>Auparavant, le porte-parole du Kremlin, Dmitri Peskov, a confirme\u0301 le jour meme\u0301 le plan du pre\u0301sident Vladimir Poutine de rencontrer des repre\u0301sentants des E\u0301tats-Unis jeudi soir.<\/p>\n<p>En attendant, l\u2019envoy\u00e9 sp\u00e9cial des \u00c9tats-Unis Steve Witkoff a dit qu\u2019il et le beau-fils du pr\u00e9sident am\u00e9ricain Jared Kushner se rendraient \u00e0 Moscou jeudi soir et se rendraient ensuite directement \u00e0 Abou Dhabi, o\u00f9 le groupe de travail est pr\u00e9vu.<\/p>\n<p>The English, Chinese, Japanese, Arabic, and French versions are automatically generated by the AI. So there may still be inaccuracies in translating, please always see Indonesian as our main language.<br \/>\n                                    (system supported by DigitalSiber.id)<\/p>\n","protected":false},"excerpt":{"rendered":"JAKARTA &#8211; Le pre\u0301sident ukrainien Volodymyr Zelensky a de\u0301clare\u0301 jeudi que des de\u0301le\u0301gations ukrainiennes, russes et e\u0301tat-uniens se&hellip;\n","protected":false},"author":2,"featured_media":682879,"comment_status":"","ping_status":"","sticky":false,"template":"","format":"standard","meta":{"footnotes":""},"categories":[1591],"tags":[78021,11,75,7714,73,1887,12416,14,77275,12,8013,1885,1886,132,22241,135,134],"class_list":{"0":"post-682878","1":"post","2":"type-post","3":"status-publish","4":"format-standard","5":"has-post-thumbnail","7":"category-russie","8":"tag-abou-dhabi","9":"tag-actualites","10":"tag-donald-trump","11":"tag-emirats-arabes-unis","12":"tag-etats-unis","13":"tag-federation-de-russie","14":"tag-guerre-russe-ukrainienne","15":"tag-international","16":"tag-negociations-russo-ukrainiennes","17":"tag-news","18":"tag-russe","19":"tag-russia","20":"tag-russian-federation","21":"tag-russie","22":"tag-ukrainien","23":"tag-vladimir-poutine","24":"tag-volodymyr-zelensky"},"share_on_mastodon":{"url":"https:\/\/pubeurope.com\/@fr\/115942427405311693","error":""},"_links":{"self":[{"href":"https:\/\/www.europesays.com\/fr\/wp-json\/wp\/v2\/posts\/682878","targetHints":{"allow":["GET"]}}],"collection":[{"href":"https:\/\/www.europesays.com\/fr\/wp-json\/wp\/v2\/posts"}],"about":[{"href":"https:\/\/www.europesays.com\/fr\/wp-json\/wp\/v2\/types\/post"}],"author":[{"embeddable":true,"href":"https:\/\/www.europesays.com\/fr\/wp-json\/wp\/v2\/users\/2"}],"replies":[{"embeddable":true,"href":"https:\/\/www.europesays.com\/fr\/wp-json\/wp\/v2\/comments?post=682878"}],"version-history":[{"count":0,"href":"https:\/\/www.europesays.com\/fr\/wp-json\/wp\/v2\/posts\/682878\/revisions"}],"wp:featuredmedia":[{"embeddable":true,"href":"https:\/\/www.europesays.com\/fr\/wp-json\/wp\/v2\/media\/682879"}],"wp:attachment":[{"href":"https:\/\/www.europesays.com\/fr\/wp-json\/wp\/v2\/media?parent=682878"}],"wp:term":[{"taxonomy":"category","embeddable":true,"href":"https:\/\/www.europesays.com\/fr\/wp-json\/wp\/v2\/categories?post=682878"},{"taxonomy":"post_tag","embeddable":true,"href":"https:\/\/www.europesays.com\/fr\/wp-json\/wp\/v2\/tags?post=682878"}],"curies":[{"name":"wp","href":"https:\/\/api.w.org\/{rel}","templated":true}]}}