{"id":682882,"date":"2026-01-23T04:04:24","date_gmt":"2026-01-23T04:04:24","guid":{"rendered":"https:\/\/www.europesays.com\/fr\/682882\/"},"modified":"2026-01-23T04:04:24","modified_gmt":"2026-01-23T04:04:24","slug":"tiktok-annonce-creer-une-co-entreprise-aux-etats-unis-pour-y-eviter-son-interdiction","status":"publish","type":"post","link":"https:\/\/www.europesays.com\/fr\/682882\/","title":{"rendered":"TikTok annonce cr\u00e9er une co-entreprise aux Etats-Unis pour y \u00e9viter son interdiction"},"content":{"rendered":"<p>Cette nouvelle structure servira plus de 200 millions d&rsquo;utilisateurs, tout en mettant en oeuvre des garanties strictes en mati\u00e8re de protection des donn\u00e9es, de s\u00e9curit\u00e9 des algorithmes et de mod\u00e9ration des contenus, a assur\u00e9 la plateforme dans un communiqu\u00e9.<\/p>\n<p>Sa cr\u00e9ation r\u00e9pond \u00e0 une loi adopt\u00e9e sous le mandat de l&rsquo;ancien pr\u00e9sident d\u00e9mocrate Joe Biden, obligeant ByteDance, le propri\u00e9taire chinois de TikTok, \u00e0 c\u00e9der le contr\u00f4le de ses activit\u00e9s aux Etats-Unis sous peine d&rsquo;y \u00eatre interdit.<\/p>\n<p>Le pr\u00e9sident am\u00e9ricain Donald Trump a salu\u00e9 cet \u00e9pilogue et le r\u00f4le jou\u00e9 selon lui par son homologue chinois Xi Jinping.<\/p>\n<p>\u00ab\u00a0Je suis tellement heureux d&rsquo;avoir aid\u00e9 \u00e0 sauver TikTok!\u00a0\u00bb, a-t-il \u00e9crit sur son r\u00e9seau Truth Social, affirmant que le r\u00e9seau \u00ab\u00a0appartient d\u00e9sormais \u00e0 un groupe de grands patriotes et investisseurs am\u00e9ricains\u00a0\u00bb.<\/p>\n<p>\u00ab\u00a0Je voudrais aussi remercier le pr\u00e9sident chinois Xi d&rsquo;avoir travaill\u00e9 avec nous et, en fin de compte, approuv\u00e9 l&rsquo;accord. Il aurait pu faire le contraire, mais il ne l&rsquo;a pas fait, et nous lui en sommes reconnaissants\u00a0\u00bb, a-t-il ajout\u00e9.<\/p>\n<p>Donald Trump avait repouss\u00e9 \u00e0 plusieurs reprises la date butoir pour cette mise en conformit\u00e9 de TikTok, qui avait \u00e9t\u00e9 fix\u00e9e pour la derni\u00e8re fois \u00e0 vendredi. Le r\u00e9seau social avait annonc\u00e9 en d\u00e9cembre avoir sign\u00e9 un accord permettant de cr\u00e9er la co-entreprise am\u00e9ricaine exig\u00e9e par la loi.<\/p>\n<p>&#8211; ByteDance garde 19,9% &#8211;<\/p>\n<p>Cette derni\u00e8re sera d\u00e9tenue par une majorit\u00e9 d&rsquo;investisseurs am\u00e9ricains. Les soci\u00e9t\u00e9s Silver Lake et Oracle d\u00e9teindront notamment 15% des parts chacune, ainsi que le fonds MGX, bas\u00e9 \u00e0 Abou Dhabi.<\/p>\n<p>Le montant de la transaction n&rsquo;a pas \u00e9t\u00e9 r\u00e9v\u00e9l\u00e9. L&rsquo;an pass\u00e9, le vice-pr\u00e9sident am\u00e9ricain JD Vance avait \u00e9valu\u00e9 la valorisation de TikTok USA \u00e0 14 milliards de dollars, un montant jug\u00e9 tr\u00e8s sous-\u00e9valu\u00e9 par les experts.<\/p>\n<p>Parmi les investisseurs figurent plusieurs riches soutiens du pr\u00e9sident am\u00e9ricain Donald Trump, qui avait d\u00e9fini les contours de la nouvelle structure dans un d\u00e9cret publi\u00e9 en septembre, \u00e0 l&rsquo;instar de Larry Ellison, d&rsquo;Oracle.<\/p>\n<p><img alt=\"Le stand de TikTok au Forum \u00e9conomique mondial \u00e0 Davos, en Suisse, le 19 janvier 2026\" loading=\"lazy\" decoding=\"async\" data-nimg=\"fill\" class=\" TwicCore_img__i9TC1 undefined  undefined\" style=\"position:absolute;height:100%;width:100%;left:0;top:0;right:0;bottom:0;color:transparent;background-size:cover;background-position:50% 50%;background-repeat:no-repeat;background-image:url(&quot;data:image\/svg+xml;charset=utf-8,%3Csvg xmlns='http:\/\/www.w3.org\/2000\/svg' %3E%3Cfilter id='b' color-interpolation-filters='sRGB'%3E%3CfeGaussianBlur stdDeviation='20'\/%3E%3CfeColorMatrix values='1 0 0 0 0 0 1 0 0 0 0 0 1 0 0 0 0 0 100 -1' result='s'\/%3E%3CfeFlood x='0' y='0' width='100%25' height='100%25'\/%3E%3CfeComposite operator='out' in='s'\/%3E%3CfeComposite in2='SourceGraphic'\/%3E%3CfeGaussianBlur stdDeviation='20'\/%3E%3C\/filter%3E%3Cimage width='100%25' height='100%25' x='0' y='0' preserveAspectRatio='none' style='filter: url(%23b);' href='data:image\/webp;base64,UklGRjYDAABXRUJQVlA4ICoDAABwOwCdASpYAjMBPkkkkEYipC2hIHHIYbAJCWlu4XY+BNqD18Y8NfsAGklspy5cuXLly5cuXLly5cuXLly5cuXLly5cuXLly5cuXLly5cuXLly5cuXLly5cuXLly5cuXLly5cuXLly5cuXLly5cuXLly5cOmSMpCYAqxrZTly5cuXLlb+kGzWSu8K3E1y5cuXLly5cuXLly586rC9hJ59veBEwBVjWynLly5cuXLug2VFzeerXpFBoE1DzVqRnK9boVWdU5uGOkJgCrGtlOXLl3LvfxUZpxwRcmsj79wb4EbKlE\/r22O42hBnpQFwx0hMAVY1spy4YzRxqGxu6c2HW2qsf0YBKFRSEwBVjWynLly5cuaOzYEbNk92seqt0qoLUhMAVY1spy5crUBhXE756j\/F5H4PuLhYztBdg85f1XvYrGtlOXLly5cuXLly8BqjFLIyVJAdajjWODMD9LlVAXDHSEwBVjWynLly9tbE8pMCyjcR7xcMdITAFWNbKcuXLly+D+fa3VF4N6KxrZTly5cuXLly5cuXLly5cuXLly5cuXLly5cuXLly5cuXLly5cuXLly5cuXLly5cuXLly5cuXLly5cuXLly5cuXLly5cuXLly5cuXLly5cuXLly5cuXLhAAAP7\/oF7\/uk\/U\/0X960XRsIAEB2AAAAAAN70kr1HHyAOX3hkoohV27A67FGK7ZDJxBrJxh4Ojbr\/WDeEfz\/7o3pHj59TQ8XGsQUhr3sN7hFK2Jryx8ktgST6T5ReQQ3\/8iFy18d24oI\/ehYDZRlXUy0Kupe8Eo1oGLy7EtnzszCA7wOSYi2TuBOTEajrI03t4X5RtPEfwApDODep6IxUiWEqwc10ClsN9PiXJYP\/ftxQ4kB\/fvVojv0hPD+UslrCvnBMHKjiIKuNWc2UVssi9Sc7OFkej4bXkVzuyn3wK6aai9cjlMoDj0aFvX1cABgc2Kb52QF9UStQKG7NBnYzqQyNQam2c8hYLfhjPkZw8Wtbagqpsowi5hfki1bc1bmdFsUiBCz012jpiep8diCSRABf4vizRKv35xIIAoAAAAAAAAAAAAAA='\/%3E%3C\/svg%3E&quot;)\"   src=\"https:\/\/www.europesays.com\/fr\/wp-content\/uploads\/2026\/01\/d584f0006d12a8a329f91249e3da380b8d72567b.jpg\"\/>Le stand de TikTok au Forum \u00e9conomique mondial \u00e0 Davos, en Suisse, le 19 janvier 2026 PHOTO AFP \/ INA FASSBENDER<\/p>\n<p>Ce g\u00e9ant technologique sera notamment charg\u00e9 de stocker les donn\u00e9es des utilisateurs am\u00e9ricains dans son cloud s\u00e9curis\u00e9, selon TikTok.<\/p>\n<p>La soci\u00e9t\u00e9 d&rsquo;investissement Silver Lake Partners ou le groupe informatique Dell font \u00e9galement partie des investisseurs. <\/p>\n<p>ByteDance conserve pour sa part une participation de 19,9% dans la coentreprise, restant ainsi en dessous du seuil de 20% fix\u00e9 par la loi.<\/p>\n<p>Selon TikTok, la structure fonctionnera comme \u00ab\u00a0une entit\u00e9 ind\u00e9pendante\u00a0\u00bb dirig\u00e9e par un conseil d&rsquo;administration de sept membres majoritairement am\u00e9ricains, incluant le directeur g\u00e9n\u00e9ral de la plateforme, Shou Chew, et des dirigeants de grands fonds d&rsquo;investissement.<\/p>\n<p>En revanche, TikTok conservera le contr\u00f4le aux Etats-Unis de ses services charg\u00e9s de ses activit\u00e9s commerciales (publicit\u00e9, vente en ligne, communication, etc) et de \u00ab\u00a0l&rsquo;interop\u00e9rabilit\u00e9 mondiale\u00a0\u00bb du r\u00e9seau social.<\/p>\n<p>La loi adopt\u00e9e au printemps 2024 par le Congr\u00e8s am\u00e9ricain visait \u00e0 emp\u00eacher que les autorit\u00e9s chinoises puissent mettre la main sur des donn\u00e9es personnelles d&rsquo;utilisateurs de TikTok aux \u00c9tats-Unis, ou ne soient en mesure d&rsquo;influencer l&rsquo;opinion am\u00e9ricaine via le puissant algorithme du r\u00e9seau social de courtes vid\u00e9os.<\/p>\n<p>TikTok a admis que des employ\u00e9s bas\u00e9s en Chine avaient eu acc\u00e8s \u00e0 des donn\u00e9es d&rsquo;utilisateurs am\u00e9ricains, mais a toujours d\u00e9menti les avoir communiqu\u00e9es au gouvernement chinois.<\/p>\n","protected":false},"excerpt":{"rendered":"Cette nouvelle structure servira plus de 200 millions d&rsquo;utilisateurs, tout en mettant en oeuvre des garanties strictes en&hellip;\n","protected":false},"author":2,"featured_media":682883,"comment_status":"","ping_status":"","sticky":false,"template":"","format":"standard","meta":{"footnotes":""},"categories":[1589],"tags":[5734,11,2562,1007,78022,1812,73,1866,329,12,2439,96,1864,1865,1863,308],"class_list":{"0":"post-682882","1":"post","2":"type-post","3":"status-publish","4":"format-standard","5":"has-post-thumbnail","7":"category-etats-unis","8":"tag-5734","9":"tag-actualites","10":"tag-annonce","11":"tag-aux","12":"tag-co-entreprise","13":"tag-creer","14":"tag-etats-unis","15":"tag-etats-unis-damerique","16":"tag-france-monde","17":"tag-news","18":"tag-tiktok","19":"tag-une","20":"tag-united-states","21":"tag-united-states-of-america","22":"tag-us","23":"tag-usa"},"share_on_mastodon":{"url":"https:\/\/pubeurope.com\/@fr\/115942435375652194","error":""},"_links":{"self":[{"href":"https:\/\/www.europesays.com\/fr\/wp-json\/wp\/v2\/posts\/682882","targetHints":{"allow":["GET"]}}],"collection":[{"href":"https:\/\/www.europesays.com\/fr\/wp-json\/wp\/v2\/posts"}],"about":[{"href":"https:\/\/www.europesays.com\/fr\/wp-json\/wp\/v2\/types\/post"}],"author":[{"embeddable":true,"href":"https:\/\/www.europesays.com\/fr\/wp-json\/wp\/v2\/users\/2"}],"replies":[{"embeddable":true,"href":"https:\/\/www.europesays.com\/fr\/wp-json\/wp\/v2\/comments?post=682882"}],"version-history":[{"count":0,"href":"https:\/\/www.europesays.com\/fr\/wp-json\/wp\/v2\/posts\/682882\/revisions"}],"wp:featuredmedia":[{"embeddable":true,"href":"https:\/\/www.europesays.com\/fr\/wp-json\/wp\/v2\/media\/682883"}],"wp:attachment":[{"href":"https:\/\/www.europesays.com\/fr\/wp-json\/wp\/v2\/media?parent=682882"}],"wp:term":[{"taxonomy":"category","embeddable":true,"href":"https:\/\/www.europesays.com\/fr\/wp-json\/wp\/v2\/categories?post=682882"},{"taxonomy":"post_tag","embeddable":true,"href":"https:\/\/www.europesays.com\/fr\/wp-json\/wp\/v2\/tags?post=682882"}],"curies":[{"name":"wp","href":"https:\/\/api.w.org\/{rel}","templated":true}]}}