{"id":682886,"date":"2026-01-23T04:06:32","date_gmt":"2026-01-23T04:06:32","guid":{"rendered":"https:\/\/www.europesays.com\/fr\/682886\/"},"modified":"2026-01-23T04:06:32","modified_gmt":"2026-01-23T04:06:32","slug":"friedrich-merz-a-davos-menacer-de-conquerir-un-pays-europeen-par-la-force-est-inacceptable","status":"publish","type":"post","link":"https:\/\/www.europesays.com\/fr\/682886\/","title":{"rendered":"Friedrich Merz \u00e0 Davos : menacer de conqu\u00e9rir un pays europ\u00e9en par la force est \u00ab\u00a0inacceptable\u00a0\u00bb"},"content":{"rendered":"<p>Le chancelier allemand Friedrich Merz a ouvert son discours de Davos par un diagnostic : l&rsquo;ordre mondial marqu\u00e9 par les \u00c9tats-Unis se dissout de plus en plus, le monde est entr\u00e9 dans une \u00ab\u00a0\u00e8re de la politique des grandes puissances\u00a0\u00bb. Selon Merz, ce nouveau monde se construit sur la puissance, la force et, si n\u00e9cessaire, la violence.<\/p>\n<p>Mais il a \u00e9galement soulign\u00e9 que l&rsquo;Europe n&rsquo;\u00e9tait pas \u00e0 la merci de cette \u00e9volution et qu&rsquo;elle pouvait contribuer \u00e0 la fa\u00e7onner. Le chancelier s&rsquo;adresse ici explicitement \u00e0 l&rsquo;\u00e9lite \u00e9conomique internationale : l&rsquo;Europe et l&rsquo;Allemagne ont \u00ab\u00a0compris le message\u00a0\u00bb et doivent d\u00e9sormais agir avec d\u00e9termination.<\/p>\n<p>Merz salue l&rsquo;inflexion de Trump &#8211; mais trace des lignes rouges<\/p>\n<p>Dans son discours, Merz a \u00e9galement fait r\u00e9f\u00e9rence \u00e0 la r\u00e9cente escalade du conflit autour du Groenland et aux relations avec le pr\u00e9sident am\u00e9ricain Donald Trump. Il a certes salu\u00e9 le fait que Trump ait c\u00e9d\u00e9 apr\u00e8s un premier accord dans le conflit du Groenland (\u00ab\u00a0c&rsquo;est la bonne voie\u00a0\u00bb), mais il a \u00e9t\u00e9 tr\u00e8s clair : toute menace d&rsquo;envahir le territoire europ\u00e9en par la force est inacceptable.<\/p>\n<p>Sa mise en garde contre une spirale tarifaire a \u00e9t\u00e9 tout aussi claire : selon lui, de nouveaux droits de douane saperaient les fondements des relations transatlantiques &#8211; l&rsquo;Europe y r\u00e9agira \u00ab\u00a0de mani\u00e8re unie, calme, appropri\u00e9e et forte\u00a0\u00bb.<\/p>\n<p>Merz a li\u00e9 le complexe du Groenland \u00e0 un argument de politique de s\u00e9curit\u00e9 plus large : dans un monde o\u00f9 les grandes puissances d\u00e9limitent des zones d&rsquo;influence, l&rsquo;Europe doit renforcer sa capacit\u00e9 de d\u00e9fense, mais en m\u00eame temps ne pas mettre en jeu \u00e0 la l\u00e9g\u00e8re son alliance avec les \u00c9tats-Unis.<\/p>\n<p>Il a plaid\u00e9 pour que le partenariat transatlantique ne soit pas \u00ab\u00a0pr\u00e9matur\u00e9ment mis de c\u00f4t\u00e9\u00a0\u00bb et a soulign\u00e9 le r\u00f4le de l&rsquo;OTAN en tant qu&rsquo;ancre de s\u00e9curit\u00e9 reposant sur la confiance. Dans le m\u00eame temps, il a mis l&rsquo;accent sur le \u00ab\u00a0Grand Nord\u00a0\u00bb en tant qu&rsquo;espace strat\u00e9gique et a annonc\u00e9 que l&rsquo;Allemagne soutiendrait davantage le Danemark et le Groenland et contribuerait davantage, avec ses alli\u00e9s, \u00e0 la protection contre les menaces russes.<\/p>\n<p>L&rsquo;agenda de Merz pour l&rsquo;UE : autod\u00e9fense, plus de croissance<\/p>\n<p>Sur le plan du contenu, Merz en a tir\u00e9 un agenda de travail europ\u00e9en : l&rsquo;Ukraine doit continuer \u00e0 \u00eatre soutenue afin qu&rsquo;une \u00ab\u00a0paix juste\u00a0\u00bb soit possible. L&rsquo;Europe doit en outre \u00eatre en mesure de se d\u00e9fendre elle-m\u00eame &#8211; Merz associe cela \u00e0 l&rsquo;exigence d&rsquo;investir massivement dans sa propre s\u00e9curit\u00e9.<\/p>\n<p>Troisi\u00e8me priorit\u00e9 : r\u00e9duire les d\u00e9pendances qui rendent l&rsquo;Europe vuln\u00e9rable &#8211; une le\u00e7on tir\u00e9e des r\u00e9centes crises, qui va des questions \u00e9nerg\u00e9tiques aux cha\u00eenes d&rsquo;approvisionnement et aux technologies critiques.<\/p>\n<p>Quatri\u00e8mement, l&rsquo;UE doit s&rsquo;assurer que son \u00e9conomie puisse exploiter son \u00ab\u00a0plein potentiel\u00a0\u00bb ; Merz formule cela comme une double strat\u00e9gie, car pour lui, la comp\u00e9titivit\u00e9 et la force d&rsquo;influence g\u00e9opolitique vont de pair.<\/p>\n<p>Le Mercosur, un test de r\u00e9sistance pour la politique commerciale europ\u00e9enne<\/p>\n<p>Merz a \u00e9galement \u00e9t\u00e9 tr\u00e8s clair sur le th\u00e8me du libre-\u00e9change : il a pr\u00e9sent\u00e9 l&rsquo;accord Mercosur comme un levier central pour plus de croissance et l&rsquo;a qualifi\u00e9 de \u00ab\u00a0juste et \u00e9quilibr\u00e9\u00a0\u00bb. Dans le m\u00eame temps, il a critiqu\u00e9 le Parlement europ\u00e9en, qui a <a href=\"https:\/\/de.euronews.com\/2026\/01\/21\/brandmauer-mercosur-grune-linke-stimmen-mit-afd\" target=\"_blank\" rel=\"noopener\">l<\/a>anc\u00e9 un examen juridique par la Cour de justice europ\u00e9enne &#8211; un autre obstacle, selon lui, qui freine l&rsquo;Europe dans une phase de d\u00e9placement du pouvoir mondial.<\/p>\n<p>Le message de Merz au public de Davos : l&rsquo;Europe ne se laissera pas arr\u00eater par de tels revers, mais cherchera activement de nouveaux partenariats &#8211; il a mentionn\u00e9 dans ce contexte des discussions en direction de l&rsquo;Inde ainsi que d&rsquo;autres accords avec le Mexique et l&rsquo;Indon\u00e9sie par exemple.<\/p>\n<p>\u00ab\u00a0Champion du monde de la surr\u00e9glementation\u00a0\u00bb : Merz demande un frein d&rsquo;urgence \u00e0 la bureaucratie<\/p>\n<p>Sur le plan de la politique int\u00e9rieure, Merz a mis l&rsquo;accent sur le th\u00e8me de la r\u00e9glementation : l&rsquo;Allemagne et l&rsquo;Europe ont gaspill\u00e9 \u00ab\u00a0un potentiel de croissance incroyable\u00a0\u00bb parce que les r\u00e9formes ont \u00e9t\u00e9 retard\u00e9es ; l&rsquo;UE est devenue \u00ab\u00a0la championne du monde de la surr\u00e9glementation\u00a0\u00bb.<\/p>\n<p>Comme contre-recette, Merz pr\u00e9conise une sorte de frein d&rsquo;urgence \u00e0 la bureaucratie et \u00e0 la l\u00e9gislation ainsi qu&rsquo;un budget europ\u00e9en modernis\u00e9. Pour cela, il a formul\u00e9 des recommandations en collaboration avec la Premi\u00e8re ministre italienne Giorgia Meloni.<\/p>\n<p>Il a fait r\u00e9f\u00e9rence \u00e0 un sommet europ\u00e9en sp\u00e9cial le 12 f\u00e9vrier, lors duquel les chefs d&rsquo;\u00c9tat et de gouvernement doivent discuter de mesures visant \u00e0 renforcer la comp\u00e9titivit\u00e9.<\/p>\n<p>\u00c0 la fin de son discours, Merz a \u00e9voqu\u00e9 une ligne de gouvernement qui associe s\u00e9curit\u00e9, comp\u00e9titivit\u00e9 et unit\u00e9 europ\u00e9enne.<\/p>\n<p>L&rsquo;Allemagne devrait y jouer un r\u00f4le cl\u00e9 et contribuer activement \u00e0 fa\u00e7onner le \u00ab\u00a0destin de l&rsquo;UE\u00a0\u00bb &#8211; sans alarmisme, mais avec l&rsquo;ambition de r\u00e9pondre de mani\u00e8re structur\u00e9e et \u00e0 long terme aux exigences des temps nouveaux. Son message principal reste donc le m\u00eame : Le monde se durcit, mais l&rsquo;Europe peut \u00eatre capable d&rsquo;agir si elle s&rsquo;arme militairement, \u00e9conomiquement et politiquement en m\u00eame temps.<\/p>\n<p>Selon les plans actuels, Merz se rendra directement apr\u00e8s son discours de Davos au sommet de l&rsquo;UE \u00e0 Bruxelles &#8211; o\u00f9 les discussions sur le conflit au Groenland doivent notamment se poursuivre.<\/p>\n","protected":false},"excerpt":{"rendered":"Le chancelier allemand Friedrich Merz a ouvert son discours de Davos par un diagnostic : l&rsquo;ordre mondial marqu\u00e9&hellip;\n","protected":false},"author":2,"featured_media":682887,"comment_status":"","ping_status":"","sticky":false,"template":"","format":"standard","meta":{"footnotes":""},"categories":[1587],"tags":[11,672,1804,32440,1805,1803,73,1777,674,77891,4710,1801,12,1802],"class_list":{"0":"post-682886","1":"post","2":"type-post","3":"status-publish","4":"format-standard","5":"has-post-thumbnail","7":"category-allemagne","8":"tag-actualites","9":"tag-allemagne","10":"tag-bundesrepublik-deutschland","11":"tag-davos","12":"tag-de","13":"tag-deutschland","14":"tag-etats-unis","15":"tag-eu","16":"tag-europe","17":"tag-forum-economique-mondial","18":"tag-friedrich-merz","19":"tag-germany","20":"tag-news","21":"tag-republique-federale-dallemagne"},"share_on_mastodon":{"url":"https:\/\/pubeurope.com\/@fr\/115942443170674188","error":""},"_links":{"self":[{"href":"https:\/\/www.europesays.com\/fr\/wp-json\/wp\/v2\/posts\/682886","targetHints":{"allow":["GET"]}}],"collection":[{"href":"https:\/\/www.europesays.com\/fr\/wp-json\/wp\/v2\/posts"}],"about":[{"href":"https:\/\/www.europesays.com\/fr\/wp-json\/wp\/v2\/types\/post"}],"author":[{"embeddable":true,"href":"https:\/\/www.europesays.com\/fr\/wp-json\/wp\/v2\/users\/2"}],"replies":[{"embeddable":true,"href":"https:\/\/www.europesays.com\/fr\/wp-json\/wp\/v2\/comments?post=682886"}],"version-history":[{"count":0,"href":"https:\/\/www.europesays.com\/fr\/wp-json\/wp\/v2\/posts\/682886\/revisions"}],"wp:featuredmedia":[{"embeddable":true,"href":"https:\/\/www.europesays.com\/fr\/wp-json\/wp\/v2\/media\/682887"}],"wp:attachment":[{"href":"https:\/\/www.europesays.com\/fr\/wp-json\/wp\/v2\/media?parent=682886"}],"wp:term":[{"taxonomy":"category","embeddable":true,"href":"https:\/\/www.europesays.com\/fr\/wp-json\/wp\/v2\/categories?post=682886"},{"taxonomy":"post_tag","embeddable":true,"href":"https:\/\/www.europesays.com\/fr\/wp-json\/wp\/v2\/tags?post=682886"}],"curies":[{"name":"wp","href":"https:\/\/api.w.org\/{rel}","templated":true}]}}