{"id":682908,"date":"2026-01-23T04:22:22","date_gmt":"2026-01-23T04:22:22","guid":{"rendered":"https:\/\/www.europesays.com\/fr\/682908\/"},"modified":"2026-01-23T04:22:22","modified_gmt":"2026-01-23T04:22:22","slug":"une-expo-photo-ou-le-public-joue-avec-ses-propres-souvenirs","status":"publish","type":"post","link":"https:\/\/www.europesays.com\/fr\/682908\/","title":{"rendered":"une expo photo o\u00f9 le public joue avec ses propres souvenirs"},"content":{"rendered":"<p>Publi\u00e9 par Soizick David, le 21 Janvier 2026 \u00e0 15:36<\/p>\n<p itemprop=\"description\" class=\"chapo\">Un an apr\u00e8s l\u2019ouverture de sa galerie Ar Men Du avenue de la R\u00e9publique, Laurence Le Hire organise du 23 janvier au 8 f\u00e9vrier une expo anniversaire de son travail personnel.<\/p>\n<p><img decoding=\"async\" src=\"https:\/\/www.europesays.com\/fr\/wp-content\/uploads\/2026\/01\/2026-01-21-saint-nazaire-une-expo-photo-ou-le-public-joue-avec-ses-propres-souvenirs.jpg\" class=\"img-fluid rounded-3\" alt=\"Saint-Nazaire : une expo photo o\u00f9 le public joue avec ses propres souvenirs\"\/><br \/>\nLaurence Le Hire dans sa galerie \u00e0 Saint-Nazaire \u00a9 SaintNazaireNews.fr<\/p>\n<p>\u00c0 l\u2019arri\u00e8re de la <a href=\"https:\/\/www.saintnazairenews.fr\/news\/saint-nazaire-la-nouvelle-galerie-ar-men-du-veut-donner-une-chance-a-tous-les-artistes\" target=\"_blank\" rel=\"noopener\">galerie Ar Men Du<\/a>, l\u2019atelier de Laurence Le Hire, discret comme une coulisse, est d\u00e9sormais am\u00e9nag\u00e9. Un an apr\u00e8s son ouverture avenue de la R\u00e9publique, \u00e0 Saint-Nazaire, Laurence Le Hire prend le temps de regarder le chemin parcouru\u2026 et invite le public \u00e0 faire de m\u00eame, \u00e0 travers une exposition po\u00e9tique et \u00e9motionnelle, con\u00e7ue comme une exp\u00e9rience, et intitul\u00e9e <a href=\"https:\/\/www.saintnazairenews.fr\/agenda\/2026-01-saint-nazaire-exposition-photo\" target=\"_blank\" rel=\"noopener\">\u201cLes Chemins de la M\u00e9moire\u201d<\/a>.<\/p>\n<p><strong>Une galerie qui a trouv\u00e9 son rythme<\/strong><\/p>\n<p>Artiste elle-m\u00eame, Laurence Le Hire aime partager l\u2019art et provoquer l\u2019\u00e9change. Mois apr\u00e8s mois, elle a construit une programmation guid\u00e9e par des th\u00e9matiques qui lui ont apport\u00e9 de la visibilit\u00e9, souvent gr\u00e2ce \u00e0 des collaborations. Lors de la <a href=\"https:\/\/www.saintnazairenews.fr\/news\/saint-nazaire-2-nuances-pour-2-expos-a-la-biennale-du-noir-et-blanc\" target=\"_blank\" rel=\"noopener\">Biennale du Noir et Blanc<\/a>, elle a notamment fait co\u00efncider son exposition avec celle du <a href=\"https:\/\/www.saintnazairenews.fr\/news\/saint-nazaire-le-dessin-de-presse-a-l-honneur-dans-une-exposition\" target=\"_blank\" rel=\"noopener\">Fort de Vill\u00e8s-Martin<\/a>, imaginant un parcours dans la ville, tr\u00e8s appr\u00e9ci\u00e9 des visiteurs. Autre temps fort, une exposition sur les livres d\u2019artiste, qui invitait conteuses et graveuses, a attir\u00e9 de nombreux curieux. Ou encore la participation d&rsquo;Ar Men Du au festival photo nantais QPN, une premi\u00e8re \u00e0 Saint-Nazaire qui lui a valu la venue de visiteurs nantais. Dans cette galerie, on croise peinture, sculpture, gravure, c\u00e9ramique, textile\u2026 Des artistes choisis<strong> <\/strong>\u00ab au feeling \u00bb nous confie Laurence. Elle avoue son go\u00fbt pour le monochrome, la douceur des teintes, et une certaine r\u00e9serve face aux couleurs vives. Une propension que l\u2019on retrouve aussi dans son travail personnel. Petit \u00e0 petit, les habitudes sont prises prennent. Des Nazairiens reviennent, repassent \u00ab juste pour voir \u00bb, et la galerie a gagn\u00e9 son pari et son public.<\/p>\n<p><strong>36 images, 36 mots, et une part de secret<\/strong><\/p>\n<p>L\u2019exposition pr\u00e9sent\u00e9e du 23 janvier au 8 f\u00e9vrier s\u2019intitule \u201cLes Chemins de la M\u00e9moire\u201d. D\u00e9j\u00e0 montr\u00e9e \u00e0 deux reprises \u00e0 Paris (au <strong>Couvent des Dominicains<\/strong> et au <strong>Salon d\u2019Art Contemporain<\/strong>, o\u00f9 elle a remport\u00e9 le <strong>prix de la photo<\/strong>) elle repose sur une installation de 36 visuels abstraits, n\u00e9s de d\u00e9tails photographi\u00e9s au fil des ann\u00e9es. Plut\u00f4t que de leur donner des titres, Laurence Le Hire les a num\u00e9rot\u00e9s. Le point de d\u00e9part de l&rsquo;exposition repose sur une phrase de Milan Kundera, extraite de L\u2019insoutenable l\u00e9g\u00e8ret\u00e9 de l\u2019\u00eatre : <strong>\u00ab <\/strong>Il semble qu&rsquo;il existe dans le cerveau une zone tout \u00e0 fait sp\u00e9cifique qu&rsquo;on pourrait appeler la m\u00e9moire po\u00e9tique et qui enregistre ce qui nous a charm\u00e9s, \u00e9mus, ce qui donne \u00e0 la vie toute sa beaut\u00e9 <strong>\u00bb. <\/strong>Et c\u2019est l\u00e0 que le public entre dans le jeu. 36 petits papiers, autant que de photos, portent chacun un mot choisi par l\u2019artiste. Le visiteur en pioche un, puis doit l\u2019associer \u00e0 l\u2019un des clich\u00e9s. Celui qui, dans sa m\u00e9moire, dans son ressenti du moment, \u201ccolle\u201d le mieux \u00e0 ce mot. \u00ab On per\u00e7oit une image \u00e0 partir d\u2019une \u00e9motion du moment. Elle sera per\u00e7ue diff\u00e9remment aujourd\u2019hui ou dans quelques jours \u00bb explique Laurence Le Hire. Une juxtaposition entre un mot et une image, entre ce que l\u2019on croit voir, et ce que l\u2019on se rappelle. Pour aller plus loin, elle a imagin\u00e9 des petites bo\u00eetes o\u00f9 chacun peut glisser une image devenue \u201cson secret de m\u00e9moire\u201d. C&rsquo;est une exposition sur le chemin pris par la m\u00e9moire, oui, mais aussi sur l&rsquo;\u00e9motion, et qui laisse, en sortant, l\u2019impression d\u2019avoir retrouv\u00e9 quelque chose\u2026 sans toujours savoir exactement quoi. Un livre sera tir\u00e9 de cette exposition, dont les b\u00e9n\u00e9fices iront \u00e0 la recherche sur Alzheimer. La galerie Ar Men Du participera \u00e9galement \u00e0 <a href=\"https:\/\/www.saintnazairenews.fr\/news\/saint-nazaire-emeline-photographie-celles-et-ceux-qui-ont-tourne-le-dos-a-la-plage\" target=\"_blank\" rel=\"noopener\">l&rsquo;\u00e9dition 2026 du festival Cargo<\/a>.<\/p>\n<p>Les Chemins de la M\u00e9moire \u2022 Galerie Ar Men Du \u2022 118, avenue de la R\u00e9publique \u00e0 Saint-Nazaire \u2022 Du vendredi 23 janvier au mardi 3 f\u00e9vrier 2026 \u2022 Vernissage le vendredi 23 janvier \u00e0 partir de 18h \u2022 Entr\u00e9e libre \u2022 Renseignements au 06 30 18 74 08<\/p>\n","protected":false},"excerpt":{"rendered":"Publi\u00e9 par Soizick David, le 21 Janvier 2026 \u00e0 15:36 Un an apr\u00e8s l\u2019ouverture de sa galerie Ar&hellip;\n","protected":false},"author":2,"featured_media":682909,"comment_status":"","ping_status":"","sticky":false,"template":"","format":"standard","meta":{"footnotes":""},"categories":[1358],"tags":[11,3723,1348,1384,1385,1386,58,59,1011,27,1114,13694,12,3213],"class_list":{"0":"post-682908","1":"post","2":"type-post","3":"status-publish","4":"format-standard","5":"has-post-thumbnail","7":"category-arts-et-design","8":"tag-actualites","9":"tag-actus","10":"tag-arts","11":"tag-arts-and-design","12":"tag-arts-et-design","13":"tag-design","14":"tag-divertissement","15":"tag-entertainment","16":"tag-fr","17":"tag-france","18":"tag-infos","19":"tag-nazaire","20":"tag-news","21":"tag-saint"},"share_on_mastodon":{"url":"https:\/\/pubeurope.com\/@fr\/115942506073697179","error":""},"_links":{"self":[{"href":"https:\/\/www.europesays.com\/fr\/wp-json\/wp\/v2\/posts\/682908","targetHints":{"allow":["GET"]}}],"collection":[{"href":"https:\/\/www.europesays.com\/fr\/wp-json\/wp\/v2\/posts"}],"about":[{"href":"https:\/\/www.europesays.com\/fr\/wp-json\/wp\/v2\/types\/post"}],"author":[{"embeddable":true,"href":"https:\/\/www.europesays.com\/fr\/wp-json\/wp\/v2\/users\/2"}],"replies":[{"embeddable":true,"href":"https:\/\/www.europesays.com\/fr\/wp-json\/wp\/v2\/comments?post=682908"}],"version-history":[{"count":0,"href":"https:\/\/www.europesays.com\/fr\/wp-json\/wp\/v2\/posts\/682908\/revisions"}],"wp:featuredmedia":[{"embeddable":true,"href":"https:\/\/www.europesays.com\/fr\/wp-json\/wp\/v2\/media\/682909"}],"wp:attachment":[{"href":"https:\/\/www.europesays.com\/fr\/wp-json\/wp\/v2\/media?parent=682908"}],"wp:term":[{"taxonomy":"category","embeddable":true,"href":"https:\/\/www.europesays.com\/fr\/wp-json\/wp\/v2\/categories?post=682908"},{"taxonomy":"post_tag","embeddable":true,"href":"https:\/\/www.europesays.com\/fr\/wp-json\/wp\/v2\/tags?post=682908"}],"curies":[{"name":"wp","href":"https:\/\/api.w.org\/{rel}","templated":true}]}}