{"id":682919,"date":"2026-01-23T04:29:15","date_gmt":"2026-01-23T04:29:15","guid":{"rendered":"https:\/\/www.europesays.com\/fr\/682919\/"},"modified":"2026-01-23T04:29:15","modified_gmt":"2026-01-23T04:29:15","slug":"le-23-janvier-sara-se-fait-at","status":"publish","type":"post","link":"https:\/\/www.europesays.com\/fr\/682919\/","title":{"rendered":"le 23 janvier, Sara se fait at &#8230;"},"content":{"rendered":"<p>EN BREF<\/p>\n<ul class=\"bloc_resume_post_list\">\n<li>Dans l\u00a0\u00bb\u00e9pisode du 23 janvier de Demain nous appartient,<br \/>\nSara se fait agresser en pleine rue en secourant une jeune<br \/>\nfemme.<\/li>\n<li>Apr\u00e8s \u00eatre sortie de l&rsquo;h\u00f4pital, elle croise \u00e0 nouveau la<br \/>\njeune femme qui s&rsquo;est fait agresser juste avant elle et l&rsquo;invite \u00e0<br \/>\ndormir chez elle et Roxane.<\/li>\n<li>Pendant ce temps, Chlo\u00e9 essaie de recoller les morceaux<br \/>\navec Rapha\u00eblle, sans succ\u00e8s&#8230;<\/li>\n<\/ul>\n<p>Dans l\u2019\u00e9pisode de Demain nous appartient diffus\u00e9 le vendredi 23<br \/>\njanvier sur <a href=\"https:\/\/www.tf1.fr\/\" rel=\"nofollow noopener\" target=\"_blank\">TF1<\/a>,<br \/>\nSara (Camille Genau) vient en aide \u00e0 une myst\u00e9rieuse jeune femme<br \/>\nblonde, Vahina (Andr\u00e9a Furet), qui s\u2019est fait agresser. Seulement<br \/>\nquand la polici\u00e8re s\u2019approche d\u2019elle pour lui demander si tout va<br \/>\nbien, elle se fait \u00e0 son tour agresser et assommer. <strong>C\u2019est \u00e0<br \/>\nl\u2019h\u00f4pital que Sara se r\u00e9veille face tandis que William (Kamel<br \/>\nBelghazi) explique \u00e0 Vahina qu\u2019elle a une commotion<\/strong> et<br \/>\nqu\u2019elle a perdu connaissance. Le m\u00e9decin remercie Vahina d\u2019avoir<br \/>\namen\u00e9e Sara \u00e0 l\u2019h\u00f4pital mais quand Roxane (Rapha\u00eble Volkoff)<br \/>\nd\u00e9barque et qu\u2019elle souhaite lui parler, ils constatent qu\u2019elle a<br \/>\ndisparu.<\/p>\n<p>Retrouvant sa femme dans sa chambre, Roxane s\u2019assure que tout va<br \/>\nbien avant de lui demander ce qu\u2019il s\u2019est pass\u00e9e. Elle est surprise<br \/>\nd\u2019apprendre que Vahina n\u2019a pas mentionn\u00e9 sa propre agression \u00e0<br \/>\nWilliam et se demande si elle ne pourrait pas \u00eatre la complice de<br \/>\nl\u2019agresseur, mais Sara n\u2019y croit pas. Plus tard, Bart (Hector<br \/>\nLangevin) arrive \u00e0 l\u2019h\u00f4pital pour accompagner Sara \u00e0 la sortie et<br \/>\nils tombent sur Vahina. Elle affirme qu\u2019elle ne connaissait pas son<br \/>\nagresseur et ne sait pas ce qu\u2019il s\u2019est pass\u00e9. Pour la remercier de<br \/>\nl\u2019avoir amen\u00e9e \u00e0 l\u2019h\u00f4pital, <strong>Sara l\u2019invite \u00e0 prendre un<br \/>\nverre au Spoon avec Roxane<\/strong>. Questionn\u00e9e par cette derni\u00e8re<br \/>\ntoujours un peu sceptique, la jeune femme blonde explique que<br \/>\nl\u2019agresseur a sans doute voulu lui voler son sac.<\/p>\n<p>Sara et Roxane font une rencontre \u00e9trange dans Demain nous<br \/>\nappartient<\/p>\n<p>Elle se montre r\u00e9ticente \u00e0 l\u2019id\u00e9e d\u2019entamer une proc\u00e9dure, et<br \/>\nquand Sara ajoute qu\u2019elle compte bien porter plainte, elle trouve<br \/>\nune excuse pour s\u2019en aller &#8211; mais pas avant que la polici\u00e8re ait pu<br \/>\nprendre son num\u00e9ro. Le soir venu tandis que Roxane et Sara<br \/>\nrentrent, elles tombent par hasard sur Vahina. Cette derni\u00e8re<br \/>\nattend le bus apr\u00e8s avoir \u00e9t\u00e9 expuls\u00e9e par son coloc mais elle ne<br \/>\nsait pas trop o\u00f9 aller. <strong>Sara l\u2019invite imm\u00e9diatement \u00e0<br \/>\ndormir chez elles<\/strong>, chose dont sa femme aurait bien voulu<br \/>\ndiscuter avant comme elle le souligne une fois qu\u2019elles sont toutes<br \/>\nrentr\u00e9es. Leur discussion est cependant interrompue par un bruit de<br \/>\nverre bris\u00e9 : leur invit\u00e9e a fait tomber le cadre avec leur photo<br \/>\nde mariage et il s\u2019est cass\u00e9\u2026<\/p>\n<p>Ailleurs \u00e0 S\u00e8te, Gabriel (Martin Mille) et les autres pr\u00e9parent<br \/>\nla soir\u00e9e d\u2019anniversaire de Soraya (Kenza Sa\u00efb-Couton) tandis que<br \/>\nNoor (Sahelle de Figueiredo) s\u2019\u00e9tonne aupr\u00e8s de Soizic (Charlie<br \/>\nNune) d\u2019avoir re\u00e7u un message &#8211; tr\u00e8s bref &#8211; de Romain (Benjamin<br \/>\nBaffie) pour lui souhaiter son anniversaire. Le soir venu lors de<br \/>\nla soir\u00e9e, <strong>Noor est justement surprise de voir d\u00e9barquer<br \/>\nRomain<\/strong>, invit\u00e9 par Fred (Roby Schinasi). Bien qu\u2019il ait le<br \/>\nsentiment de s\u2019incruster \u00e0 la soir\u00e9e de Soraya, Romain a ramen\u00e9 un<br \/>\ncadeau \u00e0 Noor et cette derni\u00e8re n\u2019h\u00e9site pas \u00e0 le pousser dans ses<br \/>\nretranchements pour qu\u2019il passe la soir\u00e9e avec elle.<\/p>\n<p>Rapha\u00eblle en veut toujours \u00e0 Chlo\u00e9<\/p>\n<p>Enfin <a href=\"https:\/\/www.telestar.fr\/serie_tv\/demain-nous-appartient-en-avance-le-15-janvier-maud-risque-lamputation-et-rien-ne-va-plus-entre-raphaelle-et-chloe-1750925\" target=\"_blank\" rel=\"noopener\"><br \/>\ndu c\u00f4t\u00e9 de Chlo\u00e9 (Ingrid Chauvin) et Rapha\u00eblle (Jennifer Lauret),<br \/>\nles choses ne vont pas mieux<\/a>. Pour rendre service \u00e0 Bart<br \/>\n<a href=\"https:\/\/www.telestar.fr\/serie_tv\/demain-nous-appartient-en-avance-le-22-janvier-basile-est-arrete-pour-meurtre-et-erica-et-bart-franchissent-une-etape-1751588\" rel=\"noopener\" target=\"_blank\">concernant l&rsquo;arrestation de Basile<\/a>, <strong>Chlo\u00e9<br \/>\ndemande \u00e0 Rapha\u00eblle si elles peuvent se voir<\/strong>. Apr\u00e8s s\u2019\u00eatre<br \/>\nl\u00e9g\u00e8rement disput\u00e9e avec sa fille, Rapha\u00eblle accepte. Seulement<br \/>\nquand <a href=\"https:\/\/www.telestar.fr\/serie_tv\/exclu-demain-nous-appartient-un-ultime-evenement-la-relation-entre-chloe-et-raphaelle-au-plus-mal-1749908\" target=\"_blank\" rel=\"noopener\"><br \/>\nChlo\u00e9 lui demande si elle compte lui en vouloir encore<br \/>\nlongtemps<\/a> et ce qu\u2019elle aurait voulu qu\u2019elle fasse, le ton<br \/>\nmonte. Rapha\u00eblle r\u00e9plique qu\u2019elle n\u2019est pas m\u00e9decin et s\u2019en va,<br \/>\ntoujours furieuse\u2026<\/p>\n","protected":false},"excerpt":{"rendered":"EN BREF Dans l\u00a0\u00bb\u00e9pisode du 23 janvier de Demain nous appartient, Sara se fait agresser en pleine rue&hellip;\n","protected":false},"author":2,"featured_media":682920,"comment_status":"","ping_status":"","sticky":false,"template":"","format":"standard","meta":{"footnotes":""},"categories":[8],"tags":[548,3598,58,59,1011,27,65861],"class_list":{"0":"post-682919","1":"post","2":"type-post","3":"status-publish","4":"format-standard","5":"has-post-thumbnail","7":"category-divertissement","8":"tag-article-simple","9":"tag-demain-nous-appartient","10":"tag-divertissement","11":"tag-entertainment","12":"tag-fr","13":"tag-france","14":"tag-trend"},"share_on_mastodon":{"url":"https:\/\/pubeurope.com\/@fr\/115942533626130228","error":""},"_links":{"self":[{"href":"https:\/\/www.europesays.com\/fr\/wp-json\/wp\/v2\/posts\/682919","targetHints":{"allow":["GET"]}}],"collection":[{"href":"https:\/\/www.europesays.com\/fr\/wp-json\/wp\/v2\/posts"}],"about":[{"href":"https:\/\/www.europesays.com\/fr\/wp-json\/wp\/v2\/types\/post"}],"author":[{"embeddable":true,"href":"https:\/\/www.europesays.com\/fr\/wp-json\/wp\/v2\/users\/2"}],"replies":[{"embeddable":true,"href":"https:\/\/www.europesays.com\/fr\/wp-json\/wp\/v2\/comments?post=682919"}],"version-history":[{"count":0,"href":"https:\/\/www.europesays.com\/fr\/wp-json\/wp\/v2\/posts\/682919\/revisions"}],"wp:featuredmedia":[{"embeddable":true,"href":"https:\/\/www.europesays.com\/fr\/wp-json\/wp\/v2\/media\/682920"}],"wp:attachment":[{"href":"https:\/\/www.europesays.com\/fr\/wp-json\/wp\/v2\/media?parent=682919"}],"wp:term":[{"taxonomy":"category","embeddable":true,"href":"https:\/\/www.europesays.com\/fr\/wp-json\/wp\/v2\/categories?post=682919"},{"taxonomy":"post_tag","embeddable":true,"href":"https:\/\/www.europesays.com\/fr\/wp-json\/wp\/v2\/tags?post=682919"}],"curies":[{"name":"wp","href":"https:\/\/api.w.org\/{rel}","templated":true}]}}