{"id":682993,"date":"2026-01-23T05:14:11","date_gmt":"2026-01-23T05:14:11","guid":{"rendered":"https:\/\/www.europesays.com\/fr\/682993\/"},"modified":"2026-01-23T05:14:11","modified_gmt":"2026-01-23T05:14:11","slug":"en-direct-guerre-en-ukraine-reunion-trilaterale-entre-ukrainiens-russes-et-americains-ce-vendredi-a-abou-dabi","status":"publish","type":"post","link":"https:\/\/www.europesays.com\/fr\/682993\/","title":{"rendered":"EN DIRECT &#8211; Guerre en Ukraine : r\u00e9union trilat\u00e9rale entre Ukrainiens, Russes et Am\u00e9ricains ce vendredi \u00e0 Abou Dabi"},"content":{"rendered":"<p>Le Kremlin a annonc\u00e9 vendredi une r\u00e9union trilat\u00e9rale avec Ukrainiens et Am\u00e9ricains aux \u00c9mirats arabes unis dans la journ\u00e9e, apr\u00e8s une rencontre jug\u00e9e \u00ab\u00a0utile\u00a0\u00bb entre Vladimir Poutine et l&rsquo;\u00e9missaire am\u00e9ricain Steve Witkoff \u00e0 Moscou. \u00ab\u00a0Il a \u00e9t\u00e9 convenu que d\u00e9j\u00e0 aujourd&rsquo;hui, la premi\u00e8re r\u00e9union d&rsquo;un groupe de travail trilat\u00e9ral charg\u00e9 des questions de s\u00e9curit\u00e9 aura lieu \u00e0 Abou-Dhabi\u00a0\u00bb, a d\u00e9clar\u00e9 \u00e0 la presse le conseiller diplomatique du Kremlin, Iouri Ouchakov, soulignant que le rendez-vous entre MM. Poutine et Witkoff jeudi avait \u00e9t\u00e9 \u00ab\u00a0utile \u00e0 tous points de vue\u00a0\u00bb.<\/p>\n<p>Selon lui, la d\u00e9l\u00e9gation russe, men\u00e9e par le g\u00e9n\u00e9ral Igor Kostioukov, haut responsable de l&rsquo;\u00e9tat-major, \u00ab\u00a0se rendra dans les prochaines heures \u00e0 Abou-Dhabi\u00a0\u00bb. \u00ab\u00a0Les Am\u00e9ricains ont beaucoup fait pour pr\u00e9parer cette r\u00e9union et ils esp\u00e8rent qu&rsquo;elle sera un succ\u00e8s et ouvrira des perspectives pour avancer sur l&rsquo;ensemble de questions li\u00e9es \u00e0 la fin du conflit\u00a0\u00bb, a soulign\u00e9 M. Ouchakov.<\/p>\n<p>Par ailleurs, une rencontre consacr\u00e9e aux questions \u00e9conomiques aura lieu vendredi \u00e0 Abou-Dhabi entre Steve Witkoff et l&rsquo;\u00e9missaire du Kremlin aux questions \u00e9conomiques internationales, Kirill Dmitriev, a-t-il pr\u00e9cis\u00e9. \u00ab\u00a0Nous sommes sinc\u00e8rement int\u00e9ress\u00e9s \u00e0 un r\u00e8glement (du conflit) par les moyens politico-diplomatiques\u00a0\u00bb, a assur\u00e9 M. Ouchakov. \u00ab\u00a0Tant que ce n&rsquo;est pas encore le cas, la Russie va continuer d&rsquo;atteindre ses objectifs (&#8230;) sur le champ de bataille\u00a0\u00bb, a-t-il ajout\u00e9.<\/p>\n","protected":false},"excerpt":{"rendered":"Le Kremlin a annonc\u00e9 vendredi une r\u00e9union trilat\u00e9rale avec Ukrainiens et Am\u00e9ricains aux \u00c9mirats arabes unis dans la&hellip;\n","protected":false},"author":2,"featured_media":73527,"comment_status":"","ping_status":"","sticky":false,"template":"","format":"standard","meta":{"footnotes":""},"categories":[1590],"tags":[1111,11,1921,75,7714,73,1777,674,1922,12,132,220,77346,77345,133,1920,135,134],"class_list":{"0":"post-682993","1":"post","2":"type-post","3":"status-publish","4":"format-standard","5":"has-post-thumbnail","7":"category-ukraine","8":"tag-actu","9":"tag-actualites","10":"tag-article-video","11":"tag-donald-trump","12":"tag-emirats-arabes-unis","13":"tag-etats-unis","14":"tag-eu","15":"tag-europe","16":"tag-info","17":"tag-news","18":"tag-russie","19":"tag-ukraine","20":"tag-ukraine-vers-une-5-annee-de-guerre","21":"tag-ukraine-russie-des-discussions-de-paix-sous-tension","22":"tag-video","23":"tag-video-international","24":"tag-vladimir-poutine","25":"tag-volodymyr-zelensky"},"share_on_mastodon":{"url":"","error":""},"_links":{"self":[{"href":"https:\/\/www.europesays.com\/fr\/wp-json\/wp\/v2\/posts\/682993","targetHints":{"allow":["GET"]}}],"collection":[{"href":"https:\/\/www.europesays.com\/fr\/wp-json\/wp\/v2\/posts"}],"about":[{"href":"https:\/\/www.europesays.com\/fr\/wp-json\/wp\/v2\/types\/post"}],"author":[{"embeddable":true,"href":"https:\/\/www.europesays.com\/fr\/wp-json\/wp\/v2\/users\/2"}],"replies":[{"embeddable":true,"href":"https:\/\/www.europesays.com\/fr\/wp-json\/wp\/v2\/comments?post=682993"}],"version-history":[{"count":0,"href":"https:\/\/www.europesays.com\/fr\/wp-json\/wp\/v2\/posts\/682993\/revisions"}],"wp:featuredmedia":[{"embeddable":true,"href":"https:\/\/www.europesays.com\/fr\/wp-json\/wp\/v2\/media\/73527"}],"wp:attachment":[{"href":"https:\/\/www.europesays.com\/fr\/wp-json\/wp\/v2\/media?parent=682993"}],"wp:term":[{"taxonomy":"category","embeddable":true,"href":"https:\/\/www.europesays.com\/fr\/wp-json\/wp\/v2\/categories?post=682993"},{"taxonomy":"post_tag","embeddable":true,"href":"https:\/\/www.europesays.com\/fr\/wp-json\/wp\/v2\/tags?post=682993"}],"curies":[{"name":"wp","href":"https:\/\/api.w.org\/{rel}","templated":true}]}}