{"id":682994,"date":"2026-01-23T05:15:14","date_gmt":"2026-01-23T05:15:14","guid":{"rendered":"https:\/\/www.europesays.com\/fr\/682994\/"},"modified":"2026-01-23T05:15:14","modified_gmt":"2026-01-23T05:15:14","slug":"tensions-avec-la-police-de-limmigration-aux-usa-en-visite-au-minnesota-le-vice-president-jd-vance-defend-laction-de-la-police-ice","status":"publish","type":"post","link":"https:\/\/www.europesays.com\/fr\/682994\/","title":{"rendered":"Tensions avec la police de l&rsquo;immigration aux USA &#8211; En visite au Minnesota, le vice-pr\u00e9sident JD Vance d\u00e9fend l&rsquo;action de la police ICE"},"content":{"rendered":"<p class=\"ap-StoryElement ap-StoryElement--mb ap-StoryText\">La trentenaire, m\u00e8re de trois enfants, a \u00e9t\u00e9 abattue dans sa voiture. En se basant sur des vid\u00e9os, les manifestants, ainsi que les autorit\u00e9s locales d\u00e9mocrates, contestent la th\u00e8se officielle selon laquelle le policier (qui n&rsquo;a pas \u00e9t\u00e9 suspendu) \u00e9tait en \u00e9tat de l\u00e9gitime d\u00e9fense.<\/p>\n<p class=\"ap-StoryElement ap-StoryElement--mb ap-StoryText\">Par ailleurs, des m\u00e9dias am\u00e9ricains ont publi\u00e9 mercredi et jeudi la photo d&rsquo;un petit gar\u00e7on de cinq ans, arr\u00eat\u00e9 avec son p\u00e8re \u00e0 Minneapolis par l&rsquo;ICE et emmen\u00e9 dans un centre de r\u00e9tention au Texas, selon la presse. Il appara\u00eet, la mine d\u00e9confite, coiff\u00e9 d&rsquo;un bonnet bleu orn\u00e9 de deux oreilles de lapin, portant un sac \u00e0 dos tenu par une silhouette v\u00eatue de noir.<\/p>\n<p class=\"ap-StoryElement ap-StoryElement--mb ap-StoryText\">\u00ab\u00a0Le gar\u00e7on de cinq ans n&rsquo;a pas \u00e9t\u00e9 arr\u00eat\u00e9&#8230; son p\u00e8re est un immigr\u00e9 clandestin, et quand ils (la police de l&rsquo;immigration) sont venus l&rsquo;arr\u00eater, il s&rsquo;est enfui\u00a0\u00bb, a de son c\u00f4t\u00e9 affirm\u00e9 JD Vance.<\/p>\n<p><img loading=\"lazy\" decoding=\"async\" class=\"w-full lazyload lazyload--opacity object-contain\" style=\"aspect-ratio:160 \/ 100;opacity:1\" alt=\"Tensions avec la police de l'immigration aux USA - En visite au Minnesota, le vice-pr\u00e9sident JD Vance d\u00e9fend l'action de la police ICE\" width=\"512\" height=\"321\" fetchpriority=\"auto\" src=\"https:\/\/www.europesays.com\/fr\/wp-content\/uploads\/2025\/12\/1765951754_589_S5VKD3X55FFF3BW6V4SEHXNP7I.png\"  data- data-optimumx=\"1\"\/><img loading=\"lazy\" decoding=\"async\" class=\"w-full lazyload lazyload--opacity object-contain\" style=\"aspect-ratio:159 \/ 100;opacity:1\" alt=\"Tensions avec la police de l'immigration aux USA - En visite au Minnesota, le vice-pr\u00e9sident JD Vance d\u00e9fend l'action de la police ICE\" width=\"512\" height=\"323\" fetchpriority=\"auto\" src=\"https:\/\/www.europesays.com\/fr\/wp-content\/uploads\/2025\/12\/1765951754_589_S5VKD3X55FFF3BW6V4SEHXNP7I.png\"  data- data-optimumx=\"1\"\/><\/p>\n","protected":false},"excerpt":{"rendered":"La trentenaire, m\u00e8re de trois enfants, a \u00e9t\u00e9 abattue dans sa voiture. En se basant sur des vid\u00e9os,&hellip;\n","protected":false},"author":2,"featured_media":2837,"comment_status":"","ping_status":"","sticky":false,"template":"","format":"standard","meta":{"footnotes":""},"categories":[1589],"tags":[11,73,1866,1061,2088,12,1072,1864,1865,1863,308],"class_list":{"0":"post-682994","1":"post","2":"type-post","3":"status-publish","4":"format-standard","5":"has-post-thumbnail","7":"category-etats-unis","8":"tag-actualites","9":"tag-etats-unis","10":"tag-etats-unis-damerique","11":"tag-immigration","12":"tag-manifestation","13":"tag-news","14":"tag-police","15":"tag-united-states","16":"tag-united-states-of-america","17":"tag-us","18":"tag-usa"},"share_on_mastodon":{"url":"https:\/\/pubeurope.com\/@fr\/115942714580751693","error":""},"_links":{"self":[{"href":"https:\/\/www.europesays.com\/fr\/wp-json\/wp\/v2\/posts\/682994","targetHints":{"allow":["GET"]}}],"collection":[{"href":"https:\/\/www.europesays.com\/fr\/wp-json\/wp\/v2\/posts"}],"about":[{"href":"https:\/\/www.europesays.com\/fr\/wp-json\/wp\/v2\/types\/post"}],"author":[{"embeddable":true,"href":"https:\/\/www.europesays.com\/fr\/wp-json\/wp\/v2\/users\/2"}],"replies":[{"embeddable":true,"href":"https:\/\/www.europesays.com\/fr\/wp-json\/wp\/v2\/comments?post=682994"}],"version-history":[{"count":0,"href":"https:\/\/www.europesays.com\/fr\/wp-json\/wp\/v2\/posts\/682994\/revisions"}],"wp:featuredmedia":[{"embeddable":true,"href":"https:\/\/www.europesays.com\/fr\/wp-json\/wp\/v2\/media\/2837"}],"wp:attachment":[{"href":"https:\/\/www.europesays.com\/fr\/wp-json\/wp\/v2\/media?parent=682994"}],"wp:term":[{"taxonomy":"category","embeddable":true,"href":"https:\/\/www.europesays.com\/fr\/wp-json\/wp\/v2\/categories?post=682994"},{"taxonomy":"post_tag","embeddable":true,"href":"https:\/\/www.europesays.com\/fr\/wp-json\/wp\/v2\/tags?post=682994"}],"curies":[{"name":"wp","href":"https:\/\/api.w.org\/{rel}","templated":true}]}}