{"id":68300,"date":"2025-05-02T02:37:08","date_gmt":"2025-05-02T02:37:08","guid":{"rendered":"https:\/\/www.europesays.com\/fr\/68300\/"},"modified":"2025-05-02T02:37:08","modified_gmt":"2025-05-02T02:37:08","slug":"la-premiere-accusatrice-de-harvey-weinstein-temoigne-au-proces","status":"publish","type":"post","link":"https:\/\/www.europesays.com\/fr\/68300\/","title":{"rendered":"la premi\u00e8re accusatrice de Harvey Weinstein t\u00e9moigne au proc\u00e8s"},"content":{"rendered":"<p><strong>COMPTE RENDU D\u2019AUDIENCE<\/strong> &#8211; Depuis deux jours, Miriam Haley, 48 ans, est interrog\u00e9e devant la cour criminelle de Manhattan dans le cadre du nouveau proc\u00e8s pour viol et agressions sexuelles de l\u2019ex-roi de Hollywood.<\/p>\n<p class=\"fig-paragraph\">Harvey Weinstein est rest\u00e9 de marbre, secouant la t\u00eate. Ce mercredi 30 avril, l\u2019ancienne assistante de production Miriam Haley a racont\u00e9 aux jur\u00e9s l\u2019agression sexuelle qu\u2019elle aurait subie en 2006 de la part du c\u00e9l\u00e8bre producteur hollywoodien de 73 ans.<\/p>\n<p class=\"fig-paragraph\">Le magnat du cin\u00e9ma am\u00e9ricain l\u2019aurait immobilis\u00e9e sur un lit alors m\u00eame qu\u2019elle aurait cri\u00e9 \u00abnon, non, \u00e7a n\u2019arrivera pas\u00bb. Pour celle que la presse surnomme \u00abMimi\u00bb, ce jour-l\u00e0, \u00abl\u2019impensable se produisait\u00bb, a-t-elle d\u00e9clar\u00e9 \u00e0 la barre, les larmes aux yeux.<\/p>\n<p>\u00abJ\u2019ai r\u00e9alis\u00e9 qu\u2019il ne me prenait pas du tout au s\u00e9rieux\u00bb<\/p>\n<p class=\"fig-paragraph\">C\u2019est la premi\u00e8re fois que l\u2019une des trois accusatrices de Harvey Weinstein t\u00e9moigne depuis l\u2019annulation de sa condamnation \u00e0 23 ans de prison. En 2024, estimant que le proc\u00e8s de 2020 n\u2019avait pas \u00e9t\u00e9 \u00e9quitable, la plus haute juridiction de l\u2019\u00c9tat de New York avait r\u00e9clam\u00e9 la tenue d\u2019un nouveau proc\u00e8s. La cour d\u2019appel de New York avait, en effet, consid\u00e9r\u00e9 que le tribunal avait fait l\u2019erreur de laisser t\u00e9moigner des femmes qui accusaient Harvey Weinstein d\u2019agression sexuelle, sans pour autant\u2026<\/p>\n<p class=\"fig-premium-paywall__infos\">\n        Cet article est r\u00e9serv\u00e9 aux abonn\u00e9s.        Il vous reste 83% \u00e0 d\u00e9couvrir.\n    <\/p>\n<p>                <img  data- alt=\"Le Figaro\" class=\"fig-img--complete fig-img\"\/><\/p>\n<p class=\"fig-premium-paywall__title\">Je m&rsquo;informe, je m&rsquo;inspire, je m&rsquo;abonne.<\/p>\n<p class=\"fig-premium-paywall__subtitle\">D\u00e9couvrez notre offre de bienvenue.<\/p>\n<p class=\"fig-premium-paywall__connect\">\n                D\u00e9j\u00e0 abonn\u00e9\u00a0?                <a class=\"fig-premium-paywall__connect-link\" href=\"https:\/\/connect.lefigaro.fr\/login?client=horizon_web&amp;type=main&amp;redirect_uri=https%3A%2F%2Fwww.lefigaro.fr%2Ffaits-divers%2Fje-voulais-trouver-du-travail-la-premiere-accusatrice-de-harvey-weinstein-affirme-avoir-tente-de-tirer-un-benefice-de-son-viol-suppose-20250501\" data-js-gtm=\"{&quot;customCategorie&quot;: &quot;conversion&quot;, &quot;customAction&quot;: &quot;before_Landing_Connexion_paywall_auto&quot;, &quot;customLabel&quot;: &quot;bGVmaWdhcm8uZnJfXzFmMDI2NDI4LWY5NzAtNjJjMi1iZjBlLTU3MWE3Yzg0OWY4ZV9fTmV3c0ZsYXNo_\u00abJe me suis sentie humili\u00e9e\u00bb\u00a0: la premi\u00e8re accusatrice de Harvey Weinstein t\u00e9moigne au proc\u00e8s_490&quot;, &quot;customIDSPE&quot;: &quot;bGVmaWdhcm8uZnJfXzFmMDI2NDI4LWY5NzAtNjJjMi1iZjBlLTU3MWE3Yzg0OWY4ZV9fTmV3c0ZsYXNo&quot;, &quot;event&quot;: &quot;customEventSPE&quot;}\" target=\"_blank\" rel=\"noopener\"><br \/>\n                    Connectez-vous<br \/>\n                <\/a>\n            <\/p>\n","protected":false},"excerpt":{"rendered":"COMPTE RENDU D\u2019AUDIENCE &#8211; Depuis deux jours, Miriam Haley, 48 ans, est interrog\u00e9e devant la cour criminelle de&hellip;\n","protected":false},"author":2,"featured_media":68301,"comment_status":"","ping_status":"","sticky":false,"template":"","format":"standard","meta":{"footnotes":""},"categories":[8],"tags":[119,3694,271,2951,58,3695,59,3696,118,1011,27,8923,2825,1253,303,415,1072,2694,1265,2949],"class_list":{"0":"post-68300","1":"post","2":"type-post","3":"status-publish","4":"format-standard","5":"has-post-thumbnail","7":"category-divertissement","8":"tag-accident","9":"tag-affaires","10":"tag-crime","11":"tag-criminalite","12":"tag-divertissement","13":"tag-enquetes","14":"tag-entertainment","15":"tag-evenements","16":"tag-faits-divers","17":"tag-fr","18":"tag-france","19":"tag-harvey-weinstein","20":"tag-insecurite","21":"tag-islamisme","22":"tag-justice","23":"tag-new-york","24":"tag-police","25":"tag-proces","26":"tag-viol","27":"tag-violences"},"share_on_mastodon":{"url":"https:\/\/pubeurope.com\/@fr\/114435919315521090","error":""},"_links":{"self":[{"href":"https:\/\/www.europesays.com\/fr\/wp-json\/wp\/v2\/posts\/68300","targetHints":{"allow":["GET"]}}],"collection":[{"href":"https:\/\/www.europesays.com\/fr\/wp-json\/wp\/v2\/posts"}],"about":[{"href":"https:\/\/www.europesays.com\/fr\/wp-json\/wp\/v2\/types\/post"}],"author":[{"embeddable":true,"href":"https:\/\/www.europesays.com\/fr\/wp-json\/wp\/v2\/users\/2"}],"replies":[{"embeddable":true,"href":"https:\/\/www.europesays.com\/fr\/wp-json\/wp\/v2\/comments?post=68300"}],"version-history":[{"count":0,"href":"https:\/\/www.europesays.com\/fr\/wp-json\/wp\/v2\/posts\/68300\/revisions"}],"wp:featuredmedia":[{"embeddable":true,"href":"https:\/\/www.europesays.com\/fr\/wp-json\/wp\/v2\/media\/68301"}],"wp:attachment":[{"href":"https:\/\/www.europesays.com\/fr\/wp-json\/wp\/v2\/media?parent=68300"}],"wp:term":[{"taxonomy":"category","embeddable":true,"href":"https:\/\/www.europesays.com\/fr\/wp-json\/wp\/v2\/categories?post=68300"},{"taxonomy":"post_tag","embeddable":true,"href":"https:\/\/www.europesays.com\/fr\/wp-json\/wp\/v2\/tags?post=68300"}],"curies":[{"name":"wp","href":"https:\/\/api.w.org\/{rel}","templated":true}]}}