{"id":683105,"date":"2026-01-23T06:28:10","date_gmt":"2026-01-23T06:28:10","guid":{"rendered":"https:\/\/www.europesays.com\/fr\/683105\/"},"modified":"2026-01-23T06:28:10","modified_gmt":"2026-01-23T06:28:10","slug":"tiktok-annonce-creer-une-co-entreprise-aux-etats-unis-pour-y-eviter-son-interdiction-2","status":"publish","type":"post","link":"https:\/\/www.europesays.com\/fr\/683105\/","title":{"rendered":"TikTok annonce cr\u00e9er une co-entreprise aux Etats-Unis pour y \u00e9viter son interdiction"},"content":{"rendered":"<p>C&rsquo;est donc fait. TikTok a annonc\u00e9 jeudi soir avoir cr\u00e9\u00e9 une co-entreprise majoritairement d\u00e9tenue par des investisseurs am\u00e9ricains pour g\u00e9rer ses activit\u00e9s aux \u00c9tats-Unis, mettant fin \u00e0 une longue saga judiciaire qui mena\u00e7ait de conduire \u00e0 son interdiction dans le pays.<\/p>\n<p>Cette nouvelle structure servira plus de 200\u00a0millions d\u2019utilisateurs, tout en mettant en \u0153uvre des garanties strictes en mati\u00e8re de protection des donn\u00e9es, de s\u00e9curit\u00e9 des algorithmes et de mod\u00e9ration des contenus, a assur\u00e9 la plateforme dans un communiqu\u00e9.<\/p>\n<p>Sa cr\u00e9ation r\u00e9pond \u00e0 une loi adopt\u00e9e sous le mandat de l\u2019ancien pr\u00e9sident d\u00e9mocrate Joe Biden, obligeant ByteDance, le propri\u00e9taire chinois de TikTok, \u00e0 c\u00e9der le contr\u00f4le de ses activit\u00e9s aux \u00c9tats-Unis sous peine d\u2019y \u00eatre interdit.<\/p>\n<p>Donald Trump salue l&rsquo;accord&#13;\n<\/p>\n<p>Le pr\u00e9sident am\u00e9ricain Donald Trump a salu\u00e9 cet \u00e9pilogue et le r\u00f4le jou\u00e9 selon lui par son homologue chinois Xi Jinping. \u00ab\u202fJe suis tellement heureux d\u2019avoir aid\u00e9 \u00e0 sauver TikTok\u202f!\u202f\u00bb, a-t-il \u00e9crit sur son r\u00e9seau Truth Social, affirmant que le r\u00e9seau \u00ab\u202fappartient d\u00e9sormais \u00e0 un groupe de grands patriotes et investisseurs am\u00e9ricains\u202f\u00bb.<\/p>\n<p>\u00ab\u202fJe voudrais aussi remercier le pr\u00e9sident chinois Xi d\u2019avoir travaill\u00e9 avec nous et, en fin de compte, approuv\u00e9 l\u2019accord. Il aurait pu faire le contraire, mais il ne l\u2019a pas fait, et nous lui en sommes reconnaissants\u202f\u00bb, a-t-il ajout\u00e9.<\/p>\n<p>Donald Trump avait repouss\u00e9 \u00e0 plusieurs reprises la date butoir pour cette mise en conformit\u00e9 de TikTok, qui avait \u00e9t\u00e9 fix\u00e9e pour la derni\u00e8re fois \u00e0 vendredi. Le r\u00e9seau social avait annonc\u00e9 en d\u00e9cembre avoir sign\u00e9 un accord permettant de cr\u00e9er la co-entreprise am\u00e9ricaine exig\u00e9e par la loi.<\/p>\n<p>Une majorit\u00e9 d&rsquo;actionnaires am\u00e9ricains&#13;\n<\/p>\n<p>La nouvelle entit\u00e9 sera d\u00e9tenue par une majorit\u00e9 d\u2019investisseurs am\u00e9ricains. Les soci\u00e9t\u00e9s Silver Lake et Oracle d\u00e9teindront notamment 15\u202f% des parts chacune, ainsi que le fonds MGX, bas\u00e9 \u00e0 Abou Dhabi. Le montant de la transaction n\u2019a pas \u00e9t\u00e9 r\u00e9v\u00e9l\u00e9. L\u2019an pass\u00e9, le vice-pr\u00e9sident am\u00e9ricain JD Vance avait \u00e9valu\u00e9 la valorisation de TikTok USA \u00e0 14 milliards de dollars, un montant jug\u00e9 tr\u00e8s sous-\u00e9valu\u00e9 par les experts.<\/p>\n<p>Parmi les investisseurs figurent plusieurs riches soutiens du pr\u00e9sident am\u00e9ricain Donald Trump, qui avait d\u00e9fini les contours de la nouvelle structure dans un d\u00e9cret publi\u00e9 en septembre, \u00e0 l\u2019instar de Larry Ellison, d\u2019Oracle.<\/p>\n<p>Ce g\u00e9ant technologique sera notamment charg\u00e9 de stocker les donn\u00e9es des utilisateurs am\u00e9ricains dans son cloud s\u00e9curis\u00e9, selon TikTok.<\/p>\n<p>La soci\u00e9t\u00e9 d\u2019investissement Silver Lake Partners ou le groupe informatique Dell font \u00e9galement partie des investisseurs. ByteDance conserve pour sa part une participation de 19,9\u202f% dans la coentreprise, restant ainsi en dessous du seuil de 20\u202f% fix\u00e9 par la loi.<\/p>\n<p>Selon TikTok, la structure fonctionnera comme \u00ab\u202fune entit\u00e9 ind\u00e9pendante\u202f\u00bb dirig\u00e9e par un conseil d\u2019administration de sept membres majoritairement am\u00e9ricains, incluant le directeur g\u00e9n\u00e9ral de la plateforme, Shou Chew, et des dirigeants de grands fonds d\u2019investissement. En revanche, TikTok conservera le contr\u00f4le aux \u00c9tats-Unis de ses services charg\u00e9s de ses activit\u00e9s commerciales (publicit\u00e9, vente en ligne, communication, etc) et de \u00ab\u202fl\u2019interop\u00e9rabilit\u00e9 mondiale\u202f\u00bb du r\u00e9seau social.<\/p>\n<p>Tout est parti d&rsquo;une loi&#13;\n<\/p>\n<p>La loi adopt\u00e9e au printemps 2024 par le Congr\u00e8s am\u00e9ricain visait \u00e0 emp\u00eacher que les autorit\u00e9s chinoises puissent mettre la main sur des donn\u00e9es personnelles d\u2019utilisateurs de TikTok aux \u00c9tats-Unis, ou ne soient en mesure d\u2019influencer l\u2019opinion am\u00e9ricaine via le puissant algorithme du r\u00e9seau social de courtes vid\u00e9os.<\/p>\n<p>TikTok a admis que des employ\u00e9s bas\u00e9s en Chine avaient eu acc\u00e8s \u00e0 des donn\u00e9es d\u2019utilisateurs am\u00e9ricains, mais a toujours d\u00e9menti les avoir communiqu\u00e9es au gouvernement chinois.<\/p>\n","protected":false},"excerpt":{"rendered":"C&rsquo;est donc fait. TikTok a annonc\u00e9 jeudi soir avoir cr\u00e9\u00e9 une co-entreprise majoritairement d\u00e9tenue par des investisseurs am\u00e9ricains&hellip;\n","protected":false},"author":2,"featured_media":683106,"comment_status":"","ping_status":"","sticky":false,"template":"","format":"standard","meta":{"footnotes":""},"categories":[1589],"tags":[5734,11,2562,78022,1812,73,1866,7049,8205,12,57271,2439,1864,1865,1863,308],"class_list":{"0":"post-683105","1":"post","2":"type-post","3":"status-publish","4":"format-standard","5":"has-post-thumbnail","7":"category-etats-unis","8":"tag-5734","9":"tag-actualites","10":"tag-annonce","11":"tag-co-entreprise","12":"tag-creer","13":"tag-etats-unis","14":"tag-etats-unis-damerique","15":"tag-eviter","16":"tag-interdiction","17":"tag-news","18":"tag-tech-ia","19":"tag-tiktok","20":"tag-united-states","21":"tag-united-states-of-america","22":"tag-us","23":"tag-usa"},"share_on_mastodon":{"url":"https:\/\/pubeurope.com\/@fr\/115943001525240015","error":""},"_links":{"self":[{"href":"https:\/\/www.europesays.com\/fr\/wp-json\/wp\/v2\/posts\/683105","targetHints":{"allow":["GET"]}}],"collection":[{"href":"https:\/\/www.europesays.com\/fr\/wp-json\/wp\/v2\/posts"}],"about":[{"href":"https:\/\/www.europesays.com\/fr\/wp-json\/wp\/v2\/types\/post"}],"author":[{"embeddable":true,"href":"https:\/\/www.europesays.com\/fr\/wp-json\/wp\/v2\/users\/2"}],"replies":[{"embeddable":true,"href":"https:\/\/www.europesays.com\/fr\/wp-json\/wp\/v2\/comments?post=683105"}],"version-history":[{"count":0,"href":"https:\/\/www.europesays.com\/fr\/wp-json\/wp\/v2\/posts\/683105\/revisions"}],"wp:featuredmedia":[{"embeddable":true,"href":"https:\/\/www.europesays.com\/fr\/wp-json\/wp\/v2\/media\/683106"}],"wp:attachment":[{"href":"https:\/\/www.europesays.com\/fr\/wp-json\/wp\/v2\/media?parent=683105"}],"wp:term":[{"taxonomy":"category","embeddable":true,"href":"https:\/\/www.europesays.com\/fr\/wp-json\/wp\/v2\/categories?post=683105"},{"taxonomy":"post_tag","embeddable":true,"href":"https:\/\/www.europesays.com\/fr\/wp-json\/wp\/v2\/tags?post=683105"}],"curies":[{"name":"wp","href":"https:\/\/api.w.org\/{rel}","templated":true}]}}