{"id":68312,"date":"2025-05-02T02:46:26","date_gmt":"2025-05-02T02:46:26","guid":{"rendered":"https:\/\/www.europesays.com\/fr\/68312\/"},"modified":"2025-05-02T02:46:26","modified_gmt":"2025-05-02T02:46:26","slug":"2-200-personnes-dans-les-rues","status":"publish","type":"post","link":"https:\/\/www.europesays.com\/fr\/68312\/","title":{"rendered":"2\u00a0200 personnes dans les rues"},"content":{"rendered":"<p>\u00ab\u00a0D\u00e9noncer la mont\u00e9e des id\u00e9es d\u2019extr\u00eame droite qui ne visent qu\u2019\u00e0 opposer et diviser les travailleurs en fonction de leurs statuts ou de leurs origines\u00a0\u00bb, \u00ab\u00a0d\u00e9fendre la paix, la justice sociale, les services publics et les droits des travailleurs\u00a0\u00bb, \u00ab\u00a0exiger un retour de l\u2019\u00e2ge de la retraite \u00e0 62 ans\u00a0\u00bb, \u00ab\u00a0apporter son soutien aux Palestiniens et aux Ukrainiens\u00a0\u00bb\u2026<\/p>\n<p>La liste des revendications tr\u00e8s diverses exprim\u00e9es ce 1er-Mai dans les rues de Nancy avait des allures d\u2019inventaire \u00e0 la Pr\u00e9vert. R\u00e9pondant \u00e0 l\u2019appel des principales organisations syndicales et partis de gauche, 2\u00a0200 personnes rassembl\u00e9es sur la place Dombasle ont d\u00e9fil\u00e9 au centre-ville de Nancy pour rejoindre la place du Colonel-Driant, apr\u00e8s une prise de parole de Gautier Dardenne, secr\u00e9taire d\u00e9partemental de l\u2019Unef Lorraine.<\/p>\n<p>L\u2019\u00e9tudiant a commenc\u00e9 par appeler \u00e0 lutter \u00ab\u00a0contre toutes les formes de discriminations organis\u00e9es par les m\u00e9dias millionnaires\u00a0\u00bb, avant d\u2019exprimer \u00ab\u00a0notre solidarit\u00e9 avec les Ukrainiens, les Palestiniens\u00a0\u00bb et \u00ab\u00a0notre refus de travailler jusqu\u2019\u00e0 64 ans\u00a0\u00bb.<\/p>\n<p>  La question des salari\u00e9s de la MJC Pichon<\/p>\n<p>Le syndicat FO, qui organisait son festival JRT l\u2019apr\u00e8s-midi au parc Sainte-Marie, est venu exprimer des revendications plus sp\u00e9cifiques.<\/p>\n<p>\u00ab\u00a0Nous demandons de les aides vers\u00e9es aux entreprises soient conditionn\u00e9es au maintien de l\u2019emploi et que les salari\u00e9s de la <a href=\"https:\/\/www.estrepublicain.fr\/education\/2025\/04\/21\/la-mjc-pichon-pourrait-fermer-des-juin-prochain\" target=\"_blank\" rel=\"nofollow noopener\">MJC Pichon,<\/a> dont la fermeture est annonc\u00e9e d\u00e8s juin, soient repris par la municipalit\u00e9 de Nancy\u00a0\u00bb, souligne Fr\u00e9d\u00e9ric Nicolas, secr\u00e9taire g\u00e9n\u00e9ral de l\u2019union d\u00e9partementale de FO 54.<\/p>\n","protected":false},"excerpt":{"rendered":"\u00ab\u00a0D\u00e9noncer la mont\u00e9e des id\u00e9es d\u2019extr\u00eame droite qui ne visent qu\u2019\u00e0 opposer et diviser les travailleurs en fonction&hellip;\n","protected":false},"author":2,"featured_media":68313,"comment_status":"","ping_status":"","sticky":false,"template":"","format":"standard","meta":{"footnotes":""},"categories":[9635],"tags":[1111,11,1704,1777,674,1011,27,775,3457,1702,1703,12,25,801],"class_list":{"0":"post-68312","1":"post","2":"type-post","3":"status-publish","4":"format-standard","5":"has-post-thumbnail","7":"category-nancy","8":"tag-actu","9":"tag-actualites","10":"tag-edition-nancy-et-agglomeration","11":"tag-eu","12":"tag-europe","13":"tag-fr","14":"tag-france","15":"tag-grand-est","16":"tag-meurthe-et-moselle","17":"tag-nancy","18":"tag-nancy-ville-54b","19":"tag-news","20":"tag-republique-francaise","21":"tag-social"},"share_on_mastodon":{"url":"https:\/\/pubeurope.com\/@fr\/114435953945854267","error":""},"_links":{"self":[{"href":"https:\/\/www.europesays.com\/fr\/wp-json\/wp\/v2\/posts\/68312","targetHints":{"allow":["GET"]}}],"collection":[{"href":"https:\/\/www.europesays.com\/fr\/wp-json\/wp\/v2\/posts"}],"about":[{"href":"https:\/\/www.europesays.com\/fr\/wp-json\/wp\/v2\/types\/post"}],"author":[{"embeddable":true,"href":"https:\/\/www.europesays.com\/fr\/wp-json\/wp\/v2\/users\/2"}],"replies":[{"embeddable":true,"href":"https:\/\/www.europesays.com\/fr\/wp-json\/wp\/v2\/comments?post=68312"}],"version-history":[{"count":0,"href":"https:\/\/www.europesays.com\/fr\/wp-json\/wp\/v2\/posts\/68312\/revisions"}],"wp:featuredmedia":[{"embeddable":true,"href":"https:\/\/www.europesays.com\/fr\/wp-json\/wp\/v2\/media\/68313"}],"wp:attachment":[{"href":"https:\/\/www.europesays.com\/fr\/wp-json\/wp\/v2\/media?parent=68312"}],"wp:term":[{"taxonomy":"category","embeddable":true,"href":"https:\/\/www.europesays.com\/fr\/wp-json\/wp\/v2\/categories?post=68312"},{"taxonomy":"post_tag","embeddable":true,"href":"https:\/\/www.europesays.com\/fr\/wp-json\/wp\/v2\/tags?post=68312"}],"curies":[{"name":"wp","href":"https:\/\/api.w.org\/{rel}","templated":true}]}}