{"id":683140,"date":"2026-01-23T06:51:10","date_gmt":"2026-01-23T06:51:10","guid":{"rendered":"https:\/\/www.europesays.com\/fr\/683140\/"},"modified":"2026-01-23T06:51:10","modified_gmt":"2026-01-23T06:51:10","slug":"cette-maladie-respiratoire-mortelle-et-meconnue-qui-touche-pourtant-trois-millions-de-francais","status":"publish","type":"post","link":"https:\/\/www.europesays.com\/fr\/683140\/","title":{"rendered":"cette maladie respiratoire mortelle et m\u00e9connue, qui touche pourtant trois millions de Fran\u00e7ais"},"content":{"rendered":"<p>                    Par<br \/>\n        <strong><br \/>\n            <a href=\"https:\/\/actu.fr\/auteur\/redaction-actu\" title=\"Consulter tous les articles de R\u00e9daction Actu\" target=\"_blank\" rel=\"noopener\">R\u00e9daction Actu<\/a><br \/>\n                    <\/strong><\/p>\n<p>        Publi\u00e9 le<\/p>\n<p>            22 janv. 2026 \u00e0 19h02        <\/p>\n<p>La <strong>bronchopneumopathie chronique obstructive<\/strong> (BPCO) est une <a href=\"https:\/\/actu.fr\/tag\/maladie\" target=\"_blank\" rel=\"noopener\">maladie<\/a> grave, <strong>sous-diagnostiqu\u00e9e et largement m\u00e9connue<\/strong> du grand public. En France, elle touche entre 3 et 3,5\u00a0millions de personnes et provoque pr\u00e8s de 20\u2009000 d\u00e9c\u00e8s chaque ann\u00e9e. Pourtant <strong>70\u2009% \u00e0 90\u2009% des malades ignorent qu\u2019ils en sont atteints<\/strong>. Un diagnostic pr\u00e9coce associ\u00e9 \u00e0 un accompagnement adapt\u00e9, peut transformer le quotidien des patients et am\u00e9liorer significativement leur qualit\u00e9 de vie.<\/p>\n<p>Une maladie encore tr\u00e8s m\u00e9connue<\/p>\n<p class=\" wall-content\"><strong>Quatri\u00e8me cause de mortalit\u00e9<\/strong> dans le <a href=\"https:\/\/actu.fr\/monde\" target=\"_blank\" rel=\"noopener\">monde<\/a>, la bronchopneumopathie chronique obstructive (BPCO) reste largement ignor\u00e9e. Une <a href=\"https:\/\/www.bva-xsight.com\/sondages\/bpco-sante-enquete-sanofi-bvaxsight\/\" target=\"_blank\" rel=\"noopener\">enqu\u00eate Sanofi\u202fr\u00e9alis\u00e9e avec BVA Xsight<\/a>, publi\u00e9e en novembre\u00a02024, montre que\u2009:<\/p>\n<ul class=\" wall-content\">\n<li>74\u2009% des Fran\u00e7ais se sentent mal inform\u00e9s sur les maladies respiratoires\u2009;<\/li>\n<li>63\u2009% n\u2019ont jamais entendu parler de la BPCO\u2009;<\/li>\n<li>90\u2009% ignorent qu\u2019elle figure parmi les principales causes de d\u00e9c\u00e8s.<\/li>\n<\/ul>\n<p class=\" wall-content\">\u00ab\u2009Le terme \u201cBPCO\u201d lui-m\u00eame est un obstacle\u2009: acronyme peu parlant, difficile \u00e0 retenir, <strong>il ne refl\u00e8te pas la gravit\u00e9 de la maladie\u2009\u00bb<\/strong>, explique le Pr Ma\u00ebva Zysman, pneumologue au <a href=\"https:\/\/www.chu-bordeaux.fr\/\" target=\"_blank\" rel=\"noopener\">CHU de Bordeaux<\/a>.<\/p>\n<p>Toux, essoufflement, fatigue\u2026<\/p>\n<p class=\" wall-content\">Les <strong>premiers signes<\/strong> de cette maladie (<a href=\"https:\/\/actu.fr\/societe\/grippe-covid-la-toux-persiste-apres-une-infection-pourquoi-il-ne-faut-pas-trop-s-inquieter_60792852.html\" target=\"_blank\" rel=\"noopener\">toux<\/a>, essoufflement, <a href=\"https:\/\/actu.fr\/societe\/vous-etes-en-permanence-epuise-cette-decouverte-scientifique-eclaire-le-syndrome-de-fatigue-chronique_63039791.html\" target=\"_blank\" rel=\"noopener\">fatigue<\/a>) sont souvent banalis\u00e9s, attribu\u00e9s au <a href=\"https:\/\/actu.fr\/tag\/tabac\" target=\"_blank\" rel=\"noopener\">tabac<\/a> ou \u00e0 l\u2019\u00e2ge. \u00ab\u2009Beaucoup de fumeurs pensent simplement qu\u2019ils ont \u201cle souffle court\u201d, sans imaginer qu\u2019ils sont d\u00e9j\u00e0 malades\u2009\u00bb, poursuit le Pr Zysman.<\/p>\n<p class=\" wall-content\">Le principal facteur de risque reste donc <strong>le tabagisme<\/strong>. Mais la sp\u00e9cialiste alerte aussi sur d\u2019autres sources d\u2019exposition. \u00ab\u2009On constate \u00e9galement des BPCO li\u00e9es \u00e0 des expositions <a href=\"https:\/\/actu.fr\/tag\/emploi\" target=\"_blank\" rel=\"noopener\">professionnelles<\/a>, notamment dans les <strong>m\u00e9tiers au contact de poussi\u00e8res ou de gaz irritants\u2009\u00bb<\/strong>, illustre-t-elle.<\/p>\n<p>Votre r\u00e9gion, votre actu !<\/p>\n<p>Recevez chaque jour les infos qui comptent pour vous.<\/p>\n<p>\t<a href=\"https:\/\/actu.fr\/newsletter\" class=\"ac-btn ac-btn--corner ac-btn--medium ac-btn--blue800\" target=\"_blank\" rel=\"noopener\">S&rsquo;incrire<\/a><\/p>\n<blockquote class=\"ac-article-quote wall-content\">\n<p>Plus r\u00e9cemment, des formes pr\u00e9coces apparaissent chez de jeunes consommateurs de cannabis. Elles sont souvent s\u00e9v\u00e8res, car fumer un seul joint peut \u00eatre aussi nocif pour les poumons que 10 cigarettes.<\/p>\n<p>    <strong>Pr Ma\u00ebva Zysman<\/strong><br \/>\n        Pneumologue au CHU de Bordeaux    <\/p><\/blockquote>\n<p>Le diagnostic arrive souvent trop tardivement<\/p>\n<p class=\" wall-content\">Le diagnostic de la BPCO intervient souvent <strong>tardivement<\/strong>, alors que les sympt\u00f4mes sont d\u00e9j\u00e0 install\u00e9s. \u00ab\u2009M\u00eame si les patients savent que leur toux vient de la cigarette, ils \u00e9vitent d\u2019en parler par peur qu\u2019on leur dise d\u2019arr\u00eater de fumer\u2009\u00bb, observe le Pr Zysman.<\/p>\n<p class=\" wall-content\">R\u00e9sultat\u2009: <strong>le diagnostic arrive quand la maladie est bien install\u00e9e<\/strong>. \u00ab\u2009Et plus on attend, plus les cons\u00e9quences sont lourdes\u2009\u00bb, appuie la pneumologue, qui cite \u00ab\u2009l\u2019essoufflement s\u00e9v\u00e8re, la perte d\u2019autonomie et l\u2019oxyg\u00e9noth\u00e9rapie \u00e0 domicile\u2009\u00bb.<\/p>\n<p class=\" wall-content\">Autre frein au d\u00e9pistage pr\u00e9coce de la BPCO, le manque d\u2019outils. \u00ab\u2009Les <a href=\"https:\/\/actu.fr\/tag\/medecins\" target=\"_blank\" rel=\"noopener\">m\u00e9decins g\u00e9n\u00e9ralistes<\/a> ne disposent pas toujours d\u2019un spirom\u00e8tre, l\u2019appareil qui permet de mesurer tr\u00e8s simplement la capacit\u00e9 respiratoire ou n\u2019ont pas le temps pour r\u00e9aliser cet examen\u2009\u00bb, poursuit Ma\u00ebva Zysman qui, pour y rem\u00e9dier, plaide pour une approche syst\u00e9matique.<\/p>\n<blockquote class=\"ac-article-quote wall-content\">\n<p>Il faut poser les bonnes questions \u00e0 chaque patient fumeur ou ancien fumeur : est-ce que vous toussez ? Est-ce que vous \u00eates essouffl\u00e9 ? Si oui, il faut pratiquer une spirom\u00e9trie.<\/p>\n<p>    <strong>Pr Ma\u00ebva Zysman<\/strong><br \/>\n        Pneumologue au CHU de Bordeaux    <\/p><\/blockquote>\n<p>Le sport, un levier d\u2019action efficace<\/p>\n<p class=\" wall-content\">Selon Odile Sauvaget, directrice de l\u2019association <a href=\"https:\/\/sante-respiratoire.com\/\" target=\"_blank\" rel=\"noopener\">Sant\u00e9 respiratoire France<\/a>, \u00ab\u2009la BPCO entra\u00eene un cercle vicieux\u2009: <strong>moins les patients bougent, plus ils s\u2019essoufflent et se fatiguent<\/strong>, avec pour cons\u00e9quence un isolement social et une perte d\u2019autonomie\u2009\u00bb.<\/p>\n<p class=\" wall-content\"><a href=\"https:\/\/actu.fr\/sports\" target=\"_blank\" rel=\"noopener\">L\u2019activit\u00e9 physique<\/a> adapt\u00e9e constitue un levier majeur pour briser cette spirale. Or, selon une enqu\u00eate men\u00e9e par l\u2019association en 2023, seuls<strong> 27\u2009%<\/strong> des patients pratiquent au moins <a href=\"https:\/\/actu.fr\/societe\/emmanuel-macron-annonce-30-minutes-de-sport-par-jour-a-l-ecole-primaire-des-la-rentree-prochaine_51406380.html\" target=\"_blank\" rel=\"noopener\">30\u00a0minutes d\u2019activit\u00e9 par jour<\/a>.<\/p>\n<blockquote class=\"ac-article-quote wall-content\">\n<p>Nous avons identifi\u00e9 plusieurs freins : la s\u00e9v\u00e9rit\u00e9 de la maladie, les conditions m\u00e9t\u00e9o et la m\u00e9connaissance des structures proposant des activit\u00e9s adapt\u00e9es.<\/p>\n<p>    <strong>Odile Sauvaget<\/strong><br \/>\n        Directrice de l\u2019association Sant\u00e9 respiratoire France    <\/p><\/blockquote>\n<p class=\" wall-content\">Pour y rem\u00e9dier, Sant\u00e9 respiratoire France propose <a href=\"https:\/\/respiragora.com\/\" target=\"_blank\" rel=\"noopener\">Respiragora<\/a>, une plateforme qui cr\u00e9e du lien pour les personnes vivant avec une maladie respiratoire, avec <strong>un annuaire en ligne<\/strong> recensant les lieux de r\u00e9adaptation, d\u2019\u00e9ducation th\u00e9rapeutique et d\u2019activit\u00e9 physique adapt\u00e9e.<\/p>\n<p class=\" wall-content\">La <a href=\"https:\/\/www.youtube.com\/watch?v=BcA-kRfWwBI&amp;list=PLn6Xovj_iv6uDEnyyaud7K1Upf9fU7pQs\" target=\"_blank\" rel=\"noopener\">webs\u00e9rie Respi\u2019Mouv<\/a>, disponible sur <a href=\"https:\/\/actu.fr\/tag\/youtube\" target=\"_blank\" rel=\"noopener\">YouTube<\/a>, offre \u00e9galement <strong>des exercices simples \u00e0 faire \u00e0 domicile<\/strong>. \u00ab\u2009L\u2019objectif est clair\u2009: remettre le patient en mouvement, physiquement et <a href=\"https:\/\/actu.fr\/tag\/psy\" target=\"_blank\" rel=\"noopener\">mentalement<\/a>, sur le long terme, pour am\u00e9liorer le contr\u00f4le de la maladie\u2009\u00bb, r\u00e9sume Odile Sauvaget.<\/p>\n<p>Mieux d\u00e9pister et mieux informer<\/p>\n<p class=\" wall-content\">G\u00e9n\u00e9ralistes, pharmaciens, <a href=\"https:\/\/actu.fr\/ile-de-france\/mantes-la-jolie_78361\/jusqua-150-patients-par-jour-un-kine-des-yvelines-choque-la-profession-il-doit-une-somme-folle-a-la-secu_63328926.html\" target=\"_blank\" rel=\"noopener\">kin\u00e9sith\u00e9rapeutes<\/a>\u2026 En conclusion, \u00ab\u2009la mobilisation doit \u00eatre collective\u2009\u00bb concernant le d\u00e9pistage de la BPCO. \u00ab\u2009Tous peuvent jouer un r\u00f4le dans la prise en charge et l\u2019accompagnement au sevrage tabagique\u2009\u00bb, insiste le Pr Zysman.<\/p>\n<blockquote class=\"ac-article-quote wall-content\">\n<p>Mieux d\u00e9pister, mieux informer, c\u2019est aussi \u00e9viter des formes graves et redonner du souffle \u00e0 des milliers de patients.<\/p>\n<p>    <strong>Pr Ma\u00ebva Zysman<\/strong><br \/>\n        Pneumologue au CHU de Bordeaux    <\/p><\/blockquote>\n<p class=\" wall-content\">Avec Destination Sant\u00e9.<\/p>\n<p class=\" wall-content\">Personnalisez votre actualit\u00e9 en ajoutant vos villes et m\u00e9dias en favori avec <a href=\"https:\/\/moncompte.actu.fr\" title=\"D\u00e9couvez Mon Actu\" rel=\"nofollow noopener\" data-trk=\"{&quot;cta&quot;:{&quot;action&quot;:&quot;https:\\\/\\\/moncompte.actu.fr&quot;,&quot;category&quot;:&quot;mon compte&quot;,&quot;from&quot;:&quot;article footer&quot;,&quot;name&quot;:&quot;Mon actu&quot;,&quot;type&quot;:&quot;cta&quot;}}\" target=\"_blank\">Mon Actu<\/a>.<\/p>\n","protected":false},"excerpt":{"rendered":"Par R\u00e9daction Actu Publi\u00e9 le 22 janv. 2026 \u00e0 19h02 La bronchopneumopathie chronique obstructive (BPCO) est une maladie&hellip;\n","protected":false},"author":2,"featured_media":683141,"comment_status":"","ping_status":"","sticky":false,"template":"","format":"standard","meta":{"footnotes":""},"categories":[10],"tags":[1011,27,72,226,2673,71,104],"class_list":{"0":"post-683140","1":"post","2":"type-post","3":"status-publish","4":"format-standard","5":"has-post-thumbnail","7":"category-sante","8":"tag-fr","9":"tag-france","10":"tag-health","11":"tag-maladie","12":"tag-medecins","13":"tag-sante","14":"tag-societe"},"share_on_mastodon":{"url":"https:\/\/pubeurope.com\/@fr\/115943091964778426","error":""},"_links":{"self":[{"href":"https:\/\/www.europesays.com\/fr\/wp-json\/wp\/v2\/posts\/683140","targetHints":{"allow":["GET"]}}],"collection":[{"href":"https:\/\/www.europesays.com\/fr\/wp-json\/wp\/v2\/posts"}],"about":[{"href":"https:\/\/www.europesays.com\/fr\/wp-json\/wp\/v2\/types\/post"}],"author":[{"embeddable":true,"href":"https:\/\/www.europesays.com\/fr\/wp-json\/wp\/v2\/users\/2"}],"replies":[{"embeddable":true,"href":"https:\/\/www.europesays.com\/fr\/wp-json\/wp\/v2\/comments?post=683140"}],"version-history":[{"count":0,"href":"https:\/\/www.europesays.com\/fr\/wp-json\/wp\/v2\/posts\/683140\/revisions"}],"wp:featuredmedia":[{"embeddable":true,"href":"https:\/\/www.europesays.com\/fr\/wp-json\/wp\/v2\/media\/683141"}],"wp:attachment":[{"href":"https:\/\/www.europesays.com\/fr\/wp-json\/wp\/v2\/media?parent=683140"}],"wp:term":[{"taxonomy":"category","embeddable":true,"href":"https:\/\/www.europesays.com\/fr\/wp-json\/wp\/v2\/categories?post=683140"},{"taxonomy":"post_tag","embeddable":true,"href":"https:\/\/www.europesays.com\/fr\/wp-json\/wp\/v2\/tags?post=683140"}],"curies":[{"name":"wp","href":"https:\/\/api.w.org\/{rel}","templated":true}]}}