{"id":683158,"date":"2026-01-23T07:00:12","date_gmt":"2026-01-23T07:00:12","guid":{"rendered":"https:\/\/www.europesays.com\/fr\/683158\/"},"modified":"2026-01-23T07:00:12","modified_gmt":"2026-01-23T07:00:12","slug":"gael-perdriau-va-sortir-de-prison","status":"publish","type":"post","link":"https:\/\/www.europesays.com\/fr\/683158\/","title":{"rendered":"Ga\u00ebl Perdriau va sortir de prison"},"content":{"rendered":"\n<p>Incarc\u00e9r\u00e9 \u00e0 Bourg-en-Bresse \u00e0 l\u2019isolement depuis le 7 janvier dans l\u2019affaire du chantage \u00e0 la vid\u00e9o intime, la justice a acc\u00e9d\u00e9 \u00e0 la demande de remise en libert\u00e9 de l\u2019ex-maire de Saint-Etienne selon l\u2019un de ses avocats qui s&rsquo;est confi\u00e9 \u00e0 l&rsquo;AFP. Malgr\u00e9 tout, pour l\u2019heure, on ne conna\u00eet pas encore sa date de sortie de prison.\u00a0<br \/>Pour rappel, Ga\u00ebl Perdriau, qui a \u00e9t\u00e9 condamn\u00e9 \u00e0 5 ans de prison, dont 4 fermes en premi\u00e8re instance, sera rejug\u00e9 du 8 au 12 juin devant la cour d\u2019appel de Lyon. Depuis le d\u00e9but de l&rsquo;affaire, il ne cesse de clamer son innocence. A noter que Samy Kefi-J\u00e9r\u00f4me l&rsquo;ancien adjoint \u00e0 l&rsquo;\u00c9ducation, et Gilles Rossary-Lenglet, l&rsquo;ex-compagnon de ce dernier, seront \u00e9galement rejug\u00e9s aux m\u00eames dates puisqu&rsquo;ils ont eux aussi fait appel apr\u00e8s avoir \u00e9t\u00e9 condamn\u00e9s \u00e0 3 ans de prison ferme. Seul Pierre Gauttieri, l&rsquo;ancien directeur de cabinet du maire, n&rsquo;a pas fait appel.\u00a0<\/p>\n","protected":false},"excerpt":{"rendered":"Incarc\u00e9r\u00e9 \u00e0 Bourg-en-Bresse \u00e0 l\u2019isolement depuis le 7 janvier dans l\u2019affaire du chantage \u00e0 la vid\u00e9o intime, la&hellip;\n","protected":false},"author":2,"featured_media":574167,"comment_status":"","ping_status":"","sticky":false,"template":"","format":"standard","meta":{"footnotes":""},"categories":[9653],"tags":[1111,11,2430,8841,1777,674,1011,27,12242,303,3367,12,316,806,25,4001],"class_list":{"0":"post-683158","1":"post","2":"type-post","3":"status-publish","4":"format-standard","5":"has-post-thumbnail","7":"category-saint-etienne","8":"tag-actu","9":"tag-actualites","10":"tag-auvergne-rhone-alpes","11":"tag-chantage","12":"tag-eu","13":"tag-europe","14":"tag-fr","15":"tag-france","16":"tag-gael-perdriau","17":"tag-justice","18":"tag-loire","19":"tag-news","20":"tag-politique","21":"tag-prison","22":"tag-republique-francaise","23":"tag-saint-etienne"},"share_on_mastodon":{"url":"https:\/\/pubeurope.com\/@fr\/115943127359163963","error":""},"_links":{"self":[{"href":"https:\/\/www.europesays.com\/fr\/wp-json\/wp\/v2\/posts\/683158","targetHints":{"allow":["GET"]}}],"collection":[{"href":"https:\/\/www.europesays.com\/fr\/wp-json\/wp\/v2\/posts"}],"about":[{"href":"https:\/\/www.europesays.com\/fr\/wp-json\/wp\/v2\/types\/post"}],"author":[{"embeddable":true,"href":"https:\/\/www.europesays.com\/fr\/wp-json\/wp\/v2\/users\/2"}],"replies":[{"embeddable":true,"href":"https:\/\/www.europesays.com\/fr\/wp-json\/wp\/v2\/comments?post=683158"}],"version-history":[{"count":0,"href":"https:\/\/www.europesays.com\/fr\/wp-json\/wp\/v2\/posts\/683158\/revisions"}],"wp:featuredmedia":[{"embeddable":true,"href":"https:\/\/www.europesays.com\/fr\/wp-json\/wp\/v2\/media\/574167"}],"wp:attachment":[{"href":"https:\/\/www.europesays.com\/fr\/wp-json\/wp\/v2\/media?parent=683158"}],"wp:term":[{"taxonomy":"category","embeddable":true,"href":"https:\/\/www.europesays.com\/fr\/wp-json\/wp\/v2\/categories?post=683158"},{"taxonomy":"post_tag","embeddable":true,"href":"https:\/\/www.europesays.com\/fr\/wp-json\/wp\/v2\/tags?post=683158"}],"curies":[{"name":"wp","href":"https:\/\/api.w.org\/{rel}","templated":true}]}}