{"id":683195,"date":"2026-01-23T07:22:11","date_gmt":"2026-01-23T07:22:11","guid":{"rendered":"https:\/\/www.europesays.com\/fr\/683195\/"},"modified":"2026-01-23T07:22:11","modified_gmt":"2026-01-23T07:22:11","slug":"fusillade-a-toulouse-pronostic-vital-des-victimes-commando-mobile-ce-que-lon-sait","status":"publish","type":"post","link":"https:\/\/www.europesays.com\/fr\/683195\/","title":{"rendered":"Fusillade \u00e0 Toulouse, pronostic vital des victimes, commando, mobile\u2026 Ce que l\u2019on sait"},"content":{"rendered":"<p>\n                                                                    l&rsquo;essentiel<br \/>\n                                                                Deux hommes ont \u00e9t\u00e9 bless\u00e9s par balles jeudi soir, \u00e0 Toulouse. L\u2019un d\u2019eux se trouve dans un \u00e9tat critique. Ce que l\u2019on sait de l\u2019enqu\u00eate.\n                            <\/p>\n<p>La sc\u00e8ne a une f\u00e2cheuse tendance \u00e0 se r\u00e9p\u00e9ter ces derniers mois, \u00e0 Bagatelle. Il \u00e9tait environ 22\u00a0h\u00a030, jeudi 22\u00a0janvier 2026, lorsque de nombreux coups de feu ont retenti \u00e0 l\u2019angle de la rue du Lot et de la rue de la Martinique. \u00ab\u00a0Un point r\u00e9put\u00e9 pour \u00eatre li\u00e9 au trafic de stups\u00a0\u00bb, \u00e9claire un connaisseur du secteur.<\/p>\n<p>Trois tireurs dans une Peugeot<\/p>\n<p>Selon les premiers \u00e9l\u00e9ments de l\u2019enqu\u00eate, l\u2019attaque \u00e9manait d\u2019au moins trois hommes circulant \u00e0 bord d\u2019une Peugeot 208. D\u2019apr\u00e8s\u00a0nos sources, une vingtaine de coups de feu ont \u00e9t\u00e9 tir\u00e9s. Le commando aurait utilis\u00e9 \u00e0 la fois des armes de poing et des armes longues. Deux hommes se sont alors retrouv\u00e9s \u00e0 terre.<\/p>\n<p>Un jeune de 20 ans, gri\u00e8vement touch\u00e9, a \u00e9t\u00e9 pris en charge par les secours avec un pronostic vital engag\u00e9. M\u00e9dicalis\u00e9 par le Samu, il a \u00e9t\u00e9 \u00e9vacu\u00e9 d\u2019urgence et admis en d\u00e9chocage \u00e0 l\u2019h\u00f4pital Rangueil. Il souffrirait de blessures au niveau du visage, d\u2019une \u00e9paule et d\u2019une cuisse. Cette derni\u00e8re \u00ab\u00a0proche de l\u2019art\u00e8re\u00a0\u00bb, d\u2019apr\u00e8s nos informations.<\/p>\n<p>Vid\u00e9oprotection et indices mat\u00e9riels<\/p>\n<p>Un adolescent \u00e2g\u00e9 de 16 ans a \u00e9galement \u00e9t\u00e9 touch\u00e9 par les projectiles. Au moins trois plaies ont \u00e9t\u00e9 relev\u00e9es (deux \u00e0 l\u2019\u00e9paule, une \u00e0 une cuisse), mais son pronostic vital n\u2019est pas engag\u00e9. Pris en charge par les secours, il a \u00e9t\u00e9 conduit aux urgences de Purpan.<\/p>\n<p>Les tireurs ont pris la fuite et sont activement recherch\u00e9s par les services de police, qui ont collect\u00e9 les indices mat\u00e9riels, notamment les douilles, et les images de vid\u00e9oprotection du secteur pour remonter leur piste.<\/p>\n<p>Tentative de meurtre<\/p>\n<p>Les deux victimes \u00e9taient-elles les principales cibles de cette \u00ab\u00a0tentative de meurtre\u00a0\u00bb, chef d\u2019ouverture de l\u2019enqu\u00eate\u00a0? Des victimes collat\u00e9rales\u00a0? A-t-on assist\u00e9 au \u00ab\u00a0match retour du match retour\u00a0\u00bb, dans un secteur secou\u00e9 ces derniers mois par une guerre de territoire\u00a0? Il est encore trop t\u00f4t pour le dire. En attendant, un jeune homme de 20 ans lutte pour ne pas mourir.<\/p>\n","protected":false},"excerpt":{"rendered":"l&rsquo;essentiel Deux hommes ont \u00e9t\u00e9 bless\u00e9s par balles jeudi soir, \u00e0 Toulouse. L\u2019un d\u2019eux se trouve dans un&hellip;\n","protected":false},"author":2,"featured_media":683196,"comment_status":"","ping_status":"","sticky":false,"template":"","format":"standard","meta":{"footnotes":""},"categories":[2816],"tags":[1111,11,1777,674,118,1011,27,2722,12,2680,25,2312,887],"class_list":{"0":"post-683195","1":"post","2":"type-post","3":"status-publish","4":"format-standard","5":"has-post-thumbnail","7":"category-toulouse","8":"tag-actu","9":"tag-actualites","10":"tag-eu","11":"tag-europe","12":"tag-faits-divers","13":"tag-fr","14":"tag-france","15":"tag-haute-garonne","16":"tag-news","17":"tag-occitanie","18":"tag-republique-francaise","19":"tag-toulouse","20":"tag-trafic-de-drogue"},"share_on_mastodon":{"url":"https:\/\/pubeurope.com\/@fr\/115943213776784857","error":""},"_links":{"self":[{"href":"https:\/\/www.europesays.com\/fr\/wp-json\/wp\/v2\/posts\/683195","targetHints":{"allow":["GET"]}}],"collection":[{"href":"https:\/\/www.europesays.com\/fr\/wp-json\/wp\/v2\/posts"}],"about":[{"href":"https:\/\/www.europesays.com\/fr\/wp-json\/wp\/v2\/types\/post"}],"author":[{"embeddable":true,"href":"https:\/\/www.europesays.com\/fr\/wp-json\/wp\/v2\/users\/2"}],"replies":[{"embeddable":true,"href":"https:\/\/www.europesays.com\/fr\/wp-json\/wp\/v2\/comments?post=683195"}],"version-history":[{"count":0,"href":"https:\/\/www.europesays.com\/fr\/wp-json\/wp\/v2\/posts\/683195\/revisions"}],"wp:featuredmedia":[{"embeddable":true,"href":"https:\/\/www.europesays.com\/fr\/wp-json\/wp\/v2\/media\/683196"}],"wp:attachment":[{"href":"https:\/\/www.europesays.com\/fr\/wp-json\/wp\/v2\/media?parent=683195"}],"wp:term":[{"taxonomy":"category","embeddable":true,"href":"https:\/\/www.europesays.com\/fr\/wp-json\/wp\/v2\/categories?post=683195"},{"taxonomy":"post_tag","embeddable":true,"href":"https:\/\/www.europesays.com\/fr\/wp-json\/wp\/v2\/tags?post=683195"}],"curies":[{"name":"wp","href":"https:\/\/api.w.org\/{rel}","templated":true}]}}