{"id":683209,"date":"2026-01-23T07:31:10","date_gmt":"2026-01-23T07:31:10","guid":{"rendered":"https:\/\/www.europesays.com\/fr\/683209\/"},"modified":"2026-01-23T07:31:10","modified_gmt":"2026-01-23T07:31:10","slug":"fonde-en-1882-et-pilier-du-luxe-le-celebre-maroquinier-maison-moreau-place-en-redressement-judiciaire","status":"publish","type":"post","link":"https:\/\/www.europesays.com\/fr\/683209\/","title":{"rendered":"fond\u00e9 en 1882 et pilier du luxe, le c\u00e9l\u00e8bre maroquinier Maison Moreau plac\u00e9 en redressement judiciaire"},"content":{"rendered":"<p>                    Par<br \/>\n        <strong><br \/>\n            <a href=\"https:\/\/actu.fr\/auteur\/julie-bossart-actu-fr\" title=\"Consulter tous les articles de Julie Bossart\" target=\"_blank\" rel=\"noopener\">Julie Bossart<\/a><br \/>\n                    <\/strong><\/p>\n<p>        Publi\u00e9 le<\/p>\n<p>            23 janv. 2026 \u00e0 7h20        <\/p>\n<p>Moins connue que Vuitton ou Goyard, mais tout aussi <a href=\"https:\/\/actu.fr\/tag\/luxe\" target=\"_blank\" rel=\"noopener\">luxueuse<\/a>, <a href=\"https:\/\/moreau-paris.com\/\" target=\"_blank\" rel=\"noopener\">Maison Moreau<\/a> retient son souffle. Le v\u00e9n\u00e9rable malletier et maroquinier, situ\u00e9 au 49, rue du Faubourg-Saint-Honor\u00e9, dans le 8e arrondissement de<a href=\"https:\/\/actu.fr\/paris\/dernieres-actus\" target=\"_blank\" rel=\"noopener\"> Paris<\/a>, a \u00e9t\u00e9 plac\u00e9 en redressement judiciaire le 8\u00a0juillet 2025, a appris actu Paris. Dans sa boutique \u00e9crin sign\u00e9e Jeff van Dyck, \u00e0 deux pas du <a href=\"https:\/\/actu.fr\/ile-de-france\/paris_75056\/offrir-un-petit-bout-de-l-elysee-a-tous-a-deux-pas-du-palais-la-presidence-lance-son-cafe-musee_61521302.html\" target=\"_blank\" rel=\"noopener\">Palais de l\u2019\u00c9lys\u00e9e<\/a>, nos questions s\u2019opposent \u00e0 un sourire imperturbablement gracieux\u2009: \u00ab\u2009Tout est en cours, je ne peux rien vous dire, nous ne pouvons qu\u2019esp\u00e9rer que les nouvelles seront bonnes.\u2009\u00bb<br \/>Selon nos informations, la p\u00e9riode de d\u00e9p\u00f4t des offres de reprise aupr\u00e8s du tribunal des affaires \u00e9conomiques de Paris est close, et au moins trois candidats se sont positionn\u00e9s pour faire perdurer l\u2019institution. Il leur revient d\u00e8s lors d\u2019am\u00e9liorer leurs propositions en vue de l\u2019audience, dont la date n\u2019est pas connue \u00e0 cette heure.<\/p>\n<p>Histoire et savoir-faire<\/p>\n<p class=\" wall-content\">Fond\u00e9e en 1882 et \u00e9tablie alors au 283, Saint-Honor\u00e9, en plein \u00e2ge d\u2019or des maroquiniers de luxe, Maison Moreau a fourni en robustes malles en cuir et en toile les grands bourgeois en vue de leur Grand Tour, ce long voyage en Europe effectu\u00e9 alors par les jeunes hommes, plus rarement par les jeunes femmes, des plus hautes classes de la soci\u00e9t\u00e9 europ\u00e9enne. \u00c0 l\u2019instar de ses concurrents, Maison Moreau s\u2019est distingu\u00e9e par son imprim\u00e9, un cannage s\u00e9rigraphi\u00e9 et inspir\u00e9 du tressage des malles en osier. Bien que poss\u00e9dant une histoire, un savoir-faire et une adresse prestigieuse en plein c\u0153ur de Paris, la marque est peu \u00e0 peu tomb\u00e9e dans l\u2019oubli,<a href=\"https:\/\/fashionunited.fr\/actualite\/retail\/la-resurrection-de-la-maison-moreau\/2017042412816\" target=\"_blank\" rel=\"noopener\"> retra\u00e7ait<\/a> le journaliste sp\u00e9cialis\u00e9 Herv\u00e9 Dewintre en 2011.<\/p>\n<p class=\" wall-content\">Cette ann\u00e9e-l\u00e0, pr\u00e9cis\u00e9ment, la belle endormie serait sortie de son sommeil \u00e0 la faveur d\u2019une vente aux ench\u00e8res, qui aurait permis \u00e0 Veronika Rovnoff de mettre la main sur une vieille malle de diligence de la Maison. La jeune femme d\u2019affaires ukrainienne et son fr\u00e8re, Fedor Georges Savchenko, ont relanc\u00e9 la marque, le dipl\u00f4m\u00e9 de l\u2019Acad\u00e9mie Textile de Kiev et du Studio Ber\u00e7ot \u00e0 Paris en en prenant la direction artistique. Apr\u00e8s s\u2019\u00eatre plong\u00e9 dans les archives du maroquinier, il a su repimper les pi\u00e8ces (sacs, cabas, pochettes, malles) et les formats tout en conservant les savoir-faire.<\/p>\n<p class=\" wall-content\">Pass\u00e9e sous le contr\u00f4le d\u2019 Onward Luxury Group (filiale europ\u00e9enne du groupe japonais Onward) en 2016, Maison Moreau a install\u00e9 l\u2019ann\u00e9e suivante son vaisseau amiral rue du Faubourg-Saint-Honor\u00e9. Elle a \u00e9t\u00e9 reprise par <a href=\"https:\/\/www.pappers.fr\/entreprise\/la-maison-moreau-531729986\" target=\"_blank\" rel=\"noopener\">Marco Scarpella<\/a> en 2021. Elle \u00ab\u00a0s\u2019inscrit dans la lign\u00e9e de ses fastes ann\u00e9es avec un ADN rest\u00e9 unique, mais aussi un d\u00e9sir insatiable de produire et de raconter des histoires de son \u00e9poque\u2009\u00bb, expliquait-il \u00e0 <a href=\"https:\/\/www.marieclaire.fr\/adresses-incontournables\/maison-moreau-paris\/\" target=\"_blank\" rel=\"noopener\">Marie Claire<\/a>. L\u2019histoire s\u2019arr\u00eatera-t-elle en 2026, cent quarante-quatre ans apr\u00e8s ses d\u00e9buts\u2009?<\/p>\n<p>Le march\u00e9 du luxe s\u2019essouffle<\/p>\n<p class=\" wall-content\">Malgr\u00e9 un savoir-faire mondialement reconnu, le march\u00e9 du luxe, fleuron fran\u00e7ais, a subi la pression une pression g\u00e9opolitique et \u00e9conomique, qui a occasionn\u00e9 une baisse des ventes en 2024, a relev\u00e9 le <a href=\"https:\/\/kpmg.com\/fr\/fr\/insights\/experience-client\/reinvention-secteur-luxe.html\" target=\"_blank\" rel=\"noopener\">cabinet KMPG<\/a>. Ce contexte a-t-il nui \u00e0 Maison Moreau ou alors faut-il pointer le contrat qui a \u00e9t\u00e9 conclu \u00ab\u2009dans des conditions \u00e9conomiques ne permettant pas \u00e0 la soci\u00e9t\u00e9 de d\u00e9gager une rentabilit\u00e9 autonome\u2009\u00bb, comme il est avanc\u00e9 dans un document que nous avons pu consulter\u2009? Secret de l\u2019accord de non-divulgation et infructueuses sollicitations aupr\u00e8s du P.-D.G. obligent, il est difficile d\u2019en savoir davantage sur les raisons qui ont pr\u00e9cipit\u00e9 ce placement en redressement judiciaire. Une orni\u00e8re de laquelle sont toutefois pr\u00eats \u00e0 la sortir les candidats \u00e0 sa reprise.<\/p>\n<p class=\" wall-content\">Leur profil ne manque pas de solidit\u00e9. L\u2019un est fran\u00e7ais, ancien pr\u00e9sident international d\u2019une c\u00e9l\u00e8bre marque de v\u00eatements et qui est \u00e0 \u00ab\u2009la recherche cibl\u00e9e d\u2019opportunit\u00e9s de reprise de maisons de luxe fran\u00e7aises disposant d\u2019un ADN fort\u2009\u00bb. L\u2019autre est un homme d\u2019affaires tunisien, qui a travaill\u00e9 plusieurs d\u00e9cennies dans la mode et qui s\u2019est d\u00e9j\u00e0 positionn\u00e9 sur la reprise d\u2019entreprises en difficult\u00e9, comme Kooka\u00ef. Le dernier, dont nous avons eu connaissance, est une soci\u00e9t\u00e9 de gestion d\u2019actifs bas\u00e9e \u00e0 Hong Kong, sp\u00e9cialis\u00e9e dans l\u2019acquisition et la relance d\u2019entreprises de luxe en difficult\u00e9.<\/p>\n<p class=\" wall-content\">Personnalisez votre actualit\u00e9 en ajoutant vos villes et m\u00e9dias en favori avec <a href=\"https:\/\/moncompte.actu.fr\" title=\"D\u00e9couvez Mon Actu\" rel=\"nofollow noopener\" data-trk=\"{&quot;cta&quot;:{&quot;action&quot;:&quot;https:\\\/\\\/moncompte.actu.fr&quot;,&quot;category&quot;:&quot;mon compte&quot;,&quot;from&quot;:&quot;article footer&quot;,&quot;name&quot;:&quot;Mon actu&quot;,&quot;type&quot;:&quot;cta&quot;}}\" target=\"_blank\">Mon Actu<\/a>.<\/p>\n","protected":false},"excerpt":{"rendered":"Par Julie Bossart Publi\u00e9 le 23 janv. 2026 \u00e0 7h20 Moins connue que Vuitton ou Goyard, mais tout&hellip;\n","protected":false},"author":2,"featured_media":683210,"comment_status":"","ping_status":"","sticky":false,"template":"","format":"standard","meta":{"footnotes":""},"categories":[1888],"tags":[1111,1928,11,1927,33,1777,674,1011,27,2425,12,1926,626,1925,2551,25],"class_list":{"0":"post-683209","1":"post","2":"type-post","3":"status-publish","4":"format-standard","5":"has-post-thumbnail","7":"category-paris","8":"tag-actu","9":"tag-actu-paris","10":"tag-actualites","11":"tag-actualites-paris","12":"tag-economie","13":"tag-eu","14":"tag-europe","15":"tag-fr","16":"tag-france","17":"tag-luxe","18":"tag-news","19":"tag-news-paris","20":"tag-paris","21":"tag-paris-news","22":"tag-patrimoine","23":"tag-republique-francaise"},"share_on_mastodon":{"url":"","error":""},"_links":{"self":[{"href":"https:\/\/www.europesays.com\/fr\/wp-json\/wp\/v2\/posts\/683209","targetHints":{"allow":["GET"]}}],"collection":[{"href":"https:\/\/www.europesays.com\/fr\/wp-json\/wp\/v2\/posts"}],"about":[{"href":"https:\/\/www.europesays.com\/fr\/wp-json\/wp\/v2\/types\/post"}],"author":[{"embeddable":true,"href":"https:\/\/www.europesays.com\/fr\/wp-json\/wp\/v2\/users\/2"}],"replies":[{"embeddable":true,"href":"https:\/\/www.europesays.com\/fr\/wp-json\/wp\/v2\/comments?post=683209"}],"version-history":[{"count":0,"href":"https:\/\/www.europesays.com\/fr\/wp-json\/wp\/v2\/posts\/683209\/revisions"}],"wp:featuredmedia":[{"embeddable":true,"href":"https:\/\/www.europesays.com\/fr\/wp-json\/wp\/v2\/media\/683210"}],"wp:attachment":[{"href":"https:\/\/www.europesays.com\/fr\/wp-json\/wp\/v2\/media?parent=683209"}],"wp:term":[{"taxonomy":"category","embeddable":true,"href":"https:\/\/www.europesays.com\/fr\/wp-json\/wp\/v2\/categories?post=683209"},{"taxonomy":"post_tag","embeddable":true,"href":"https:\/\/www.europesays.com\/fr\/wp-json\/wp\/v2\/tags?post=683209"}],"curies":[{"name":"wp","href":"https:\/\/api.w.org\/{rel}","templated":true}]}}