{"id":683253,"date":"2026-01-23T07:58:11","date_gmt":"2026-01-23T07:58:11","guid":{"rendered":"https:\/\/www.europesays.com\/fr\/683253\/"},"modified":"2026-01-23T07:58:11","modified_gmt":"2026-01-23T07:58:11","slug":"elle-est-morte-anne-elisabeth-lemoine-sa-bourde-sans-nom-face","status":"publish","type":"post","link":"https:\/\/www.europesays.com\/fr\/683253\/","title":{"rendered":"\u201cElle est morte\u201d, Anne-Elisabeth Lemoine, sa bourde sans nom face &#8230;"},"content":{"rendered":"<p>EN BREF<\/p>\n<ul class=\"bloc_resume_post_list\">\n<li>Jeudi 22 janvier, Mika \u00e9tait invit\u00e9 sur C \u00e0 Vous pour<br \/>\nfaire la promotion de son nouvel album<\/li>\n<li>En plein interview, Anne-Elisabeth Lemoine a fait une<br \/>\ngrosse erreur<\/li>\n<li>Le chanteur r\u00e9v\u00e8le en direct la mort r\u00e9cente de sa<br \/>\nchienne Mel.<\/li>\n<\/ul>\n<p data-start=\"341\" data-end=\"613\">C\u2019est une \u00e9mission dont<\/p>\n<p>Anne-Elisabeth Lemoine se souviendra s\u00fbrement longtemps. Si<br \/>\nl\u2019animatrice de<br \/>\nC \u00e0 vous a pourtant l\u2019habitude des interviews, il semblerait<br \/>\nqu\u2019elle ait loup\u00e9 un renseignement de taille concernant son<br \/>\ninvit\u00e9.<\/p>\n<p data-start=\"615\" data-end=\"1060\">Jeudi 22 janvier, elle a re\u00e7u<\/p>\n<p>Mika, <a href=\"https:\/\/www.telestar.fr\/actu-tv\/the-voice-all-stars-pourquoi-mika-a-t-il-hesite-avant-d-accepter-de-rempiler-664011\" target=\"_blank\" rel=\"noopener\"><br \/>\nl\u2019un des plus grands chanteurs pop de sa g\u00e9n\u00e9ration<\/a>. Apr\u00e8s une<br \/>\npause musicale de plusieurs ann\u00e9es, il revient avec <strong>un<br \/>\nnouvel album, intitul\u00e9 Hyperlove,<\/strong> dont la sortie est pr\u00e9vue le 23<br \/>\njanvier 2026. Un projet qui a l\u2019amour pour fil conducteur. Et c\u2019est<br \/>\nlorsque Anne-Elisabeth Lemoine a souhait\u00e9 \u00e9voquer une personne<br \/>\nch\u00e8re au c\u0153ur de l\u2019artiste que celui-ci a r\u00e9v\u00e9l\u00e9 son d\u00e9c\u00e8s.<\/p>\n<p><strong data-start=\"1066\" data-end=\"1141\">C \u00e0 vous : Mika fait une terrible annonce face \u00e0<br \/>\nAnne-Elisabeth Lemoine<\/strong><\/p>\n<p data-start=\"1143\" data-end=\"1717\">Comme \u00e0 son habitude, c\u2019est un<br \/>\nalbum haut en couleur que s\u2019appr\u00eate \u00e0 sortir <a href=\"https:\/\/www.telestar.fr\/tele_realite\/the-voice-2024-mika-a-vecu-une-torture-cette-regle-qui-la-totalement-destabilise-1666691\" target=\"_blank\" rel=\"noopener\"><br \/>\nl\u00a0\u00bbancien coach de The Voice<\/a>. Pour le plus grand bonheur de ses<br \/>\nfans, il pr\u00e9voit une tourn\u00e9e europ\u00e9enne, Spinning Out Tour, avec plusieurs dates en<br \/>\nFrance pr\u00e9vues. Comme son nom l\u2019indique, il a plac\u00e9 l\u2019amour au c\u0153ur<br \/>\nde son projet. Si ce th\u00e8me est tr\u00e8s r\u00e9current en musique, il le<br \/>\nc\u00e9l\u00e8bre ici sous toutes ses formes : \u00ab Vous parlez de l&rsquo;amour au sens large dans ce<br \/>\ndisque, l&rsquo;amour pour un amoureux ou une amoureuse, pour des amis,<br \/>\npour sa famille, pour tous ceux qui nous accompagnent \u00bb,<br \/>\npr\u00e9cise Anne-Elisabeth Lemoine.<\/p>\n<p data-start=\"1719\" data-end=\"2239\">C\u2019est \u00e0 ce moment-l\u00e0 qu\u2019elle<br \/>\n\u00e9voque le chien du chanteur, auquel il est tr\u00e8s attach\u00e9. Mais<br \/>\n<a href=\"https:\/\/www.telestar.fr\/actu_tv\/anne-elisabeth-lemoine-a-chaque-fois-la-bourde-de-trop-avec-une-invitee-qui-risque-de-ne-plus-revenir-1740735\" target=\"_blank\" rel=\"noopener\"><br \/>\nelle ne s\u2019attendait pas \u00e0 ce que son invit\u00e9 lui fasse une telle<br \/>\nannonce<\/a> : \u00ab Et aussi pour<br \/>\nvotre chien, le Golden Retriever qui vous accompagne depuis 16 ans<br \/>\n\u00bb. C\u2019est alors que Mika lui r\u00e9pond : \u00ab <strong>Qui m&rsquo;accompagnait depuis 16 ans. Elle<br \/>\nest morte il y a quelques jours<\/strong> \u00bb, dit-il avec un<br \/>\ntriste sourire aux l\u00e8vres. Alors que les chroniqueurs ne<br \/>\ns\u2019attendaient pas \u00e0 une si triste nouvelle, l\u2019animatrice a<br \/>\npoursuivi son interview.<\/p>\n<p><strong data-start=\"2245\" data-end=\"2290\">Mika d\u00e9die une chanson \u00e0<br \/>\nson chien d\u00e9c\u00e9d\u00e9<\/strong><\/p>\n<p data-start=\"2292\" data-end=\"2704\">Depuis plus d\u2019une d\u00e9cennie,<br \/>\nl\u2019artiste formait un duo ins\u00e9parable avec sa chienne Mel, qui \u00e9tait<br \/>\ntoujours \u00e0 ses c\u00f4t\u00e9s. \u00ab Elle<br \/>\n\u00e9tait l\u00e0, elle me regardait en studio \u00bb, poursuit-il. Cet<br \/>\namour, <strong>Mika a d\u00e9cid\u00e9 d\u2019en faire une chanson,<\/strong> qui<br \/>\nfigurera dans son nouvel album. Il explique : \u00ab Il n&rsquo;y avait aucun objectif, ce n&rsquo;\u00e9tait pas une<br \/>\nid\u00e9e, ce n&rsquo;\u00e9tait pas une grande id\u00e9e en fait. C&rsquo;\u00e9tait compl\u00e8tement<br \/>\npar hasard \u00bb.<\/p>\n<p data-start=\"2706\" data-end=\"3155\">Et visiblement, son public a<br \/>\nh\u00e2te d\u2019entendre cette nouvelle chanson : \u00ab Ces derniers jours, \u00e9videmment, je suis en train<br \/>\nde promouvoir un petit peu partout l&rsquo;album. Le nombre de gens qui<br \/>\nveulent parler des chiens et ensuite qui parlent de leurs chiens\u2026<br \/>\nJe pense qu&rsquo;on n&rsquo;en parle jamais. On a tous l&rsquo;impression qu&rsquo;on a<br \/>\nhonte de parler de nos chiens, m\u00eame si on aime souvent nos chiens<br \/>\nplus que les personnes \u00bb. Tout le monde a d\u2019ailleurs<br \/>\nacquiesc\u00e9.<\/p>\n","protected":false},"excerpt":{"rendered":"EN BREF Jeudi 22 janvier, Mika \u00e9tait invit\u00e9 sur C \u00e0 Vous pour faire la promotion de son&hellip;\n","protected":false},"author":2,"featured_media":683254,"comment_status":"","ping_status":"","sticky":false,"template":"","format":"standard","meta":{"footnotes":""},"categories":[1355],"tags":[5631,548,58,59,1011,27,45959,1361,873],"class_list":{"0":"post-683253","1":"post","2":"type-post","3":"status-publish","4":"format-standard","5":"has-post-thumbnail","7":"category-musique","8":"tag-anne-elisabeth-lemoine","9":"tag-article-simple","10":"tag-divertissement","11":"tag-entertainment","12":"tag-fr","13":"tag-france","14":"tag-mika","15":"tag-music","16":"tag-musique"},"share_on_mastodon":{"url":"https:\/\/pubeurope.com\/@fr\/115943355490848090","error":""},"_links":{"self":[{"href":"https:\/\/www.europesays.com\/fr\/wp-json\/wp\/v2\/posts\/683253","targetHints":{"allow":["GET"]}}],"collection":[{"href":"https:\/\/www.europesays.com\/fr\/wp-json\/wp\/v2\/posts"}],"about":[{"href":"https:\/\/www.europesays.com\/fr\/wp-json\/wp\/v2\/types\/post"}],"author":[{"embeddable":true,"href":"https:\/\/www.europesays.com\/fr\/wp-json\/wp\/v2\/users\/2"}],"replies":[{"embeddable":true,"href":"https:\/\/www.europesays.com\/fr\/wp-json\/wp\/v2\/comments?post=683253"}],"version-history":[{"count":0,"href":"https:\/\/www.europesays.com\/fr\/wp-json\/wp\/v2\/posts\/683253\/revisions"}],"wp:featuredmedia":[{"embeddable":true,"href":"https:\/\/www.europesays.com\/fr\/wp-json\/wp\/v2\/media\/683254"}],"wp:attachment":[{"href":"https:\/\/www.europesays.com\/fr\/wp-json\/wp\/v2\/media?parent=683253"}],"wp:term":[{"taxonomy":"category","embeddable":true,"href":"https:\/\/www.europesays.com\/fr\/wp-json\/wp\/v2\/categories?post=683253"},{"taxonomy":"post_tag","embeddable":true,"href":"https:\/\/www.europesays.com\/fr\/wp-json\/wp\/v2\/tags?post=683253"}],"curies":[{"name":"wp","href":"https:\/\/api.w.org\/{rel}","templated":true}]}}